{"id":106270,"date":"2026-01-16T09:14:06","date_gmt":"2026-01-16T09:14:06","guid":{"rendered":"https:\/\/www.europesays.com\/lv\/106270\/"},"modified":"2026-01-16T09:14:06","modified_gmt":"2026-01-16T09:14:06","slug":"hokejists-balinskis-ar-nhl-klubu-panthers-viesojas-pie-trampa-apdavina-balta-nama-saimnieku-raksts","status":"publish","type":"post","link":"https:\/\/www.europesays.com\/lv\/106270\/","title":{"rendered":"Hokejists Balinskis ar NHL klubu \u00abPanthers\u00bb viesojas pie Trampa, apd\u0101vina Balt\u0101 nama saimnieku \/ Raksts"},"content":{"rendered":"<p>Latvijas hokeja aizsargs Uvis J\u0101nis Balinskis kop\u0101 ar p\u0113d\u0113jo divu gadu Stenlija kausa ieguv\u0113ju Floridas &#8220;Panthers&#8221; ceturtdien viesoj\u0101s Baltaj\u0101 nam\u0101 pie ASV prezidenta Donalda Trampa.\u00a0<\/p>\n<p>Balinskis iepriek\u0161\u0113j\u0101 sezon\u0101 ar &#8220;Panthers&#8221; komandu k\u013cuva par Stenlija kausa ieguv\u0113ju, Floridas vien\u012bbai Nacion\u0101l\u0101s hokeja l\u012bgas (NHL) fin\u0101ls\u0113rij\u0101 ar 4-2 uzvarot Edmontonas &#8220;Oilers&#8221;. Gadu iepriek\u0161 &#8220;Panthers&#8221; fin\u0101l\u0101 ar\u012b tik\u0101s ar &#8220;Oilers&#8221; un tad bija p\u0101r\u0101ki ar 4-3.\u00a0<\/p>\n<p>\u00a02024. gada Stenlija kausa izc\u012b\u0146\u0101 Balinskis nepiedal\u012bj\u0101s, bet pag\u0101ju\u0161aj\u0101 sezon\u0101 vi\u0146\u0161 aizvad\u012bja piecas &#8220;play off&#8221; sp\u0113les un guva vienus v\u0101rtus, bet regul\u0101raj\u0101 \u010dempion\u0101t\u0101 76 ma\u010dos iekr\u0101ja 18 (4+14) punktus un vi\u0146a v\u0101rds uz Stenlija kausa tika iegrav\u0113ts.\u00a0<\/p>\n<p>&#8220;M\u0113s negras\u0101mies apst\u0101ties,&#8221; ar t\u0101du saukli Baltaj\u0101 nam\u0101 ceturtdien ierad\u0101s &#8220;Panthers&#8221;, kas prezidentam uzd\u0101vin\u0101ja komandas kreklu ar 47.\u00a0numuru, zelta n\u016bju un p\u0113d\u0113jo divu sezonu \u010dempionu gredzenus.\u00a0<\/p>\n<p>Donalds Tramps Baltaj\u0101 nam\u0101 uz\u0146em NHL \u010dempionus\u00a0<\/p>\n<p>Zieme\u013camerikas profesion\u0101lo l\u012bgu uzvar\u0113t\u0101ji ierasti viesojas Baltaj\u0101 nam\u0101 pie ASV prezidenta.<\/p>\n<p>&#8220;Panthers&#8221; \u0161\u012b sezona vair\u0101ku savainoto l\u012bderu d\u0113\u013c nav izv\u0113rtusies p\u0101r\u0101k sekm\u012bga, un komanda ar 51 punktu 45 sp\u0113l\u0113s ie\u0146em 12. poz\u012bciju Austrumu konferenc\u0113.<\/p>\n<p>N\u0101kamo ma\u010du Floridas vien\u012bba, kur\u0101 \u0161osezon debit\u0113ja ar\u012b uzbruc\u0113js Sandis Vilmanis, aizvad\u012bs nakt\u012b uz sestdienu p\u0113c Latvijas laika, izbraukum\u0101 tikoties ar Karol\u012bnas &#8220;Hurricanes&#8221; hokejistiem.<\/p>\n<p>                    Valodas k\u013c\u016bda rakst\u0101?<\/p>\n<p class=\"d-none d-md-block\">Iez\u012bm\u0113jiet tekstu un spiediet Ctrl+Enter, lai nos\u016bt\u012btu labojamo teksta fragmentu redaktoram! Par faktu k\u013c\u016bd\u0101m l\u016bdzam zi\u0146ot e-past\u0101 <a href=\"https:\/\/www.lsm.lv\/cdn-cgi\/l\/email-protection\" class=\"__cf_email__\" data-cfemail=\"afddcacbcec4ccc6c5ceefc3dcc281c3d9\" rel=\"nofollow noopener\" target=\"_blank\">[email\u00a0protected]<\/a>.<\/p>\n<p class=\"d-md-none\">Iez\u012bm\u0113jiet tekstu un spiediet uz Zi\u0146ot par k\u013c\u016bdu pogas, lai nos\u016bt\u012btu labojamo teksta fragmentu redaktoram!<\/p>\n<p>\n                    Zi\u0146ot par k\u013c\u016bdu\n                <\/p>\n","protected":false},"excerpt":{"rendered":"Latvijas hokeja aizsargs Uvis J\u0101nis Balinskis kop\u0101 ar p\u0113d\u0113jo divu gadu Stenlija kausa ieguv\u0113ju Floridas &#8220;Panthers&#8221; ceturtdien viesoj\u0101s&hellip;\n","protected":false},"author":2,"featured_media":106271,"comment_status":"","ping_status":"","sticky":false,"template":"","format":"standard","meta":{"footnotes":""},"categories":[17],"tags":[35,39,38,36,37,34,40,67],"class_list":{"0":"post-106270","1":"post","2":"type-post","3":"status-publish","4":"format-standard","5":"has-post-thumbnail","7":"category-sports","8":"tag-latvia","9":"tag-latvian","10":"tag-latviesu","11":"tag-latviesu-valoda","12":"tag-latviesuvaloda","13":"tag-latvija","14":"tag-lv","15":"tag-sports"},"share_on_mastodon":{"url":"https:\/\/pubeurope.com\/@lv\/115904018015059447","error":""},"_links":{"self":[{"href":"https:\/\/www.europesays.com\/lv\/wp-json\/wp\/v2\/posts\/106270","targetHints":{"allow":["GET"]}}],"collection":[{"href":"https:\/\/www.europesays.com\/lv\/wp-json\/wp\/v2\/posts"}],"about":[{"href":"https:\/\/www.europesays.com\/lv\/wp-json\/wp\/v2\/types\/post"}],"author":[{"embeddable":true,"href":"https:\/\/www.europesays.com\/lv\/wp-json\/wp\/v2\/users\/2"}],"replies":[{"embeddable":true,"href":"https:\/\/www.europesays.com\/lv\/wp-json\/wp\/v2\/comments?post=106270"}],"version-history":[{"count":0,"href":"https:\/\/www.europesays.com\/lv\/wp-json\/wp\/v2\/posts\/106270\/revisions"}],"wp:featuredmedia":[{"embeddable":true,"href":"https:\/\/www.europesays.com\/lv\/wp-json\/wp\/v2\/media\/106271"}],"wp:attachment":[{"href":"https:\/\/www.europesays.com\/lv\/wp-json\/wp\/v2\/media?parent=106270"}],"wp:term":[{"taxonomy":"category","embeddable":true,"href":"https:\/\/www.europesays.com\/lv\/wp-json\/wp\/v2\/categories?post=106270"},{"taxonomy":"post_tag","embeddable":true,"href":"https:\/\/www.europesays.com\/lv\/wp-json\/wp\/v2\/tags?post=106270"}],"curies":[{"name":"wp","href":"https:\/\/api.w.org\/{rel}","templated":true}]}}