{"id":106272,"date":"2026-01-16T09:17:11","date_gmt":"2026-01-16T09:17:11","guid":{"rendered":"https:\/\/www.europesays.com\/lv\/106272\/"},"modified":"2026-01-16T09:17:11","modified_gmt":"2026-01-16T09:17:11","slug":"vike-freiberga-un-ikstenas-masa-krapnieku-del-nonak-nepatikama-situacija-esiet-modri-santa","status":"publish","type":"post","link":"https:\/\/www.europesays.com\/lv\/106272\/","title":{"rendered":"V\u012b\u0137e-Freiberga un Ikstenas m\u0101sa kr\u0101pnieku d\u0113\u013c non\u0101k nepat\u012bkam\u0101 situ\u0101cij\u0101. Esiet modri! \u2014 Santa"},"content":{"rendered":"<p>\u00abP\u0113d\u0113j\u0101s dien\u0101s soci\u0101lajos t\u012bklos par\u0101d\u012bju\u0161ies viltus ieraksti un rekl\u0101mas, kas izmanto Imanta Freiberga v\u0101rdu un fotogr\u0101fijas, lai maldin\u0101tu cilv\u0113kus un izkr\u0101ptu l\u012bdzek\u013cus\u00bb. Br\u012bdina eksprezidente Vaira V\u012b\u0137e-Freiberga, kura pirms ned\u0113\u013cas p\u0113d\u0113j\u0101 ce\u013c\u0101 pavad\u012bjusi savu m\u012b\u013coto v\u012bru.<\/p>\n<blockquote><p>&#13;<\/p>\n<p>\u00ab\u0160ie ieraksti ir nepatiesi, m\u016bsu \u0123imenei ar tiem nav nek\u0101das saist\u012bbas, un l\u016bdzam tos neizplat\u012bt un neveikt nek\u0101dus maks\u0101jumus,\u00bb piekodina vi\u0146a.<\/p>\n<p>&#13;\n<\/p><\/blockquote>\n<p>Pirms Imanta Freiberga atvad\u0101m \u0123imene aicin\u0101ja ziedu un vainagu viet\u0101 godin\u0101t eksprezidentes v\u012bru ar ziedojumiem talant\u012bgu jaunie\u0161u no tr\u016bc\u012bg\u0101m \u0123imen\u0113m atbalstam. \u0160o aicin\u0101jumu neliet\u012bgi izmantoju\u0161i kr\u0101pnieki, kas t\u012bko p\u0113c ziedot\u0101ju naudas.<\/p>\n<p>\u00abJa k\u0101ds v\u0113las godin\u0101t Imanta Freiberga piemi\u0146u, vien\u012bg\u0101 ofici\u0101l\u0101 iesp\u0113ja to dar\u012bt ir ar V\u012btola fonda starpniec\u012bbu,\u00bb atg\u0101dina Vaira V\u012b\u0137e-Freiberga.<\/p>\n<p>        <img decoding=\"async\" class=\"no-convert\" alt=\"\" data-init=\"lazy-image\" src=\"https:\/\/www.europesays.com\/lv\/wp-content\/uploads\/2026\/01\/1768555028_812_b57e13b5695d.jpg\"\/><a target=\"_self\" href=\"https:\/\/www.santa.lv\/raksts\/personibas\/foto-doma-baznica-eksprezidente-vike-freiberga-un-daudz-prominencu-atvadas-no-imanta-freiberga-80123\/\" aria-label=\"FOTO: Doma bazn\u012bc\u0101 eksprezidente V\u012b\u0137e-Freiberga un daudz prominen\u010du atvad\u0101s no Imanta Freiberga\" rel=\"nofollow noopener\"><\/p>\n<p>Marta Kalni\u0146a<\/p>\n<p><img decoding=\"async\" class=\"no-convert\" alt=\"\" data-init=\"lazy-image\" src=\"https:\/\/www.europesays.com\/lv\/wp-content\/uploads\/2026\/01\/cea5cdb0f68f.jpg\"\/><a target=\"_self\" href=\"https:\/\/www.santa.lv\/raksts\/personibas\/mes-nespejam-palidzet-ikstenas-masa-atklaj-kada-bija-rakstnieces-dzives-izskana-80125\/\" aria-label=\"\u00abM\u0113s nesp\u0113j\u0101m pal\u012bdz\u0113t\u2026\u00bb Ikstenas m\u0101sa atkl\u0101j, k\u0101da bija rakstnieces dz\u012bves izska\u0146a\" rel=\"nofollow noopener\"><\/p>\n<p>Evija Kalnb\u0113rza<\/p>\n<p><img decoding=\"async\" class=\"no-convert\" alt=\"\" data-init=\"lazy-image\" src=\"https:\/\/www.europesays.com\/lv\/wp-content\/uploads\/2026\/01\/1c5dfd1296d0.jpg\"\/><a target=\"_self\" href=\"https:\/\/www.santa.lv\/raksts\/personibas\/ikstenas-bijusais-virs-beridze-ar-emocionalu-vestijumu-atvadas-no-rakstnieces-80046\/\" aria-label=\"Ikstenas biju\u0161ais v\u012brs Beridze ar emocion\u0101lu v\u0113st\u012bjumu atvad\u0101s no rakstnieces\" rel=\"nofollow noopener\"><\/p>\n<p>Marta Kalni\u0146a<\/p>\n<p>\u00abL\u016bdzam par \u0161iem kr\u0101pnieciskajiem ierakstiem zi\u0146ot Facebook un blo\u0137\u0113t profilus, kas tos izplata. Paldies par sapratni un atbalstu \u0161aj\u0101 laik\u0101,\u00bb t\u0101 eksprezidente.<\/p>\n<p>L\u012bdz\u012bg\u0101 situ\u0101cij\u0101 non\u0101kusi ar\u012b janv\u0101r\u012b miru\u0161\u0101s rakstnieces Noras Ikstenas \u0123imene. Ikstenas fotogr\u0101fijas tiek izmantotas maldino\u0161os nol\u016bkos. \u00abEs pievienojos br\u012bdin\u0101jumam!\u00bb ar Vairas V\u012b\u0137es-Freibergas ierakstu Facebook dal\u012bjusies rakstnieces m\u0101sa Indra Rubene-Vilipsone. \u00a0\u00a0<\/p>\n","protected":false},"excerpt":{"rendered":"\u00abP\u0113d\u0113j\u0101s dien\u0101s soci\u0101lajos t\u012bklos par\u0101d\u012bju\u0161ies viltus ieraksti un rekl\u0101mas, kas izmanto Imanta Freiberga v\u0101rdu un fotogr\u0101fijas, lai maldin\u0101tu&hellip;\n","protected":false},"author":2,"featured_media":106273,"comment_status":"","ping_status":"","sticky":false,"template":"","format":"standard","meta":{"footnotes":""},"categories":[12],"tags":[23,28,29,32,33,22,30,31,35,39,38,36,37,34,40,20,26,27,24,25,21],"class_list":{"0":"post-106272","1":"post","2":"type-post","3":"status-publish","4":"format-standard","5":"has-post-thumbnail","7":"category-latvija","8":"tag-aktualitates","9":"tag-breaking-news","10":"tag-breakingnews","11":"tag-featured-news","12":"tag-featurednews","13":"tag-headlines","14":"tag-latest-news","15":"tag-latestnews","16":"tag-latvia","17":"tag-latvian","18":"tag-latviesu","19":"tag-latviesu-valoda","20":"tag-latviesuvaloda","21":"tag-latvija","22":"tag-lv","23":"tag-news","24":"tag-popularakas-zinas","25":"tag-popularakaszinas","26":"tag-top-stories","27":"tag-topstories","28":"tag-zinas"},"share_on_mastodon":{"url":"https:\/\/pubeurope.com\/@lv\/115904029857459678","error":""},"_links":{"self":[{"href":"https:\/\/www.europesays.com\/lv\/wp-json\/wp\/v2\/posts\/106272","targetHints":{"allow":["GET"]}}],"collection":[{"href":"https:\/\/www.europesays.com\/lv\/wp-json\/wp\/v2\/posts"}],"about":[{"href":"https:\/\/www.europesays.com\/lv\/wp-json\/wp\/v2\/types\/post"}],"author":[{"embeddable":true,"href":"https:\/\/www.europesays.com\/lv\/wp-json\/wp\/v2\/users\/2"}],"replies":[{"embeddable":true,"href":"https:\/\/www.europesays.com\/lv\/wp-json\/wp\/v2\/comments?post=106272"}],"version-history":[{"count":0,"href":"https:\/\/www.europesays.com\/lv\/wp-json\/wp\/v2\/posts\/106272\/revisions"}],"wp:featuredmedia":[{"embeddable":true,"href":"https:\/\/www.europesays.com\/lv\/wp-json\/wp\/v2\/media\/106273"}],"wp:attachment":[{"href":"https:\/\/www.europesays.com\/lv\/wp-json\/wp\/v2\/media?parent=106272"}],"wp:term":[{"taxonomy":"category","embeddable":true,"href":"https:\/\/www.europesays.com\/lv\/wp-json\/wp\/v2\/categories?post=106272"},{"taxonomy":"post_tag","embeddable":true,"href":"https:\/\/www.europesays.com\/lv\/wp-json\/wp\/v2\/tags?post=106272"}],"curies":[{"name":"wp","href":"https:\/\/api.w.org\/{rel}","templated":true}]}}