{"id":106274,"date":"2026-01-16T09:19:11","date_gmt":"2026-01-16T09:19:11","guid":{"rendered":"https:\/\/www.europesays.com\/lv\/106274\/"},"modified":"2026-01-16T09:19:11","modified_gmt":"2026-01-16T09:19:11","slug":"aija-andrejeva-atzime-40-dzimsanas-dienu-koncerti-un-pardomas","status":"publish","type":"post","link":"https:\/\/www.europesays.com\/lv\/106274\/","title":{"rendered":"Aija Andrejeva atz\u012bm\u0113 40. dzim\u0161anas dienu: Koncerti un p\u0101rdomas"},"content":{"rendered":"<p class=\"descr\">\u201cGribu tic\u0113t, ka esam stipri sav\u0101 p\u0101rliec\u012bb\u0101 par to, kas m\u0113s esam. Gribu tic\u0113t, ka m\u016bsu tic\u012bba sev k\u0101 tautai ir pietiekami sp\u0113c\u012bga, lai m\u016bs nesalauztu, lai m\u016bs nevar\u0113tu viegli sa\u0161\u0137elt vai nov\u0113rst no t\u0101, kas paties\u012bb\u0101 ir b\u016btisks,\u201d saka popul\u0101r\u0101 dzied\u0101t\u0101ja Aija Andrejeva.<\/p>\n<blockquote><p>\u0160odien. 16. janv\u0101r\u012b, vi\u0146u sirsn\u012bgi sveicam 40. dzim\u0161anas dien\u0101!<\/p><\/blockquote>\n<p> Kaimi\u0146zem\u0113 kop\u0101 ar v\u012bru  <img decoding=\"async\" style=\"max-width: 600px;\" src=\"https:\/\/www.europesays.com\/lv\/wp-content\/uploads\/2026\/01\/784615_58df241b43.jpg\" alt=\"\"\/> <\/p>\n<p class=\"descr-author\">Foto: Liene P\u0113tersone<\/p>\n<p>\u0160ogad dzied\u0101t\u0101jas dzim\u0161anas diena paies cit\u0101di nek\u0101 ierasts. T\u0101 sakritusi ar laiku, kad vi\u0146as v\u012brs, m\u016bzi\u0137is <a href=\"https:\/\/nra.lv\/birka\/janis-aispurs\/\" rel=\"nofollow noopener\" target=\"_blank\">J\u0101nis Ai\u0161purs<\/a> kop\u0101 ar grupu \u201cThe Sound Poets\u201d Tallin\u0101 str\u0101d\u0101 pie jauna albuma. T\u0101 k\u0101 J\u0101nis visu ned\u0113\u013cu uzturas Igaunijas galvaspils\u0113t\u0101, <a href=\"https:\/\/nra.lv\/birka\/aija-andrejeva\/\" rel=\"nofollow noopener\" target=\"_blank\">Aija<\/a> nol\u0113musi pievienoties uz ned\u0113\u013cas nogali un nedaudz padz\u012bvoties pa kaimi\u0146zemi.<\/p>\n<p>Parasti dzied\u0101t\u0101ja sav\u0101 dzim\u0161anas dien\u0101 ir m\u0101j\u0101s, un tuv\u0101kie cilv\u0113ki jau zina &#8211; var n\u0101kt, \u012bpa\u0161i nebr\u012bdinot. Jo jubil\u0101re noteikti b\u016bs sagatavojusi la\u0161maiz\u012btes, sagriezusi rasolu un sag\u0101d\u0101jusi ar\u012b \u0161ampanieti. Tad visi draudz\u012bgi saspie\u017eas mazaj\u0101 virtuv\u012bt\u0113, un Aija alla\u017e ar smaidu br\u012bn\u0101s, cik daudz cilv\u0113ku t\u0101 sp\u0113j uz\u0146emt.<\/p>\n<p>Lai ar\u012b \u0161ogad svinams apa\u013c\u0161 cipars, un draugi jaut\u0101, k\u0101 tas tiks atz\u012bm\u0113ts, jubil\u0101re atz\u012bst &#8211; p\u0113c intens\u012bv\u0101s koncertu sezonas gada nogal\u0113 nav bijis ne laika, ne ener\u0123ijas par liel\u0101m svin\u012bb\u0101m dom\u0101t. Tom\u0113r doma par ball\u012bti ar draugiem nav atmesta pavisam &#8211; iesp\u0113jams, t\u0101 notiks v\u0113l\u0101k.<\/p>\n<blockquote><p>\u201cBet tie, kuri \u013coti v\u0113las svin\u0113t tagad, ir aicin\u0101ti uz Tallinu. Zinu, ka p\u0101ris \u201c\u010domi\u0146u\u201d mums ar\u012b pievienosies, un tas ir \u013coti for\u0161i!\u201d<\/p><\/blockquote>\n<p> Vislab\u0101k, k\u0101 jebkad  <img decoding=\"async\" style=\"max-width: 600px;\" src=\"https:\/\/www.europesays.com\/lv\/wp-content\/uploads\/2026\/01\/784616_684e6b937b.jpg\" alt=\"\"\/> <\/p>\n<p class=\"descr-author\">Aija un J\u0101nis \u0145ujork\u0101, viesn\u012bc\u0101 &#8220;Plaza&#8221;, kur tika uz\u0146emta sp\u0113lfilma &#8220;Vienspats m\u0101j\u0101s 2&#8221;. \/ Foto no Aijas Andrejevas personisk\u0101 arh\u012bva<\/p>\n<p>\u010cetrdesmit gadu &#8211; vai tas ir daudz? Aija atz\u012bst, ka nav v\u0113l\u0113jusies par to dom\u0101t, tom\u0113r \u0101r\u0113j\u0101 pasaule neizb\u0113gami mudina apst\u0101ties un aizdom\u0101ties.<\/p>\n<blockquote><p>\u201cZini, kad es patie\u0161\u0101m apst\u0101jos un padom\u0101ju, saprotu &#8211; j\u0101, \u010detrdesmit paties\u012bb\u0101 ir jau pusm\u016b\u017es. T\u0101da joc\u012bga saj\u016bta ir.<\/p><\/blockquote>\n<p>  <img decoding=\"async\" style=\"max-width: 600px;\" src=\"https:\/\/www.europesays.com\/lv\/wp-content\/uploads\/2026\/01\/784637_254c1eb9cc.jpg\" alt=\"\"\/> <\/p>\n<p class=\"descr-author\">Aija un J\u0101nis pie Tad\u017emah\u0101la Indijas pils\u0113t\u0101 Agr\u0101.  \/ Foto no Aijas Andrejevas personisk\u0101 arh\u012bva<\/p>\n<blockquote><p>Bet taj\u0101 pa\u0161\u0101 laik\u0101 tie\u0161i \u0161obr\u012bd es j\u016btos vislab\u0101k, k\u0101 jebkad sav\u0101 dz\u012bv\u0113! Stabil\u0101ka un p\u0101rliecin\u0101t\u0101ka nek\u0101 agr\u0101k,\u201d saka dzied\u0101t\u0101ja.<\/p><\/blockquote>\n<p>Vi\u0146a uzsver, ka katrs dz\u012bves posms ir bijis ar savu skaistumu &#8211; interesants, aizraujo\u0161s, transform\u0113jo\u0161s, ar liel\u0101kiem un maz\u0101kiem kre\u0146\u0137iem, ar ska\u013c\u0101k\u0101m un klus\u0101k\u0101m uzvar\u0101m. Nekas no piedz\u012bvot\u0101 nav bijis lieks, un par noieto ce\u013cu vi\u0146a j\u016btas patiesi priec\u012bga.<\/p>\n<p>  <img decoding=\"async\" style=\"max-width: 600px;\" src=\"https:\/\/www.europesays.com\/lv\/wp-content\/uploads\/2026\/01\/784618_e0e0d1b01b.jpg\" alt=\"\"\/> <\/p>\n<p class=\"descr-author\">Aija un J\u0101nis Indij\u0101, nejau\u0161i iek\u013cuvu\u0161i Bolivudas film\u0113\u0161anas laukum\u0101. \/ Foto no Aijas Andrejevas personisk\u0101 arh\u012bva<\/p>\n<p>Aija pasmaida, atceroties, ka daudzi vi\u0146ai teiku\u0161i &#8211; Me\u017e\u0101\u017ei s\u0101k dz\u012bvot p\u0113c \u010detrdesmit. Un, iesp\u0113jams, taj\u0101 ir da\u013ca paties\u012bbas.<\/p>\n<blockquote><p>Jo \u0161obr\u012bd vi\u0146a tie\u0161\u0101m labi j\u016btas sav\u0101 \u0137ermen\u012b, sav\u0101 rado\u0161aj\u0101 pasaul\u0113, un ar cilv\u0113kiem, kuri ir l\u012bdz\u0101s dz\u012bves b\u016btisk\u0101kajos mirk\u013cos. Ir saj\u016bta, ka viss ir sav\u0101s viet\u0101s.<\/p><\/blockquote>\n<p>T\u0101das ir vi\u0146as p\u0101rdomas, p\u0101rk\u0101pjot 40 gadu slieksni. \u201cIr j\u0101dz\u012bvo t\u0101l\u0101k! Vienk\u0101r\u0161i &#8211; j\u0101dz\u012bvo,\u201d vi\u0146a saka.<\/p>\n<p> Tr\u012bs \u201cTagadnes\u201d papildkoncerti  <img decoding=\"async\" style=\"max-width: 600px;\" src=\"https:\/\/www.europesays.com\/lv\/wp-content\/uploads\/2026\/01\/784628_ea993f6d19.jpg\" alt=\"\"\/> <\/p>\n<p class=\"descr-author\">Foto: Valters Pelns<\/p>\n<p>Atz\u012bm\u0113jot 20 gadus uz skatuves, Aija Andrejeva pag\u0101ju\u0161aj\u0101 ruden\u012b aicin\u0101ja klaus\u012bt\u0101jus uz \u012bpa\u0161u koncerts\u0113riju \u201cTagadne\u201d. Tie bija koncerti-sv\u0113tki, muzik\u0101ls ce\u013cojums cauri laikiem &#8211; no pirmajiem so\u013ciem uz skatuves l\u012bdz m\u016bsdien\u0101m, akcent\u0113jot gan jauno, gan klaus\u012bt\u0101ju jau iem\u012b\u013coto repertu\u0101ru.<\/p>\n<blockquote><p>\u201cMan tie bija \u013coti \u012bpa\u0161i koncerti. Bija \u0101rk\u0101rt\u012bgi liels prieks, ka var\u0113j\u0101m satikties un ka cilv\u0113kiem patika.<\/p><\/blockquote>\n<p>Es to patiesi izbaud\u012bju &#8211; paties\u012bb\u0101 t\u0101 ir \u013coti liela laime,\u201d saka dzied\u0101t\u0101ja, kura 20 gadu laik\u0101 ir k\u013cuvusi par vienu no spilgt\u0101kaj\u0101m un daudzpus\u012bg\u0101kaj\u0101m person\u012bb\u0101m uz Latvijas m\u016bzikas skatuves.<\/p>\n<p>  <img decoding=\"async\" style=\"max-width: 600px;\" src=\"https:\/\/www.europesays.com\/lv\/wp-content\/uploads\/2026\/01\/784613_1e00c5d934.jpg\" alt=\"\"\/> <\/p>\n<p class=\"descr-author\">Publicit\u0101tes foto<\/p>\n<p>Vi\u0146a nesl\u0113pj, ka koncertu t\u016bre pras\u012bja daudz sp\u0113ka un ener\u0123ijas, ta\u010du vienlaikus ar\u012b \u013coti daudz deva. Tie\u0161i skat\u012bt\u0101ju piepras\u012bjuma d\u0113\u013c janv\u0101r\u012b un febru\u0101r\u012b izsludin\u0101ti tr\u012bs papildkoncerti:<\/p>\n<p>&#8211; 22. janv\u0101r\u012b R\u012bg\u0101, VEF Kult\u016bras pil\u012b,<\/p>\n<p>&#8211; 29. janv\u0101r\u012b &#8211; Ulbrok\u0101, Kult\u016bras centr\u0101 \u201cUlbrokas p\u0113rle\u201d,<\/p>\n<p>&#8211; 1. febru\u0101r\u012b &#8211; C\u0113s\u012bs, Koncertz\u0101l\u0113 \u201cC\u0113sis\u201d.<\/p>\n<p>  <img decoding=\"async\" style=\"max-width: 600px;\" src=\"https:\/\/www.europesays.com\/lv\/wp-content\/uploads\/2026\/01\/784627_7814933927.jpg\" alt=\"\"\/> <\/p>\n<p class=\"descr-author\">Foto: Valters Pelns<\/p>\n<p>\u201c\u0160os koncertus gaidu ar prieku un sv\u0113tku saj\u016btu,\u201d atz\u012bst Aija. Tajos skan\u0113s dziesmas no p\u0113rn mart\u0101 izdot\u0101 albuma \u201cTagadne\u201d, k\u0101 ar\u012b klaus\u012bt\u0101ju iem\u012b\u013cotie h\u012bti no iepriek\u0161\u0113jiem Aijas lieldarbiem \u201cTu un es\u201d, \u201cEs ie\u0161u t\u0101l\u0101k\u201d, \u201cBl\u0113\u0146as\u201d un citi.<\/p>\n<p>  <img decoding=\"async\" style=\"max-width: 600px;\" src=\"https:\/\/www.europesays.com\/lv\/wp-content\/uploads\/2026\/01\/784635_70382da71a.jpg\" alt=\"\"\/> <\/p>\n<p class=\"descr-author\">Aija un J\u0101nis It\u0101lij\u0101. \/ Foto no Aijas Andrejevas personisk\u0101 arh\u012bva<\/p>\n<blockquote><p>P\u0113c \u0161iem koncertiem Aija kop\u0101 ar J\u0101ni dosies uz Argent\u012bnu &#8211; uz vietu, kur vi\u0146a v\u0113l nekad nav bijusi, lai gan tas jau sen bijis viens no sap\u0146u galam\u0113r\u0137iem.<\/p><\/blockquote>\n<p>Gandr\u012bz m\u0113nesi ilgais ce\u013cojums iecer\u0113ts k\u0101 atp\u016bta pie dabas, kalnos, bet ne tikai. Protams, tiks izbaud\u012bta ar\u012b Argent\u012bnas noska\u0146a &#8211; tango, v\u012bns un saj\u016bta, ka laiks uz br\u012bdi var pl\u016bst cit\u0101di.<\/p>\n<p>Savuk\u0101rt jau 21. mart\u0101 dzied\u0101t\u0101ja atkal b\u016bs \u201cTagadn\u0113\u201d &#8211; uz skatuves koncert\u0101 Slampes Kult\u016bras pil\u012b.<\/p>\n<p> Svin\u0113t ikdien\u012bbu  <img decoding=\"async\" style=\"max-width: 600px;\" src=\"https:\/\/www.europesays.com\/lv\/wp-content\/uploads\/2026\/01\/784631_a7f7286dda.jpg\" alt=\"\"\/> <\/p>\n<p class=\"descr-author\">Publicit\u0101tes foto<\/p>\n<p>V\u0113l pirms tam, 6. mart\u0101, pulksten 18.00 Aija k\u0101ps uz M\u016bzikas nama \u201cDaile\u201d skatuves, kur gaid\u0101ma koncertuzveduma \u201cZiedonis. L\u0101cis. Epif\u0101nijas\u201d pirmizr\u0101de.<\/p>\n<blockquote><p>Ziedo\u0146a epif\u0101nijas K\u0101r\u013ca L\u0101\u010da m\u016bzik\u0101, Aijas Andrejevas, Aminatas Grietas Diarras un Aijas V\u012btoli\u0146as dzied\u0101jum\u0101, Ai\u0146a Zavacka perkusij\u0101s un Kaspara Znoti\u0146a las\u012bjum\u0101.<\/p><\/blockquote>\n<p>\u201cImants Ziedonis skaidro, ka epif\u0101nijas ir mazi impulsi, mazi uzliesmojumi, kuru gaism\u0101 da\u017ei br\u012b\u017ei dz\u012bv\u0113 izgaismojas sevi\u0161\u0137i spilgti. K\u0101rlis L\u0101cis tos iet\u0113rpis m\u016bzikas valod\u0101. \u201cZiedonis. L\u0101cis. Epif\u0101nijas\u201d ir notikums, kur aicin\u0101m cilv\u0113kus svin\u0113t ikdien\u012bbu un saredz\u0113t taj\u0101 spilgto un \u012bpa\u0161o!\u201d saka re\u017eisore El\u012bna Gedi\u0146a. N\u0101kamais koncertuzvedums: 29. mart\u0101 pulksten 13.00.<\/p>\n<p> 1991. gada barik\u0101\u017eu emocijas  <img decoding=\"async\" style=\"max-width: 600px;\" src=\"https:\/\/www.europesays.com\/lv\/wp-content\/uploads\/2026\/01\/784633_d206c69651.jpg\" alt=\"\"\/> <\/p>\n<p class=\"descr-author\">Publicit\u0101tes foto<\/p>\n<p>\u0160oned\u0113\u013c, kad vis\u0101 Latvij\u0101 norisin\u0101s <a href=\"https:\/\/nra.lv\/birka\/1991-gada-barikades\/\" rel=\"nofollow noopener\" target=\"_blank\">1991. gada barik\u0101\u017eu<\/a> 35. atceres gadadienas pas\u0101kumi, Aija \u013coti daudz dom\u0101 par to, kas notiek pasaul\u0113. \u0160\u012bs p\u0101rdomas ir v\u0113l jo sp\u0113c\u012bg\u0101kas t\u0101p\u0113c, ka 20. janv\u0101r\u012b vi\u0146a aicin\u0101ta piedal\u012bties koncertuzvedum\u0101 \u201cAr dzi\u013cuma sp\u0113ku\u201d R\u012bgas Dom\u0101.<\/p>\n<p>Koncertuzvedums st\u0101st\u012bs par 1991. gada janv\u0101ra 14 dien\u0101m jeb \u201cBarik\u0101\u017eu laiku\u201d, po\u0113tiski spogu\u013cojot t\u0101 noz\u012bm\u012bg\u0101k\u0101s epizodes un restaur\u0113jot t\u0101 laika emocijas.<\/p>\n<blockquote><p>Tas b\u016bs st\u0101sts par m\u016bsu apzi\u0146as ce\u013cu &#8211; no bail\u0113m, \u0161aub\u0101m un nezi\u0146as l\u012bdz sp\u012btam, sp\u0113kam un tic\u012bbai sev un Latvijai.<\/p><\/blockquote>\n<p>Programm\u0101 skan\u0113s korm\u016bzika, solo dziesmas, m\u016bzika \u0113r\u0123el\u0113m. Uz skatuves b\u016bs ar\u012b R\u012bgas Doma meite\u0146u koris \u201cTiara\u201d, VEF Kult\u016bras pils sievie\u0161u koris \u201cDzintars\u201d, diri\u0123ente Aira Birzi\u0146a, solists J\u0101nis Ai\u0161purs, m\u016bzi\u0137i Di\u0101na Jaunzeme-Portnaja (\u0113r\u0123eles), Edgars Tom\u0161evics (klavieres), Indulis Cinti\u0146\u0161 (vijole), Laima Jansone (kokle), Valdis Zilveris (akordeons), aktieri Baiba Broka un Gerds Lapo\u0161ka. Koncertuzveduma ilgums &#8211; aptuveni 1 stunda. Ieeja pas\u0101kum\u0101 bez maksas.<\/p>\n<p>\u201cEs dzied\u0101\u0161u Imanta Kalni\u0146a un Leon\u012bda Breik\u0161a \u201cL\u016bg\u0161anu\u201d &#8211; dziesmu, ko tolaik izpild\u012bja Ieva Akur\u0101tere. T\u0101 man ir \u013coti liela atbild\u012bba &#8211; gan autoru un Ievi\u0146as priek\u0161\u0101, gan ar\u012b t\u0101p\u0113c, ka \u0161\u012b dziesma tik \u013coti attiecas uz \u0161odienu\u2026\u201d saka Aija.<\/p>\n<p>Barik\u0101\u017eu laik\u0101 vi\u0146ai bija pieci gadi, ta\u010du atmi\u0146\u0101 joproj\u0101m spilgti palicis m\u0101j\u0101s valdo\u0161ais satraukums. \u201cAtceros, ka telev\u012bzij\u0101 r\u0101d\u012bja R\u012bg\u0101 notieko\u0161o, un es \u013coti uztraucos, kad t\u0113tis brauca uz R\u012bgu &#8211; baid\u012bjos, ka ar vi\u0146u kaut kas nenotiks\u2026 Man k\u0101 b\u0113rnam tas bija \u013coti satrauco\u0161s laiks,\u201d vi\u0146a atceras.<\/p>\n<p> Dod mums vienpr\u0101t\u012bbu, t\u0113vs  <img decoding=\"async\" style=\"max-width: 600px;\" src=\"https:\/\/www.europesays.com\/lv\/wp-content\/uploads\/2026\/01\/784634_ddce6dd1f4.jpg\" alt=\"\"\/> <\/p>\n<p class=\"descr-author\">Foto: Liene P\u0113tersone<\/p>\n<p>\u201cM\u0113s varam b\u016bt \u0101rk\u0101rt\u012bgi laim\u012bgi, ka dz\u012bvojam sav\u0101 valst\u012b &#8211; ar savu karogu un savu valodu, kur\u0101 dom\u0101jam un run\u0101jam. Ta\u010du vienlaikus ir svar\u012bgi apzin\u0101ties, ka tas nav pa\u0161saprotami. Es gribu tic\u0113t labajam. Gribu tic\u0113t, ka esam stipri sav\u0101 p\u0101rliec\u012bb\u0101 par to, kas m\u0113s esam. Gribu tic\u0113t, ka m\u016bsu tic\u012bba sev k\u0101 tautai ir pietiekami sp\u0113c\u012bga, lai m\u016bs nesalauztu, lai m\u016bs nevar\u0113tu viegli sa\u0161\u0137elt vai nov\u0113rst no t\u0101, kas paties\u012bb\u0101 ir b\u016btisks.<\/p>\n<blockquote><p>Lai pret nezin\u0101miem laikiem cauri m\u016b\u017eiem ejam m\u0113s,\/ Dod mums sp\u0113ku, dod mums drosmi, dod mums vienpr\u0101t\u012bbu, T\u0113vs! <\/p><\/blockquote>\n<p>T\u0101 sav\u0101 \u201cL\u016bg\u0161an\u0101\u201d raksta Leon\u012bds Breik\u0161s. Un to mums visiem ar\u012b nov\u0113lu.\u201d<\/p>\n<p>Bet dzim\u0161anas dien\u0101 Aijai nov\u0113liet stipru vesel\u012bbu &#8211; gan fizisko, gan ment\u0101lo. Un dz\u012bvesprieku. \u201cTo es ar\u012b citiem nov\u0113lu &#8211; lai vesel\u0101 mies\u0101 ir vesels gars, un lai ir prieks!\u201d<\/p>\n<p>Vair\u0101k rakstu par jubil\u0101riem <a href=\"https:\/\/nra.lv\/birka\/jubilars\/\" rel=\"nofollow noopener\" target=\"_blank\">\u0161eit.<\/a><\/p>\n","protected":false},"excerpt":{"rendered":"\u201cGribu tic\u0113t, ka esam stipri sav\u0101 p\u0101rliec\u012bb\u0101 par to, kas m\u0113s esam. Gribu tic\u0113t, ka m\u016bsu tic\u012bba sev&hellip;\n","protected":false},"author":2,"featured_media":106275,"comment_status":"","ping_status":"","sticky":false,"template":"","format":"standard","meta":{"footnotes":""},"categories":[19],"tags":[89,90,35,39,38,36,37,34,40],"class_list":{"0":"post-106274","1":"post","2":"type-post","3":"status-publish","4":"format-standard","5":"has-post-thumbnail","7":"category-izklaide","8":"tag-entertainment","9":"tag-izklaide","10":"tag-latvia","11":"tag-latvian","12":"tag-latviesu","13":"tag-latviesu-valoda","14":"tag-latviesuvaloda","15":"tag-latvija","16":"tag-lv"},"share_on_mastodon":{"url":"https:\/\/pubeurope.com\/@lv\/115904037888958365","error":""},"_links":{"self":[{"href":"https:\/\/www.europesays.com\/lv\/wp-json\/wp\/v2\/posts\/106274","targetHints":{"allow":["GET"]}}],"collection":[{"href":"https:\/\/www.europesays.com\/lv\/wp-json\/wp\/v2\/posts"}],"about":[{"href":"https:\/\/www.europesays.com\/lv\/wp-json\/wp\/v2\/types\/post"}],"author":[{"embeddable":true,"href":"https:\/\/www.europesays.com\/lv\/wp-json\/wp\/v2\/users\/2"}],"replies":[{"embeddable":true,"href":"https:\/\/www.europesays.com\/lv\/wp-json\/wp\/v2\/comments?post=106274"}],"version-history":[{"count":0,"href":"https:\/\/www.europesays.com\/lv\/wp-json\/wp\/v2\/posts\/106274\/revisions"}],"wp:featuredmedia":[{"embeddable":true,"href":"https:\/\/www.europesays.com\/lv\/wp-json\/wp\/v2\/media\/106275"}],"wp:attachment":[{"href":"https:\/\/www.europesays.com\/lv\/wp-json\/wp\/v2\/media?parent=106274"}],"wp:term":[{"taxonomy":"category","embeddable":true,"href":"https:\/\/www.europesays.com\/lv\/wp-json\/wp\/v2\/categories?post=106274"},{"taxonomy":"post_tag","embeddable":true,"href":"https:\/\/www.europesays.com\/lv\/wp-json\/wp\/v2\/tags?post=106274"}],"curies":[{"name":"wp","href":"https:\/\/api.w.org\/{rel}","templated":true}]}}