{"id":106276,"date":"2026-01-16T09:20:07","date_gmt":"2026-01-16T09:20:07","guid":{"rendered":"https:\/\/www.europesays.com\/lv\/106276\/"},"modified":"2026-01-16T09:20:07","modified_gmt":"2026-01-16T09:20:07","slug":"pirmas-f-1-komandas-prezente-savus-krasojumus-pirms-jaunas-eras-sakuma","status":"publish","type":"post","link":"https:\/\/www.europesays.com\/lv\/106276\/","title":{"rendered":"Pirm\u0101s F-1 komandas prezent\u0113 savus kr\u0101sojumus pirms jaun\u0101s \u0113ras s\u0101kuma"},"content":{"rendered":"<p>Pirmo sp\u0113c\u012bgo vizu\u0101lo sign\u0101lu pirms 2026. gada F-1 sezonas jau raid\u012bju\u0161as &#8220;<a rel=\"noopener nofollow\" target=\"_blank\" href=\"https:\/\/www.delfi.lv\/temas\/40072627\/red-bull\" tag-id=\"40072627\">Red Bull<\/a>&#8221; saimes komandas \u2013 gan &#8220;Red Bull Racing&#8221;, gan t\u0101s jaun\u0101k\u0101 m\u0101sa &#8220;Racing Bulls&#8221; k\u013cuvu\u0161as par pirmaj\u0101m, kas atkl\u0101ju\u0161as n\u0101kam\u0101s sezonas automobi\u013cu kr\u0101sojumu, iez\u012bm\u0113jot jauna tehnisk\u0101 laikmeta s\u0101kumu.<\/p>\n<p>&#8220;Racing Bulls&#8221; sast\u0101v\u0101 2026. gad\u0101 brauks Liams Losons, kuram \u0161\u012b b\u016bs pirm\u0101 piln\u0101 sezona vien\u0101 komand\u0101, un debitants Arvids Lindblads, kur\u0161 k\u013cuvis par vien\u012bgo \u012bsto F-1 ies\u0101c\u0113ju \u0161aj\u0101 gad\u0101 p\u0113c Had\u017eara paaugstin\u0101\u0161anas uz &#8220;Red Bull Racing&#8221;. Komanda iepriek\u0161\u0113j\u0101 sezon\u0101 izc\u012bn\u012bja sesto vietu Konstruktoru kaus\u0101, atk\u0101rtojot savu lab\u0101ko rezult\u0101tu v\u0113stur\u0113, bet vad\u012bb\u0101 joproj\u0101m paliek Alans Permens, kur\u0161 st\u016bri p\u0101r\u0146\u0113ma sezonas vid\u016b.<\/p>\n<p class=\"m-0\">Seko &#8220;Delfi&#8221; ar\u012b  <a target=\"_blank\" href=\"https:\/\/www.instagram.com\/delfi.lv\/\" rel=\"nofollow noopener\">Instagram<\/a>  un <a target=\"_blank\" href=\"https:\/\/www.youtube.com\/channel\/UCw5foWtcJvAbUm64rv7jwUQ\" rel=\"nofollow noopener\">YouTube<\/a>  profil\u0101 \u2013 pievienojies, lai uzzin\u0101tu svar\u012bg\u0101ko un interesant\u0101ko pirmais!<\/p>\n<p>Publik\u0101cijas saturs vai t\u0101s jebk\u0101da apjoma da\u013ca ir aizsarg\u0101ts autorties\u012bbu objekts Autorties\u012bbu likuma izpratn\u0113, un t\u0101 izmanto\u0161ana bez izdev\u0113ja at\u013caujas ir aizliegta. Vair\u0101k lasi  <a target=\"_blank\" href=\"https:\/\/www.delfi.lv\/noteikumi#autortiesibas\" rel=\"nofollow noopener\">\u0161eit<\/a><script async src=\"\/\/www.instagram.com\/embed.js\"><\/script><\/p>\n","protected":false},"excerpt":{"rendered":"Pirmo sp\u0113c\u012bgo vizu\u0101lo sign\u0101lu pirms 2026. gada F-1 sezonas jau raid\u012bju\u0161as &#8220;Red Bull&#8221; saimes komandas \u2013 gan &#8220;Red&hellip;\n","protected":false},"author":2,"featured_media":106277,"comment_status":"","ping_status":"","sticky":false,"template":"","format":"standard","meta":{"footnotes":""},"categories":[17],"tags":[4224,4176,35,39,38,36,37,34,40,2358,4177,67],"class_list":{"0":"post-106276","1":"post","2":"type-post","3":"status-publish","4":"format-standard","5":"has-post-thumbnail","7":"category-sports","8":"tag-ford","9":"tag-honda","10":"tag-latvia","11":"tag-latvian","12":"tag-latviesu","13":"tag-latviesu-valoda","14":"tag-latviesuvaloda","15":"tag-latvija","16":"tag-lv","17":"tag-makss-verstapens","18":"tag-red-bull","19":"tag-sports"},"share_on_mastodon":{"url":"https:\/\/pubeurope.com\/@lv\/115904041646868439","error":""},"_links":{"self":[{"href":"https:\/\/www.europesays.com\/lv\/wp-json\/wp\/v2\/posts\/106276","targetHints":{"allow":["GET"]}}],"collection":[{"href":"https:\/\/www.europesays.com\/lv\/wp-json\/wp\/v2\/posts"}],"about":[{"href":"https:\/\/www.europesays.com\/lv\/wp-json\/wp\/v2\/types\/post"}],"author":[{"embeddable":true,"href":"https:\/\/www.europesays.com\/lv\/wp-json\/wp\/v2\/users\/2"}],"replies":[{"embeddable":true,"href":"https:\/\/www.europesays.com\/lv\/wp-json\/wp\/v2\/comments?post=106276"}],"version-history":[{"count":0,"href":"https:\/\/www.europesays.com\/lv\/wp-json\/wp\/v2\/posts\/106276\/revisions"}],"wp:featuredmedia":[{"embeddable":true,"href":"https:\/\/www.europesays.com\/lv\/wp-json\/wp\/v2\/media\/106277"}],"wp:attachment":[{"href":"https:\/\/www.europesays.com\/lv\/wp-json\/wp\/v2\/media?parent=106276"}],"wp:term":[{"taxonomy":"category","embeddable":true,"href":"https:\/\/www.europesays.com\/lv\/wp-json\/wp\/v2\/categories?post=106276"},{"taxonomy":"post_tag","embeddable":true,"href":"https:\/\/www.europesays.com\/lv\/wp-json\/wp\/v2\/tags?post=106276"}],"curies":[{"name":"wp","href":"https:\/\/api.w.org\/{rel}","templated":true}]}}