{"id":106278,"date":"2026-01-16T09:23:06","date_gmt":"2026-01-16T09:23:06","guid":{"rendered":"https:\/\/www.europesays.com\/lv\/106278\/"},"modified":"2026-01-16T09:23:06","modified_gmt":"2026-01-16T09:23:06","slug":"valsts-policijas-diennakts-uzzina-par-15-01-2026-lv-portals","status":"publish","type":"post","link":"https:\/\/www.europesays.com\/lv\/106278\/","title":{"rendered":"Valsts policijas diennakts uzzi\u0146a par 15.01.2026. &#8211; LV port\u0101ls"},"content":{"rendered":"<ol>\n<li><a href=\"https:\/\/news.google.com\/rss\/articles\/CBMimwFBVV95cUxQclRWaG9sUXh5aHpReFBEbFk3VGVybUFhc2pIUm9FTEpBYXR3bzVfU0RxT0RmY29abVdlUWJCZmprb3k0UEJFSnJNQWp5a2FkejdqN1FDdlc3N0NkZ19jQ3hmQmttb2ZnYVBEVkRTTzdfZE0tMjlVYmFJX0lhT2pyYmFoOG55Q2lIOU1uWG5sMXZXb0RqdldQaTU1WQ?oc=5\" target=\"_blank\" rel=\"nofollow noopener\">Valsts policijas diennakts uzzi\u0146a par 15.01.2026.<\/a>&nbsp;&nbsp;LV port\u0101ls<\/li>\n<li><a href=\"https:\/\/news.google.com\/rss\/articles\/CBMi0gFBVV95cUxPdjBVbDZDZWo1MjB5WjNZQTVYaTBKUkFuM0kzRXU4aVRiSWczMWRzUUxuc2ZCR2JSalNONHpMZmE0d0pPQV9aYjMzT3ZxdjJfbFZ1MzlhLUZ4SVhJM0FzZnRZSnZnT3dvclp3ell1YTdoNG5DcFMwX00zeWN0ZjAtUFJ5ZWo4d01UeU5LQllqQUcwd0RENGxxTmVFT3RmZEhHT1pzRW1kSzFsVUtJTzN5ejlfdi1xeGhFSzdyMC1hTVdGbVVsT1d4OW9MbEs2ZV8zYXc?oc=5\" target=\"_blank\" rel=\"nofollow noopener\">Ceturtdien uz autoce\u013ciem cietu\u0161i se\u0161i cilv\u0113ki, bet septi\u0146i \u0161oferi pie\u0137erti reibum\u0101<\/a>&nbsp;&nbsp;liepajniekiem.lv<\/li>\n<li><a href=\"https:\/\/news.google.com\/rss\/articles\/CBMiuAFBVV95cUxNVS12WVo1a2dBT1c3WGVjM2FPd0Z5M0RsdWNFU3FMdnd4a3lGcnJhNGNmZ3RSMi1XdXh6a1VGTzRsc1BwSGpWRVV1X2E1TmJ3RUFFX2dsY2dBLUxNRmNqVEZERE0xeHY5Y25ibFFRVnN5RjFJZzhfY3RvcFZNaUV0ZTVHX1FUUXMwd2cxZGpOSnZseENzSFlRVnU0V3ZnenhmNFJzU1RkQWlZdmphQVhwNXdKckdqaDJS0gG-AUFVX3lxTFBvSDluWXhmcGpHekhYSUgxc0tZYkVWTnVINlY4b0RMWThzQjRKNF9Fa29ZN2ZOdjg0NXhjSFV1UkQ4SU1oZlh3cHY1RHEzSUVUTXdkUTh0T0I0cDZlSzA2Zm9UQmFZU1MtY2NOeDNVTFo2V3A2UllJWHFsV2EzTnQ2Y29EU1JUMTh0d2hFckZVR2hjTTdicWV6aUhXOV9Kc3VJbG1qX25zOUk0VzZzLWJHbmYtaTBBVmo4d2E5Y3c?oc=5\" target=\"_blank\" rel=\"nofollow noopener\">Aizvad\u012btaj\u0101 diennakt\u012b re\u0123istr\u0113ti 112 ce\u013cu satiksmes negad\u012bjumi<\/a>&nbsp;&nbsp;bb.lv<\/li>\n<li><a href=\"https:\/\/news.google.com\/rss\/articles\/CBMijwFBVV95cUxPVXZvbmtIcDI0ZVJSM250S0lQSUtUQTZkTXhVOXBrREFCZzV2WEhwR2JIOWVwUWh3VjVBNW1CNDNKUDE5T0V1aW5CdU9UckZ4WGM3aUxtYTMyU1N6NVpubkgtZkxnZ0ZsMVIwa3p4dHhsUkdlaXZqcVJCcmRCWUZlTTI0VEJ2STBqMVFYcWhHbw?oc=5\" target=\"_blank\" rel=\"nofollow noopener\">Tre\u0161dien ce\u013cu satiksmes negad\u012bjumos cietu\u0161i \u010detri cilv\u0113ki<\/a>&nbsp;&nbsp;TVNET<\/li>\n<li><a href=\"https:\/\/news.google.com\/rss\/articles\/CBMikwFBVV95cUxQRC1EOGNSTXhqRUhMczRpdDN0Mzd2TFpwaXktYTBOZEhZdjVYZGd5ZS1EZ3dsRS1fc2VFVktORlhKTmpRTGNySEc4bWc4Ni1Zb0drc0tQMnp4NURiNzh2NmN4SV9SWkxMYkswbEtBMWpacHFpbTdwZUtwalJRVnF5bkM1OEpOVF9ueVlxZktEUGU2YWM?oc=5\" target=\"_blank\" rel=\"nofollow noopener\">Ceturtdien ce\u013cu satiksmes negad\u012bjumos cietu\u0161i desmit cilv\u0113ki<\/a>&nbsp;&nbsp;TVNET<\/li>\n<\/ol>\n","protected":false},"excerpt":{"rendered":"Valsts policijas diennakts uzzi\u0146a par 15.01.2026.&nbsp;&nbsp;LV port\u0101ls Ceturtdien uz autoce\u013ciem cietu\u0161i se\u0161i cilv\u0113ki, bet septi\u0146i \u0161oferi pie\u0137erti reibum\u0101&nbsp;&nbsp;liepajniekiem.lv&hellip;\n","protected":false},"author":2,"featured_media":95583,"comment_status":"","ping_status":"","sticky":false,"template":"","format":"standard","meta":{"footnotes":""},"categories":[12],"tags":[23,28,29,32,33,22,30,31,35,39,38,36,37,34,40,20,26,27,24,25,21],"class_list":{"0":"post-106278","1":"post","2":"type-post","3":"status-publish","4":"format-standard","5":"has-post-thumbnail","7":"category-latvija","8":"tag-aktualitates","9":"tag-breaking-news","10":"tag-breakingnews","11":"tag-featured-news","12":"tag-featurednews","13":"tag-headlines","14":"tag-latest-news","15":"tag-latestnews","16":"tag-latvia","17":"tag-latvian","18":"tag-latviesu","19":"tag-latviesu-valoda","20":"tag-latviesuvaloda","21":"tag-latvija","22":"tag-lv","23":"tag-news","24":"tag-popularakas-zinas","25":"tag-popularakaszinas","26":"tag-top-stories","27":"tag-topstories","28":"tag-zinas"},"share_on_mastodon":{"url":"https:\/\/pubeurope.com\/@lv\/115904053397235762","error":""},"_links":{"self":[{"href":"https:\/\/www.europesays.com\/lv\/wp-json\/wp\/v2\/posts\/106278","targetHints":{"allow":["GET"]}}],"collection":[{"href":"https:\/\/www.europesays.com\/lv\/wp-json\/wp\/v2\/posts"}],"about":[{"href":"https:\/\/www.europesays.com\/lv\/wp-json\/wp\/v2\/types\/post"}],"author":[{"embeddable":true,"href":"https:\/\/www.europesays.com\/lv\/wp-json\/wp\/v2\/users\/2"}],"replies":[{"embeddable":true,"href":"https:\/\/www.europesays.com\/lv\/wp-json\/wp\/v2\/comments?post=106278"}],"version-history":[{"count":0,"href":"https:\/\/www.europesays.com\/lv\/wp-json\/wp\/v2\/posts\/106278\/revisions"}],"wp:featuredmedia":[{"embeddable":true,"href":"https:\/\/www.europesays.com\/lv\/wp-json\/wp\/v2\/media\/95583"}],"wp:attachment":[{"href":"https:\/\/www.europesays.com\/lv\/wp-json\/wp\/v2\/media?parent=106278"}],"wp:term":[{"taxonomy":"category","embeddable":true,"href":"https:\/\/www.europesays.com\/lv\/wp-json\/wp\/v2\/categories?post=106278"},{"taxonomy":"post_tag","embeddable":true,"href":"https:\/\/www.europesays.com\/lv\/wp-json\/wp\/v2\/tags?post=106278"}],"curies":[{"name":"wp","href":"https:\/\/api.w.org\/{rel}","templated":true}]}}