{"id":106279,"date":"2026-01-16T09:25:06","date_gmt":"2026-01-16T09:25:06","guid":{"rendered":"https:\/\/www.europesays.com\/lv\/106279\/"},"modified":"2026-01-16T09:25:06","modified_gmt":"2026-01-16T09:25:06","slug":"mara-upmane-holsteine-izdod-jaunu-maarmaar-singlu","status":"publish","type":"post","link":"https:\/\/www.europesays.com\/lv\/106279\/","title":{"rendered":"M\u0101ra Upmane-Hol\u0161teine izdod jaunu Maarmaar singlu"},"content":{"rendered":"<p>Savu jauno solo projektu M\u0101ra Upmane-Hol\u0161teine sauc par l\u0113cienu nezin\u0101maj\u0101, k\u0101p\u0161anu \u0101rpus komforta zonas. \u201cVien\u0101 br\u012bd\u012b saproti \u2013 20 gadus esi m\u016bzik\u0101, kas ir mana sirdslieta. Sirdslieta pat\u012bk, bet vairs nav t\u0101s degsmes, kas bija k\u0101dreiz.<\/p>\n<p>Br\u012bd\u012b, kad j\u016bties iestagn\u0113jis, l\u012bdz \u0161im mana vien\u012bg\u0101 atbilde ir bijusi \u2013 s\u0101kt kaut ko jaunu m\u0101c\u012bties, un nol\u0113mu s\u0101kt apg\u016bt m\u016bzikas produc\u0113\u0161anu. S\u0101kotn\u0113ji vienk\u0101r\u0161i ar domu, lai rado\u0161ie procesi grup\u0101 notiktu rait\u0101k, tad skices s\u0101ka n\u0101k \u0101r\u0101 t\u0101das, par kur\u0101m man \u0161\u0137ita \u2013 mani \u010dali \u0161o nepiekrit\u012bs ar mani dzied\u0101t kop\u0101,\u201d \u201c900 sekund\u0113s\u201d st\u0101sta m\u016bzi\u0137e.<\/p>\n<p>Vienlaikus vi\u0146a atz\u012bst, ka jaunais projekts ir ar\u012b pak\u0101p\u0161an\u0101s nost\u0101k no t\u0101s M\u0101ras, kas ir grup\u0101 \u201cAstro\u2019n\u2019out\u201d. \u201cTas nebija pl\u0101nots, viss notika sp\u0113les element\u0101. P\u0113k\u0161\u0146i rad\u0101s for\u0161as dziesmas un grib\u0113j\u0101s t\u0101s izlaist.\u201d<\/p>\n<p>M\u0101ra uzskata, ka vi\u0146as solo projektu j\u0101uztver l\u012bdz\u012bgi k\u0101 vi\u0146as gr\u0101matu. \u201cTas bija viens for\u0161s projekts, kas beigu beig\u0101s daudz ko ir iedevis grupai, kur\u0101 es run\u0101ju tie\u0161\u0101k un person\u012bg\u0101k. \u0160eit noteikti ir kr\u0101sas, ko man bija \u013coti liela bauda no sevis atkl\u0101t, k\u0101 s\u012bpola mizi\u0146u nomizot.<\/p>\n<p>Es dom\u0101ju, ka beig\u0101s tas savienosies t\u0101, ka gan jau grupai \u201cAstro\u2019n\u2019out\u201d n\u0101ksies k\u0101du Maarmaar dziesmu nosp\u0113l\u0113t,\u201d saka M\u0101ra.<\/p>\n<p class=\"ad-desc ad-desc-main\">Saturs turpin\u0101s p\u0113c rekl\u0101mas<\/p>\n<p class=\"ad-desc ad-desc-sec\">Rekl\u0101ma<\/p>\n<p>Jaunais singls piesaka Maarmaar gaid\u0101mo albumu ar t\u0101du pa\u0161u nosaukumu, kas tiks izdots \u0161opavasar.<\/p>\n<p>Atg\u0101din\u0101m, ka \u0161ogad M\u0101ra start\u0113 TV \u0161ov\u0101 \u201c<a href=\"https:\/\/tv3.lv\/raidijumi\/korukari\/\" rel=\"nofollow noopener\" target=\"_blank\">Koru kari<\/a>\u201d k\u0101 vien no divu R\u012bgas koru vad\u012bt\u0101j\u0101m.<\/p>\n<p class=\"tv3-fw-500\">Zi\u0146o par k\u013c\u016bdu rakst\u0101<\/p>\n<p class=\"d-md-block d-none\">Iez\u012bm\u0113 k\u013c\u016bdaino tekstu un spied Ctrl+Enter.<\/p>\n<p class=\"d-md-none d-block\">Iez\u012bm\u0113 k\u013c\u016bdaino tekstu un zi\u0146o par to!<\/p>\n","protected":false},"excerpt":{"rendered":"Savu jauno solo projektu M\u0101ra Upmane-Hol\u0161teine sauc par l\u0113cienu nezin\u0101maj\u0101, k\u0101p\u0161anu \u0101rpus komforta zonas. \u201cVien\u0101 br\u012bd\u012b saproti \u2013&hellip;\n","protected":false},"author":2,"featured_media":106280,"comment_status":"","ping_status":"","sticky":false,"template":"","format":"standard","meta":{"footnotes":""},"categories":[19],"tags":[89,90,35,39,38,36,37,34,40,8126],"class_list":{"0":"post-106279","1":"post","2":"type-post","3":"status-publish","4":"format-standard","5":"has-post-thumbnail","7":"category-izklaide","8":"tag-entertainment","9":"tag-izklaide","10":"tag-latvia","11":"tag-latvian","12":"tag-latviesu","13":"tag-latviesu-valoda","14":"tag-latviesuvaloda","15":"tag-latvija","16":"tag-lv","17":"tag-mara-upmane-holsteine"},"share_on_mastodon":{"url":"https:\/\/pubeurope.com\/@lv\/115904061315603010","error":""},"_links":{"self":[{"href":"https:\/\/www.europesays.com\/lv\/wp-json\/wp\/v2\/posts\/106279","targetHints":{"allow":["GET"]}}],"collection":[{"href":"https:\/\/www.europesays.com\/lv\/wp-json\/wp\/v2\/posts"}],"about":[{"href":"https:\/\/www.europesays.com\/lv\/wp-json\/wp\/v2\/types\/post"}],"author":[{"embeddable":true,"href":"https:\/\/www.europesays.com\/lv\/wp-json\/wp\/v2\/users\/2"}],"replies":[{"embeddable":true,"href":"https:\/\/www.europesays.com\/lv\/wp-json\/wp\/v2\/comments?post=106279"}],"version-history":[{"count":0,"href":"https:\/\/www.europesays.com\/lv\/wp-json\/wp\/v2\/posts\/106279\/revisions"}],"wp:featuredmedia":[{"embeddable":true,"href":"https:\/\/www.europesays.com\/lv\/wp-json\/wp\/v2\/media\/106280"}],"wp:attachment":[{"href":"https:\/\/www.europesays.com\/lv\/wp-json\/wp\/v2\/media?parent=106279"}],"wp:term":[{"taxonomy":"category","embeddable":true,"href":"https:\/\/www.europesays.com\/lv\/wp-json\/wp\/v2\/categories?post=106279"},{"taxonomy":"post_tag","embeddable":true,"href":"https:\/\/www.europesays.com\/lv\/wp-json\/wp\/v2\/tags?post=106279"}],"curies":[{"name":"wp","href":"https:\/\/api.w.org\/{rel}","templated":true}]}}