{"id":106281,"date":"2026-01-16T09:26:07","date_gmt":"2026-01-16T09:26:07","guid":{"rendered":"https:\/\/www.europesays.com\/lv\/106281\/"},"modified":"2026-01-16T09:26:07","modified_gmt":"2026-01-16T09:26:07","slug":"latvijas-hokeja-veterans-arturs-kulda-atbrivots-no-darba-austrija-lente-lv","status":"publish","type":"post","link":"https:\/\/www.europesays.com\/lv\/106281\/","title":{"rendered":"Latvijas hokeja veter\u0101ns Art\u016brs Kulda atbr\u012bvots no darba Austrij\u0101\u00a0\u2014\u00a0Lente.lv"},"content":{"rendered":"<p>Hokeja aizsarga Karjera Austrij\u0101 Nosl\u0113dzas<\/p>\n<p>Pieredz\u0113ju\u0161ais Latvijas hokeja aizsargs Art\u016brs Kulda ir atbr\u012bvots no Austrijas kluba &#8220;Villacher SV&#8221;. L\u0113mums par sadarb\u012bbas p\u0101rtrauk\u0161anu tika pie\u0146emts p\u0113c abpus\u0113jas vieno\u0161an\u0101s, un 37 gadus vecais sp\u0113l\u0113t\u0101js k\u013cuvis par br\u012bvo a\u0123entu. Kulda \u0161\u012bs sezonas s\u0101kum\u0101 atgriez\u0101s kluba rind\u0101s, ko jau p\u0101rst\u0101v\u0113ja iepriek\u0161 no 2022. l\u012bdz 2024. gadam.<\/p>\n<p>Sezonas Statistika un Kluba Motiv\u0101cija<\/p>\n<p>\u0160osezon aizvad\u012btaj\u0101s 22 sp\u0113l\u0113s Kulda guvis vienus v\u0101rtus un iekr\u0101jis septi\u0146us punktus (1+6), k\u0101 ar\u012b uzr\u0101d\u012bjis lietder\u012bbas koeficientu +6. Kluba direktors Martins Vrinklers skaidro, ka Kulda pievienoj\u0101s komandai oktobra beig\u0101s, lai pal\u012bdz\u0113tu izl\u0101p\u012bt savainojumu rad\u012bt\u0101s sp\u0113l\u0113t\u0101ju rindas. Tagad, uzlabojoties situ\u0101cijai sast\u0101v\u0101, klubs v\u0113las dot vair\u0101k sp\u0113les laika jaunajiem aizsargiem, kuriem paredz\u0113ta svar\u012bga loma komandas turpm\u0101kaj\u0101 att\u012bst\u012bb\u0101.<\/p>\n<p>Art\u016bra Kuldas Ilggad\u0113j\u0101 Karjera un Pieredze<\/p>\n<p>Art\u016brs Kulda ir paz\u012bstams ar savu ilgo un daudzpus\u012bgo karjeru Latvijas un starptautiskaj\u0101 hokej\u0101. Vi\u0146\u0161 ir p\u0101rst\u0101v\u0113jis Latvijas izlasi asto\u0146os Pasaules \u010dempion\u0101tos un div\u0101s Olimpiskaj\u0101s sp\u0113l\u0113s, p\u0113d\u0113jo reizi valstsvien\u012bbu p\u0101rst\u0101vot 2022. gad\u0101. Aizsargs aizvad\u012bjis ar\u012b 15 sp\u0113les Zieme\u013camerikas Nacion\u0101laj\u0101 hokeja l\u012bg\u0101 (NHL), p\u0101rst\u0101vot Atlantas &#8220;Thrashers&#8221; un Vinipegas &#8220;Jets&#8221;, k\u0101 ar\u012b ieguvis Kaldera kausu Amerikas Hokeja l\u012bg\u0101 (AHL) ar \u010cik\u0101gas &#8220;Wolves&#8221; 2008. gad\u0101. Vi\u0146a karjer\u0101 ir ar\u012b sp\u0113l\u0113ts Kontinent\u0101laj\u0101 hokeja l\u012bg\u0101 (KHL) un V\u0101cijas augst\u0101kaj\u0101 l\u012bg\u0101 (DEL).<\/p>\n<p>Atgrie\u0161an\u0101s Austrij\u0101 un P\u0101rmai\u0146as Kluba Vad\u012bb\u0101<\/p>\n<p>P\u0113c div\u0101m aizvad\u012bt\u0101m sezon\u0101m &#8220;Villacher SV&#8221; rind\u0101s no 2022. l\u012bdz 2024. gadam, Kulda pag\u0101ju\u0161aj\u0101 sezon\u0101 sp\u0113l\u0113ja Slov\u0101kijas Ekstral\u012bg\u0101. \u0160\u012b gada oktobr\u012b vi\u0146\u0161 atgriez\u0101s Austrij\u0101, nosl\u0113dzot p\u0101rbaudes laika l\u012bgumu ar &#8220;Villacher SV&#8221;. Tolaik klubs bija sask\u0101ries ar savainojumu kr\u012bzi, un Kuldas pieredze bija \u013coti noder\u012bga. Tom\u0113r kluba vad\u012bbas priorit\u0101tes ir main\u012bju\u0161\u0101s, un tiek dota priek\u0161roka jauno sp\u0113l\u0113t\u0101ju att\u012bst\u012bbai.<\/p>\n","protected":false},"excerpt":{"rendered":"Hokeja aizsarga Karjera Austrij\u0101 Nosl\u0113dzas Pieredz\u0113ju\u0161ais Latvijas hokeja aizsargs Art\u016brs Kulda ir atbr\u012bvots no Austrijas kluba &#8220;Villacher SV&#8221;.&hellip;\n","protected":false},"author":2,"featured_media":106282,"comment_status":"","ping_status":"","sticky":false,"template":"","format":"standard","meta":{"footnotes":""},"categories":[17],"tags":[25404,623,394,35,39,38,4841,36,37,34,40,67,25405],"class_list":{"0":"post-106281","1":"post","2":"type-post","3":"status-publish","4":"format-standard","5":"has-post-thumbnail","7":"category-sports","8":"tag-arturs-kulda","9":"tag-austrija","10":"tag-hokejs","11":"tag-latvia","12":"tag-latvian","13":"tag-latviesu","14":"tag-latviesu-hokejists","15":"tag-latviesu-valoda","16":"tag-latviesuvaloda","17":"tag-latvija","18":"tag-lv","19":"tag-sports","20":"tag-villacher-sv"},"share_on_mastodon":{"url":"https:\/\/pubeurope.com\/@lv\/115904065190937219","error":""},"_links":{"self":[{"href":"https:\/\/www.europesays.com\/lv\/wp-json\/wp\/v2\/posts\/106281","targetHints":{"allow":["GET"]}}],"collection":[{"href":"https:\/\/www.europesays.com\/lv\/wp-json\/wp\/v2\/posts"}],"about":[{"href":"https:\/\/www.europesays.com\/lv\/wp-json\/wp\/v2\/types\/post"}],"author":[{"embeddable":true,"href":"https:\/\/www.europesays.com\/lv\/wp-json\/wp\/v2\/users\/2"}],"replies":[{"embeddable":true,"href":"https:\/\/www.europesays.com\/lv\/wp-json\/wp\/v2\/comments?post=106281"}],"version-history":[{"count":0,"href":"https:\/\/www.europesays.com\/lv\/wp-json\/wp\/v2\/posts\/106281\/revisions"}],"wp:featuredmedia":[{"embeddable":true,"href":"https:\/\/www.europesays.com\/lv\/wp-json\/wp\/v2\/media\/106282"}],"wp:attachment":[{"href":"https:\/\/www.europesays.com\/lv\/wp-json\/wp\/v2\/media?parent=106281"}],"wp:term":[{"taxonomy":"category","embeddable":true,"href":"https:\/\/www.europesays.com\/lv\/wp-json\/wp\/v2\/categories?post=106281"},{"taxonomy":"post_tag","embeddable":true,"href":"https:\/\/www.europesays.com\/lv\/wp-json\/wp\/v2\/tags?post=106281"}],"curies":[{"name":"wp","href":"https:\/\/api.w.org\/{rel}","templated":true}]}}