{"id":106283,"date":"2026-01-16T09:28:06","date_gmt":"2026-01-16T09:28:06","guid":{"rendered":"https:\/\/www.europesays.com\/lv\/106283\/"},"modified":"2026-01-16T09:28:06","modified_gmt":"2026-01-16T09:28:06","slug":"nato-karaspeks-grenlande-neattures-trampu-ienemt-salu-pazino-baltais-nams","status":"publish","type":"post","link":"https:\/\/www.europesays.com\/lv\/106283\/","title":{"rendered":"NATO karasp\u0113ks Grenland\u0113 neattur\u0113s Trampu ie\u0146emt salu, pazi\u0146o Baltais nams"},"content":{"rendered":"<p>\u201cEs neuzskatu, ka karasp\u0113ks Eirop\u0101 ietekm\u0113 prezidenta l\u0113mumu pie\u0146em\u0161anas procesu, k\u0101 ar\u012b tas nek\u0101di neietekm\u0113 vi\u0146a m\u0113r\u0137i ieg\u016bt Grenlandi,\u201d sac\u012bjusi Balt\u0101 nama preses sekret\u0101re Kerolaina Levita, kad vi\u0146ai jaut\u0101ts par karasp\u0113ka izvieto\u0161anu sal\u0101 Arktik\u0101.<\/p>\n<blockquote class=\"twitter-tweet\" data-width=\"550\" data-dnt=\"true\">\n<p lang=\"en\" dir=\"ltr\">Press Briefing by Press Secretary Karoline Leavitt, Jan. 15, 2026 <a href=\"https:\/\/t.co\/akIA56pzCP\" rel=\"nofollow\">https:\/\/t.co\/akIA56pzCP<\/a><\/p>\n<p>\u2014 The White House (@WhiteHouse) <a href=\"https:\/\/twitter.com\/WhiteHouse\/status\/2011864319206555777?ref_src=twsrc%5Etfw\" rel=\"nofollow noopener\" target=\"_blank\">January 15, 2026<\/a><\/p>\n<\/blockquote>\n<p>\u0160\u0101di koment\u0101ri izskan\u0113ju\u0161i tai pat dien\u0101, kad Eiropas milit\u0101rais person\u0101ls s\u0101k ierasties Grenland\u0113. Da\u017eas stundas p\u0113c ASV, D\u0101nijas un Grenlandes amatpersonu tik\u0161an\u0101s Va\u0161ington\u0101. Jaut\u0101jumu nav izdevies atrisin\u0101t, k\u0101 nor\u0101d\u012bjis D\u0101nijas \u0101rlietu ministrs, past\u0101v fundament\u0101las nesaska\u0146as.<\/p>\n<p>Francija, Zviedrija, V\u0101cija un Norv\u0113\u0123ija tre\u0161dien, 14. janv\u0101r\u012b, pazi\u0146oja, ka izvietos milit\u0101ro person\u0101lu k\u0101 da\u013cu no izl\u016bko\u0161anas misijas Grenlandes galvaspils\u0113t\u0101 N\u016bk\u0101.<\/p>\n<ul>\n<li id=\"skaties-gallery-thumbnail-1\" style=\"background-image: url(https:\/\/tv3cdn.lv\/thumbnails\/650x415\/2026\/01\/b246-6969fee7a0221-scaled.jpg)\" data-attachment-id=\"3724209\" data-small-file=\"https:\/\/tv3cdn.lv\/thumbnails\/70x70\/2026\/01\/b246-6969fee7a0221-scaled.jpg\" data-medium-file=\"https:\/\/tv3cdn.lv\/thumbnails\/1920x1920x1\/2026\/01\/b246-6969fee7a0221-scaled.jpg\" data-description=\"\" data-copyright=\"\u00a9 Evgeniy Maloletka, AP\" data-><a href=\"https:\/\/tv3cdn.lv\/2026\/01\/b246-6969fee7a0221-scaled.jpg\" rel=\"nofollow noopener\" target=\"_blank\">\n<p>            <img loading=\"lazy\" decoding=\"async\" width=\"70\" height=\"70\" alt=\"\" title=\"\"  data- class=\"thumbnail lazyload blurred\"\/><\/p>\n<p>        <\/a>\u00a9 Evgeniy Maloletka, AP<a href=\"#foto-1\"> 6 att\u0113li Skat\u012bt galeriju<\/a><\/li>\n<li id=\"skaties-gallery-thumbnail-2\" style=\"background-image: url(https:\/\/tv3cdn.lv\/thumbnails\/650x415\/2026\/01\/cdd4-6969fefb46778-scaled.jpg)\" data-attachment-id=\"3724211\" data-small-file=\"https:\/\/tv3cdn.lv\/thumbnails\/70x70\/2026\/01\/cdd4-6969fefb46778-scaled.jpg\" data-medium-file=\"https:\/\/tv3cdn.lv\/thumbnails\/1920x1920x1\/2026\/01\/cdd4-6969fefb46778-scaled.jpg\" data-description=\"\" data-copyright=\"\u00a9 Evgeniy Maloletka, AP\" data-><a href=\"https:\/\/tv3cdn.lv\/2026\/01\/cdd4-6969fefb46778-scaled.jpg\" rel=\"nofollow noopener\" target=\"_blank\">\n<p>            <img loading=\"lazy\" decoding=\"async\" width=\"70\" height=\"70\" alt=\"\" title=\"\"  data- class=\"thumbnail lazyload blurred\"\/><\/p>\n<p>        <\/a>\u00a9 Evgeniy Maloletka, AP<\/li>\n<li id=\"skaties-gallery-thumbnail-3\" style=\"background-image: url(https:\/\/tv3cdn.lv\/thumbnails\/650x415\/2026\/01\/5cbf-6969ff01c8811-scaled.jpg)\" data-attachment-id=\"3724212\" data-small-file=\"https:\/\/tv3cdn.lv\/thumbnails\/70x70\/2026\/01\/5cbf-6969ff01c8811-scaled.jpg\" data-medium-file=\"https:\/\/tv3cdn.lv\/thumbnails\/1920x1920x1\/2026\/01\/5cbf-6969ff01c8811-scaled.jpg\" data-description=\"\" data-copyright=\"\u00a9 AFP, LETA\" data-><a href=\"https:\/\/tv3cdn.lv\/2026\/01\/5cbf-6969ff01c8811-scaled.jpg\" rel=\"nofollow noopener\" target=\"_blank\">\n<p>            <img loading=\"lazy\" decoding=\"async\" width=\"70\" height=\"70\" alt=\"\" title=\"\"  data- class=\"thumbnail lazyload blurred\"\/><\/p>\n<p>        <\/a>\u00a9 AFP, LETA<\/li>\n<li id=\"skaties-gallery-thumbnail-4\" style=\"background-image: url(https:\/\/tv3cdn.lv\/thumbnails\/650x415\/2026\/01\/806a-6969ff06ca928-scaled.jpg)\" data-attachment-id=\"3724213\" data-small-file=\"https:\/\/tv3cdn.lv\/thumbnails\/70x70\/2026\/01\/806a-6969ff06ca928-scaled.jpg\" data-medium-file=\"https:\/\/tv3cdn.lv\/thumbnails\/1920x1920x1\/2026\/01\/806a-6969ff06ca928-scaled.jpg\" data-description=\"\" data-copyright=\"\u00a9 AFP, LETA\" data-><a href=\"https:\/\/tv3cdn.lv\/2026\/01\/806a-6969ff06ca928-scaled.jpg\" rel=\"nofollow noopener\" target=\"_blank\">\n<p>            <img loading=\"lazy\" decoding=\"async\" width=\"70\" height=\"70\" alt=\"\" title=\"\"  data- class=\"thumbnail lazyload blurred\"\/><\/p>\n<p>        <\/a>\u00a9 AFP, LETA<\/li>\n<li id=\"skaties-gallery-thumbnail-5\" style=\"background-image: url(https:\/\/tv3cdn.lv\/thumbnails\/650x415\/2026\/01\/a4a2-6969ff0b48d07-scaled.jpg)\" data-attachment-id=\"3724214\" data-small-file=\"https:\/\/tv3cdn.lv\/thumbnails\/70x70\/2026\/01\/a4a2-6969ff0b48d07-scaled.jpg\" data-medium-file=\"https:\/\/tv3cdn.lv\/thumbnails\/1920x1920x1\/2026\/01\/a4a2-6969ff0b48d07-scaled.jpg\" data-description=\"\" data-copyright=\"\u00a9 Julia W\u00e4schenbach, dpa\/picture-alliance\" data-><a href=\"https:\/\/tv3cdn.lv\/2026\/01\/a4a2-6969ff0b48d07-scaled.jpg\" rel=\"nofollow noopener\" target=\"_blank\">\n<p>            <img loading=\"lazy\" decoding=\"async\" width=\"70\" height=\"70\" alt=\"\" title=\"\"  data- class=\"thumbnail lazyload blurred\"\/><\/p>\n<p>        <\/a>\u00a9 Julia W\u00e4schenbach, dpa\/picture-alliance<\/li>\n<li id=\"skaties-gallery-thumbnail-6\" style=\"background-image: url(https:\/\/tv3cdn.lv\/thumbnails\/650x415\/2026\/01\/9df3-6969ff103e0bb-scaled.jpg)\" data-attachment-id=\"3724215\" data-small-file=\"https:\/\/tv3cdn.lv\/thumbnails\/70x70\/2026\/01\/9df3-6969ff103e0bb-scaled.jpg\" data-medium-file=\"https:\/\/tv3cdn.lv\/thumbnails\/1920x1920x1\/2026\/01\/9df3-6969ff103e0bb-scaled.jpg\" data-description=\"\" data-copyright=\"\u00a9 Marko Djurica, REUTERS\" data-><a href=\"https:\/\/tv3cdn.lv\/2026\/01\/9df3-6969ff103e0bb-scaled.jpg\" rel=\"nofollow noopener\" target=\"_blank\">\n<p>            <img loading=\"lazy\" decoding=\"async\" width=\"70\" height=\"70\" alt=\"\" title=\"\"  data- class=\"thumbnail lazyload blurred\"\/><\/p>\n<p>        <\/a>\u00a9 Marko Djurica, REUTERS<\/li>\n<\/ul>\n<p>V\u0101cijas Aizsardz\u012bbas ministrija ceturtdien, 15. janv\u0101r\u012b, pazi\u0146oja, ka vair\u0101ku Eiropas NATO dal\u012bbvalstu izl\u016bko\u0161anas misija Grenland\u0113 ir v\u0113rsta uz to, lai \u201cizp\u0113t\u012btu iesp\u0113jas, k\u0101 garant\u0113t dro\u0161\u012bbu, \u0146emot v\u0113r\u0101 Krievijas un \u0136\u012bnas draudus Arktik\u0101\u201d.<\/p>\n<p>Ministrija ar\u012b pazi\u0146oja, ka p\u0113c D\u0101nijas uzaicin\u0101juma no ceturtdienas, 14. janv\u0101ra, l\u012bdz sv\u0113tdienai, 18. janv\u0101rim, N\u016bk\u0101 izvietos 13 cilv\u0113ku \u201cBundeswehr\u201d izl\u016bko\u0161anas komandu.<\/p>\n<p>Francijas prezidents Emanuels Makrons jau pazi\u0146ojis, ka Francija dr\u012bz nos\u016bt\u012bs papildu \u201csauszemes, gaisa un j\u016bras\u2019 sp\u0113kus, lai piedal\u012btos milit\u0101raj\u0101s m\u0101c\u012bb\u0101s Grenland\u0113.<\/p>\n<p>\u201cPirm\u0101 Francijas milit\u0101r\u0101 vien\u012bba jau atrodas uz vietas un tuv\u0101kaj\u0101s dien\u0101s tiks papildin\u0101ta ar sauszemes, gaisa un j\u016bras sp\u0113kiem,\u201d Makrons pazi\u0146oja karav\u012briem. Grendlandes premjers Mute Egede jau pazi\u0146ojis, ka m\u0101c\u012bbu laik\u0101 Grenland\u0113 b\u016bs pastiprin\u0101ta NATO karav\u012bru kl\u0101tb\u016btne. B\u016bs vair\u0101k milit\u0101ro lidojumu un liel\u0101ks ku\u0123u skaits.<\/p>\n<p>Ar\u012b N\u012bderlande un Igaunija jau pav\u0113st\u012bjusi, ka pievienosies m\u0101c\u012bb\u0101m Grenland\u0113. Igaunija gatava nos\u016bt\u012bt savus karav\u014dirus, ja tas tiks l\u016bgts, pazi\u0146oja \u0101rlietu ministrs Margus Cahkna sav\u0101 ierakst\u0101 \u201cX\u201d.<\/p>\n<p><script async src=\"https:\/\/platform.twitter.com\/widgets.js\" charset=\"utf-8\"><\/script><\/p>\n","protected":false},"excerpt":{"rendered":"\u201cEs neuzskatu, ka karasp\u0113ks Eirop\u0101 ietekm\u0113 prezidenta l\u0113mumu pie\u0146em\u0161anas procesu, k\u0101 ar\u012b tas nek\u0101di neietekm\u0113 vi\u0146a m\u0113r\u0137i ieg\u016bt&hellip;\n","protected":false},"author":2,"featured_media":106284,"comment_status":"","ping_status":"","sticky":false,"template":"","format":"standard","meta":{"footnotes":""},"categories":[14],"tags":[23,57,25406,28,29,32,33,22,30,31,35,39,38,36,37,34,40,20,26,27,24,25,54,55,56,21,58],"class_list":{"0":"post-106283","1":"post","2":"type-post","3":"status-publish","4":"format-standard","5":"has-post-thumbnail","7":"category-zinas-no-arvalstim","8":"tag-aktualitates","9":"tag-arvalstim","10":"tag-asvbaltais-namsdonalds-trampsgrenlandenato-alianse","11":"tag-breaking-news","12":"tag-breakingnews","13":"tag-featured-news","14":"tag-featurednews","15":"tag-headlines","16":"tag-latest-news","17":"tag-latestnews","18":"tag-latvia","19":"tag-latvian","20":"tag-latviesu","21":"tag-latviesu-valoda","22":"tag-latviesuvaloda","23":"tag-latvija","24":"tag-lv","25":"tag-news","26":"tag-popularakas-zinas","27":"tag-popularakaszinas","28":"tag-top-stories","29":"tag-topstories","30":"tag-world","31":"tag-world-news","32":"tag-worldnews","33":"tag-zinas","34":"tag-zinas-no-arvalstim"},"share_on_mastodon":{"url":"https:\/\/pubeurope.com\/@lv\/115904073111186483","error":""},"_links":{"self":[{"href":"https:\/\/www.europesays.com\/lv\/wp-json\/wp\/v2\/posts\/106283","targetHints":{"allow":["GET"]}}],"collection":[{"href":"https:\/\/www.europesays.com\/lv\/wp-json\/wp\/v2\/posts"}],"about":[{"href":"https:\/\/www.europesays.com\/lv\/wp-json\/wp\/v2\/types\/post"}],"author":[{"embeddable":true,"href":"https:\/\/www.europesays.com\/lv\/wp-json\/wp\/v2\/users\/2"}],"replies":[{"embeddable":true,"href":"https:\/\/www.europesays.com\/lv\/wp-json\/wp\/v2\/comments?post=106283"}],"version-history":[{"count":0,"href":"https:\/\/www.europesays.com\/lv\/wp-json\/wp\/v2\/posts\/106283\/revisions"}],"wp:featuredmedia":[{"embeddable":true,"href":"https:\/\/www.europesays.com\/lv\/wp-json\/wp\/v2\/media\/106284"}],"wp:attachment":[{"href":"https:\/\/www.europesays.com\/lv\/wp-json\/wp\/v2\/media?parent=106283"}],"wp:term":[{"taxonomy":"category","embeddable":true,"href":"https:\/\/www.europesays.com\/lv\/wp-json\/wp\/v2\/categories?post=106283"},{"taxonomy":"post_tag","embeddable":true,"href":"https:\/\/www.europesays.com\/lv\/wp-json\/wp\/v2\/tags?post=106283"}],"curies":[{"name":"wp","href":"https:\/\/api.w.org\/{rel}","templated":true}]}}