{"id":106285,"date":"2026-01-16T09:29:07","date_gmt":"2026-01-16T09:29:07","guid":{"rendered":"https:\/\/www.europesays.com\/lv\/106285\/"},"modified":"2026-01-16T09:29:07","modified_gmt":"2026-01-16T09:29:07","slug":"nedelas-nogale-latvija-godinas-barikazu-dalibniekus-norisinasies-kino-festivals-un-amatnieku-tirgus-lente-lv","status":"publish","type":"post","link":"https:\/\/www.europesays.com\/lv\/106285\/","title":{"rendered":"Ned\u0113\u013cas nogal\u0113 Latvij\u0101 godin\u0101s barik\u0101\u017eu dal\u012bbniekus, norisin\u0101sies kino festiv\u0101ls un amatnieku tirgus\u00a0\u2014\u00a0Lente.lv"},"content":{"rendered":"<p>Barik\u0101\u017eu 35. gadadienas pas\u0101kumi vis\u0101 Latvij\u0101<\/p>\n<p>\u0160oned\u0113\u013c, s\u0101kot no 13. janv\u0101ra, vis\u0101 Latvij\u0101 norisin\u0101s barik\u0101\u017eu 35. gadadienai velt\u012bti atceres pas\u0101kumi, godinot tos, kas pirms 35 gadiem st\u0101v\u0113ja par Latvijas neatkar\u012bbu. R\u012bg\u0101 un citviet valst\u012b notiks da\u017e\u0101di pas\u0101kumi, tostarp piemi\u0146as br\u012b\u017ei, atv\u0113rto durvju dienas, izst\u0101des un konferences. K\u0101 zi\u0146o telekan\u0101ls TV3, sestdien, 16. janv\u0101r\u012b, Saeim\u0101 paredz\u0113ta atv\u0113rto durvju diena, kur\u0101 ikvienam b\u016bs iesp\u0113ja iepaz\u012bties ar ekspoz\u012bciju, kas velt\u012bta 1991. gada janv\u0101ra notikumiem. T\u0101pat 16. janv\u0101r\u012b notiks konference &#8220;1991. gada janv\u0101ra barik\u0101des k\u0101 tautas pretest\u012bbas totalit\u0101rajam re\u017e\u012bmam izpausme un m\u0101c\u012bbas m\u016bsdien\u0101m&#8221;, kas norisin\u0101sies Saeimas Baltie\u0161u z\u0101l\u0113 un tie\u0161raid\u0113. Piemi\u0146as br\u012bdis par godu Robertam M\u016brniekam, pirmajam barik\u0101d\u0113s kritu\u0161ajam, notiks pie piemi\u0146as vietas &#8220;Baltais krusts&#8221; pie Vecm\u012blgr\u0101vja tilta plkst. 16:00.<\/p>\n<p>Svinot \u0161o noz\u012bm\u012bgo gadadienu, &#8220;Latvijas Pasts&#8221; ir izdevis \u012bpa\u0161u dizaina aploksni, kuras speci\u0101l\u0101 z\u012bmogo\u0161ana notika 13. janv\u0101r\u012b Elizabetes ielas pasta noda\u013c\u0101. T\u0101pat l\u012bdz 27. janv\u0101rim Br\u012bv\u012bbas laukum\u0101 R\u012bg\u0101 skat\u0101ma fotoizst\u0101de &#8220;M\u0113s nosarg\u0101j\u0101m Latviju&#8221;, kas velt\u012bta 1991. gada janv\u0101ra notikumiem. Izst\u0101des digit\u0101l\u0101 versija ar papildu fotogr\u0101fij\u0101m pieejama ar\u012b 1991. gada barik\u0101\u017eu muzeja t\u012bmek\u013cvietn\u0113.<\/p>\n<p>M\u016bsdienu filmu festiv\u0101ls \u201cL\u0101cis, lauva un zars\u201d aicina uz kino ce\u013cojumiem<\/p>\n<p>No piektdienas, 16. janv\u0101ra, l\u012bdz 25. janv\u0101rim Latvij\u0101 norisin\u0101s otrais M\u016bsdienu filmu festiv\u0101ls &#8220;L\u0101cis, lauva un zars&#8221;. Festiv\u0101la moto \u0161ogad ir &#8220;Ce\u013c\u0161 paveras ejot&#8221;, un tas pied\u0101v\u0101s skat\u012bt\u0101jiem aizraujo\u0161us kino mar\u0161rutus R\u012bg\u0101, C\u0113s\u012bs un Liep\u0101j\u0101. Programm\u0101 iek\u013cautas 15 pasaules presti\u017e\u0101kajos kinofestiv\u0101los, tostarp Berl\u012bn\u0113, Kann\u0101s un Ven\u0113cij\u0101, godalgotas filmas.<\/p>\n<p>Festiv\u0101la atkl\u0101ja Gabri\u0113la Maskara filma &#8220;Bezgal\u012bg\u0101 zilgme&#8221;, kas ieguvusi &#8220;Sudraba l\u0101ci&#8221; Berl\u012bnes kinofestiv\u0101l\u0101. Festiv\u0101l\u0101 demonstr\u0113t\u0101s filmas izce\u013c varo\u0146u situ\u0101cijas, kas maina notikumu t\u0101l\u0101ko att\u012bst\u012bbu, un bie\u017ei vien atspogu\u013co ce\u013co\u0161anas un cer\u012bbas t\u0113mas. Starptautiski nov\u0113rt\u0113tas filmas un &#8220;Oskara&#8221; kandid\u0101tes, piem\u0113ram, dr\u0101ma &#8220;Sir\u0101ts&#8221; (Sir\u0101t), kas nomin\u0113ta diviem &#8220;Zelta globusiem&#8221;, ir starp festiv\u0101la jaunumiem.<\/p>\n<p>R\u012bg\u0101 filmas demonstr\u0113s kinote\u0101tros &#8220;Splendid Palace&#8221;, &#8220;Kino Bize&#8221;, &#8220;Forum Cinemas&#8221; un &#8220;Cinamon Akropole Alfa&#8221;.<\/p>\n<p>Kalnciema kvart\u0101la &#8220;Ad\u012bjumu tirgus&#8221;<\/p>\n<p>\u0160o sestdien, 17. janv\u0101r\u012b, Kalnciema kvart\u0101l\u0101 norisin\u0101s &#8220;Ad\u012bjumu tirgus&#8221;. Tirgus sestdien\u0101s ir paz\u012bstams ar pla\u0161o Latvijas zemnieku un m\u0101jra\u017eot\u0101ju pied\u0101v\u0101jumu, kur\u0101 atrodams maize, k\u016bkas, k\u016bpin\u0101jumi, sieri un daudz citu labumu.<\/p>\n<p>T\u0101pat tirg\u016b pieejami amatnieku un dizaineru darin\u0101jumi, vinila plates, augi un st\u0101di. Kalnciema kvart\u0101l\u0101 regul\u0101ri notiek da\u017e\u0101di pas\u0101kumi, tostarp rado\u0161\u0101s darbn\u012bcas, izst\u0101des un koncerti, nodro\u0161inot daudzveid\u012bgu kult\u016bras un atp\u016btas pied\u0101v\u0101jumu visa gada garum\u0101. &#8220;Ad\u012bjumu tirgus&#8221; ir viens no daudzajiem ziemas pas\u0101kumiem, kas notiek R\u012bg\u0101 janv\u0101r\u012b.<\/p>\n<p>Papildu pas\u0101kumi ned\u0113\u013cas nogal\u0113<\/p>\n<p>Papildus min\u0113tajiem pas\u0101kumiem, atz\u012bm\u0113jot barik\u0101\u017eu 35. gadadienu, 17. janv\u0101r\u012b notiks sv\u0113tku gal\u0101 koncerts &#8220;Barik\u0101d\u0101m 1991. gad\u0101 &#8211; 35&#8221; Doma laukum\u0101 plkst. 17:00.<\/p>\n<p>Savuk\u0101rt 18. janv\u0101r\u012b plkst. 15:00 \u0136\u012bpsalas hall\u0113 norisin\u0101sies koncerts &#8220;M\u0113s aizst\u0101v\u0113j\u0101m Latviju&#8221;.<\/p>\n","protected":false},"excerpt":{"rendered":"Barik\u0101\u017eu 35. gadadienas pas\u0101kumi vis\u0101 Latvij\u0101 \u0160oned\u0113\u013c, s\u0101kot no 13. janv\u0101ra, vis\u0101 Latvij\u0101 norisin\u0101s barik\u0101\u017eu 35. gadadienai velt\u012bti&hellip;\n","protected":false},"author":2,"featured_media":106286,"comment_status":"","ping_status":"","sticky":false,"template":"","format":"standard","meta":{"footnotes":""},"categories":[12],"tags":[25104,23,25407,28,29,32,33,22,3098,25396,30,31,35,39,38,36,37,34,25408,40,20,26,27,24,25,21],"class_list":{"0":"post-106285","1":"post","2":"type-post","3":"status-publish","4":"format-standard","5":"has-post-thumbnail","7":"category-latvija","8":"tag-adijumu-tirgus","9":"tag-aktualitates","10":"tag-barikazu-atceres-pasakumi","11":"tag-breaking-news","12":"tag-breakingnews","13":"tag-featured-news","14":"tag-featurednews","15":"tag-headlines","16":"tag-kino-festivals","17":"tag-lacis-lauva-un-zars","18":"tag-latest-news","19":"tag-latestnews","20":"tag-latvia","21":"tag-latvian","22":"tag-latviesu","23":"tag-latviesu-valoda","24":"tag-latviesuvaloda","25":"tag-latvija","26":"tag-latvijas-notikumi","27":"tag-lv","28":"tag-news","29":"tag-popularakas-zinas","30":"tag-popularakaszinas","31":"tag-top-stories","32":"tag-topstories","33":"tag-zinas"},"share_on_mastodon":{"url":"https:\/\/pubeurope.com\/@lv\/115904077368038921","error":""},"_links":{"self":[{"href":"https:\/\/www.europesays.com\/lv\/wp-json\/wp\/v2\/posts\/106285","targetHints":{"allow":["GET"]}}],"collection":[{"href":"https:\/\/www.europesays.com\/lv\/wp-json\/wp\/v2\/posts"}],"about":[{"href":"https:\/\/www.europesays.com\/lv\/wp-json\/wp\/v2\/types\/post"}],"author":[{"embeddable":true,"href":"https:\/\/www.europesays.com\/lv\/wp-json\/wp\/v2\/users\/2"}],"replies":[{"embeddable":true,"href":"https:\/\/www.europesays.com\/lv\/wp-json\/wp\/v2\/comments?post=106285"}],"version-history":[{"count":0,"href":"https:\/\/www.europesays.com\/lv\/wp-json\/wp\/v2\/posts\/106285\/revisions"}],"wp:featuredmedia":[{"embeddable":true,"href":"https:\/\/www.europesays.com\/lv\/wp-json\/wp\/v2\/media\/106286"}],"wp:attachment":[{"href":"https:\/\/www.europesays.com\/lv\/wp-json\/wp\/v2\/media?parent=106285"}],"wp:term":[{"taxonomy":"category","embeddable":true,"href":"https:\/\/www.europesays.com\/lv\/wp-json\/wp\/v2\/categories?post=106285"},{"taxonomy":"post_tag","embeddable":true,"href":"https:\/\/www.europesays.com\/lv\/wp-json\/wp\/v2\/tags?post=106285"}],"curies":[{"name":"wp","href":"https:\/\/api.w.org\/{rel}","templated":true}]}}