{"id":106338,"date":"2026-01-16T10:08:15","date_gmt":"2026-01-16T10:08:15","guid":{"rendered":"https:\/\/www.europesays.com\/lv\/106338\/"},"modified":"2026-01-16T10:08:15","modified_gmt":"2026-01-16T10:08:15","slug":"valmiera-atklata-latvija-pirma-pilna-formata-iekstelpu-golfa-zale-2","status":"publish","type":"post","link":"https:\/\/www.europesays.com\/lv\/106338\/","title":{"rendered":"Valmier\u0101 atkl\u0101ta Latvij\u0101 pirm\u0101 pilna form\u0101ta iek\u0161telpu golfa z\u0101le"},"content":{"rendered":"<p><img fetchpriority=\"high\" decoding=\"async\" width=\"1024\" height=\"683\" src=\"https:\/\/www.europesays.com\/lv\/wp-content\/uploads\/2026\/01\/Latvija-pirma-pilna-formata-iekstelpu-golfa-zale_3-1024x683.jpg\" alt=\"\" class=\"wp-image-985973\"  \/>Publicit\u0101tes foto<\/p>\n<p>Valmier\u0101 darbu uzs\u0101kusi Avotu golfa z\u0101le \u2014 Latvij\u0101 pirm\u0101 pilna form\u0101ta iek\u0161telpu golfa z\u0101le, kas pied\u0101v\u0101 pilnv\u0113rt\u012bgu golfa treni\u0146u vidi 300 m\u00b2 pla\u0161\u0101s telp\u0101s visa gada garum\u0101, neatkar\u012bgi no laikapst\u0101k\u013ciem, \u012bstenojot pieeju \u201cgolfs 365 dienas gad\u0101\u201d. Jaun\u0101 z\u0101le ir noz\u012bm\u012bgs solis golfa infrastrukt\u016bras att\u012bst\u012bb\u0101 Latvij\u0101, mazinot sezonalit\u0101tes ietekmi un papla\u0161inot sporta pieejam\u012bbu re\u0123ionos.<\/p>\n<p>Golfa laukums \u201cAvoti\u201d Valmier\u0101 jau 20 gadus nodro\u0161ina sp\u0113les un apm\u0101c\u012bbu iesp\u0113jas vasaras sezon\u0101. Mekl\u0113jot risin\u0101jumus treni\u0146u nep\u0101rtraukt\u012bbai ziem\u0101, vair\u0101k nek\u0101 pirms pieciem gadiem kluba m\u0101j\u0101 tika izveidots golfa simulators. Ar laiku rad\u0101s ideja spert n\u0101kamo soli \u2014 izveidot treni\u0146u vidi, kas b\u016btu maksim\u0101li pietuvin\u0101ta sp\u0113lei golfa laukum\u0101.<\/p>\n<p>\u201cT\u0101 k\u0101 golfs Latvij\u0101 ir sezon\u0101ls sporta veids, v\u0113l\u0113j\u0101mies nodro\u0161in\u0101t treni\u0146u iesp\u0113jas ziem\u0101 maksim\u0101li golfa laukumam pietuvin\u0101t\u0101 vid\u0113. No \u0161\u012bs vajadz\u012bbas ar\u012b rad\u0101s ideja par pilna form\u0101ta iek\u0161telpu golfa z\u0101li,\u201d st\u0101sta \u201cAvotu\u201d saimnieks J\u0101nis Matisons.<\/p>\n<p>Jaun\u0101 iek\u0161telpu golfa z\u0101le nodro\u0161ina iesp\u0113ju tren\u0113t visus b\u016btisk\u0101kos golfa sp\u0113les elementus ar\u012b \u0101rpus klasisk\u0101s sezonas.<\/p>\n<p>\u201cM\u0113r\u0137is bija rad\u012bt vidi, kur treni\u0146u process ziem\u0101 p\u0113c iesp\u0113jas vair\u0101k l\u012bdzin\u0101s tam, kas notiek golfa laukum\u0101 vasar\u0101,\u201d skaidro J\u0101nis Matisons.<\/p>\n<p><a\/> Pieaug interese par treni\u0146iem \u0101rpus golfa sezonas<\/p>\n<p>P\u0113d\u0113jos gados pieaug interese par treni\u0146iem \u0101rpus klasisk\u0101s golfa sezonas \u2014 \u012bpa\u0161i junioru vec\u0101ku un motiv\u0113tu amatieru vid\u016b.<\/p>\n<p>\u201cCilv\u0113ki vairs nev\u0113las pazaud\u0113t \u010detrus vai piecus m\u0113ne\u0161us gad\u0101. Iek\u0161telpu z\u0101le no\u0146em sezon\u0101lo barjeru un \u013cauj treneriem treni\u0146u procesu pl\u0101not ilgtermi\u0146\u0101,\u201d nor\u0101da Matisons.<\/p>\n<p>        Tie\u0161i sp\u0113les regularit\u0101te ir viens no b\u016btisk\u0101kajiem faktoriem gan sp\u0113l\u0113t\u0101ju notur\u0113\u0161an\u0101, gan izaugsm\u0113, un \u0161\u0101da infrastrukt\u016bra to b\u016btiski atbalsta.<\/p>\n<p>Ieguvums b\u0113rniem, jaunie\u0161iem un re\u0123ionam<\/p>\n<p>Iek\u0161telpu golfa z\u0101le paver jaunas iesp\u0113jas b\u0113rniem un jaunie\u0161iem \u2014 dro\u0161u, kontrol\u0113tu vidi kust\u012bbu pamatu, tehnikas un sp\u0113les izpratnes apguvei. M\u0101c\u012bbu gada laik\u0101 skol\u0113niem tiek nodro\u0161in\u0101ta iesp\u0113ja apmekl\u0113t golfa nodarb\u012bbas z\u0101l\u0113, savuk\u0101rt vasar\u0101 \u2014 tren\u0113ties blakus eso\u0161aj\u0101 golfa laukum\u0101.<\/p>\n<p>Valmiera k\u0101 Vidzemes ekonomiskais centrs ar sp\u0113c\u012bg\u0101m sporta trad\u012bcij\u0101m ir piem\u0113rota vieta \u0161\u0101da projekta att\u012bst\u012bbai. Iek\u0161telpu golfa z\u0101le papla\u0161ina re\u0123iona sporta un akt\u012bv\u0101 dz\u012bvesveida pied\u0101v\u0101jumu visa gada garum\u0101, vienlaikus veicinot ar\u012b golfa t\u016brismu.<\/p>\n<p>\u201cValmiera un Valmieras novads pamatoti var lepoties ar augstu iedz\u012bvot\u0101ju fizisko aktivit\u0101ti, sp\u0113c\u012bgu sporta entuziastu kopienu un daudzveid\u012bgu sporta organiz\u0101ciju darb\u012bbu. Novad\u0101 m\u0113r\u0137tiec\u012bgi tiek att\u012bst\u012bta sporta infrastrukt\u016bra un atbalst\u012btas da\u017e\u0101das sporta iniciat\u012bvas, nodro\u0161inot iesp\u0113jas sportot ikdien\u0101 visu vecumu iedz\u012bvot\u0101jiem. Sportojo\u0161o b\u0113rnu un jaunie\u0161u skaits novad\u0101 ar katru gadu pieaug, tostarp palielin\u0101s ar\u012b golf\u0101 iesaist\u012bto dal\u012bbnieku skaits. Esam p\u0101rliecin\u0101ti, ka \u0161\u012b projekta \u012bsteno\u0161ana sniegs noz\u012bm\u012bgu ieguld\u012bjumu fiziski akt\u012bvas un vesel\u012bgas sabiedr\u012bbas stiprin\u0101\u0161an\u0101. Sirsn\u012bgi pateicamies \u201cAvotu\u201d saimniekiem par ieguld\u012bto darbu un iniciat\u012bvu, k\u0101 ar\u012b v\u0113lam ilgtsp\u0113j\u012bgu, sekm\u012bgu un att\u012bst\u012bb\u0101 bag\u0101tu turpin\u0101jumu \u0161im projektam,\u201d nor\u0101da Rihards Zalte, Valmieras novada Sporta p\u0101rvaldes vad\u012bt\u0101js.<\/p>\n<p><a\/> Priv\u0101ta iniciat\u012bva ar ilgtermi\u0146a skat\u012bjumu<\/p>\n<p>Projekts \u201cIek\u0161telpu golfa \u012bs\u0101s sp\u0113les trena\u017eieris\u201d realiz\u0113ts LEADER programmas ietvaros ar Eiropas Savien\u012bbas strukt\u016brfondu l\u012bdzfinans\u0113jumu. Projekta \u012bstenot\u0101ji uzsver, ka \u0161\u0101ds institucion\u0101lais atbalsts b\u016btiski veicina ilgtermi\u0146a sporta infrastrukt\u016bras att\u012bst\u012bbu, \u012bpa\u0161i nozar\u0113s ar sal\u012bdzino\u0161i garu invest\u012bciju atmaks\u0101\u0161an\u0101s periodu.<\/p>\n<p>Ar\u012b Latvijas Golfa feder\u0101cija augstu nov\u0113rt\u0113 priv\u0101tas iniciat\u012bvas, kas att\u012bsta golfa infrastrukt\u016bru un papla\u0161ina golfa pieejam\u012bbu da\u017e\u0101dos Latvijas re\u0123ionos.<\/p>\n<p>\u201cGolfa att\u012bst\u012bbas potenci\u0101ls Latvij\u0101 no infrastrukt\u016bras pieejam\u012bbas viedok\u013ca \u0161obr\u012bd ir tie\u0161\u0101 veid\u0101 atkar\u012bgs no priv\u0101tas iniciat\u012bvas. Esam priec\u012bgi un pateic\u012bgi par katru \u0161\u0101du papildin\u0101jumu, kas ir b\u016btiski visai golfa ekosist\u0113mai, jo mazina sezonalit\u0101tes ietekmi, stiprina re\u0123ion\u0101lo pied\u0101v\u0101jumu un rada labv\u0113l\u012bgus apst\u0101k\u013cus sp\u0113les regularit\u0101tei pla\u0161am Latvijas golferu lokam. \u0160\u0101das iniciat\u012bvas veicina to, lai golfs Latvij\u0101 k\u013c\u016btu arvien pieejam\u0101ks un ilgtsp\u0113j\u012bg\u0101ks sports, kas att\u012bst\u0101s ne tikai sezon\u0101li, bet visa gada garum\u0101,\u201d uzsver Latvijas Golfa feder\u0101cijas prezidents J\u0101nis Tr\u0113gers.<\/p>\n<p><img loading=\"lazy\" decoding=\"async\" width=\"1024\" height=\"1024\" src=\"https:\/\/www.europesays.com\/lv\/wp-content\/uploads\/2026\/01\/Outlook-mvldrpuz-1024x1024.jpg\" alt=\"\" class=\"wp-image-985979\" style=\"width:153px;height:auto\"  \/><\/p>\n<p>L\u012bva August\u0101ne, Latvijas Golfa feder\u0101cijas, M\u0101rketinga un komunik\u0101cijas vad\u012bt\u0101ja<\/p>\n<p><img loading=\"lazy\" decoding=\"async\" width=\"1024\" height=\"683\" data-id=\"985974\" src=\"https:\/\/www.europesays.com\/lv\/wp-content\/uploads\/2026\/01\/Latvija-pirma-pilna-formata-iekstelpu-golfa-zale_1-1024x683.jpg\" alt=\"\" class=\"wp-image-985974\"  \/><\/p>\n<p><img loading=\"lazy\" decoding=\"async\" width=\"1024\" height=\"683\" data-id=\"985975\" src=\"https:\/\/www.europesays.com\/lv\/wp-content\/uploads\/2026\/01\/Latvija-pirma-pilna-formata-iekstelpu-golfa-zale_2-1024x683.jpg\" alt=\"\" class=\"wp-image-985975\"  \/><\/p>\n<p><img loading=\"lazy\" decoding=\"async\" width=\"1024\" height=\"683\" data-id=\"985978\" src=\"https:\/\/www.europesays.com\/lv\/wp-content\/uploads\/2026\/01\/Latvija-pirma-pilna-formata-iekstelpu-golfa-zale_3-1-1024x683.jpg\" alt=\"\" class=\"wp-image-985978\"  \/><\/p>\n<p><img loading=\"lazy\" decoding=\"async\" width=\"1024\" height=\"576\" data-id=\"985977\" src=\"https:\/\/www.europesays.com\/lv\/wp-content\/uploads\/2026\/01\/Latvija-pirma-pilna-formata-iekstelpu-golfa-zale_4-1024x576.jpg\" alt=\"\" class=\"wp-image-985977\"  \/>default<\/p>\n<p><img loading=\"lazy\" decoding=\"async\" width=\"1024\" height=\"683\" data-id=\"985976\" src=\"https:\/\/www.europesays.com\/lv\/wp-content\/uploads\/2026\/01\/Latvija-pirma-pilna-formata-iekstelpu-golfa-zale_5-1024x683.jpg\" alt=\"\" class=\"wp-image-985976\"  \/><\/p>\n","protected":false},"excerpt":{"rendered":"Publicit\u0101tes foto Valmier\u0101 darbu uzs\u0101kusi Avotu golfa z\u0101le \u2014 Latvij\u0101 pirm\u0101 pilna form\u0101ta iek\u0161telpu golfa z\u0101le, kas pied\u0101v\u0101&hellip;\n","protected":false},"author":2,"featured_media":106339,"comment_status":"","ping_status":"","sticky":false,"template":"","format":"standard","meta":{"footnotes":""},"categories":[17],"tags":[25421,10319,25422,35,39,38,36,37,34,40,67,481,16085],"class_list":{"0":"post-106338","1":"post","2":"type-post","3":"status-publish","4":"format-standard","5":"has-post-thumbnail","7":"category-sports","8":"tag-avotugolfazale","9":"tag-golfs","10":"tag-iekstelpugolfazale","11":"tag-latvia","12":"tag-latvian","13":"tag-latviesu","14":"tag-latviesu-valoda","15":"tag-latviesuvaloda","16":"tag-latvija","17":"tag-lv","18":"tag-sports","19":"tag-valmiera","20":"tag-valmierasnovads"},"share_on_mastodon":{"url":"https:\/\/pubeurope.com\/@lv\/115904230440124078","error":""},"_links":{"self":[{"href":"https:\/\/www.europesays.com\/lv\/wp-json\/wp\/v2\/posts\/106338","targetHints":{"allow":["GET"]}}],"collection":[{"href":"https:\/\/www.europesays.com\/lv\/wp-json\/wp\/v2\/posts"}],"about":[{"href":"https:\/\/www.europesays.com\/lv\/wp-json\/wp\/v2\/types\/post"}],"author":[{"embeddable":true,"href":"https:\/\/www.europesays.com\/lv\/wp-json\/wp\/v2\/users\/2"}],"replies":[{"embeddable":true,"href":"https:\/\/www.europesays.com\/lv\/wp-json\/wp\/v2\/comments?post=106338"}],"version-history":[{"count":0,"href":"https:\/\/www.europesays.com\/lv\/wp-json\/wp\/v2\/posts\/106338\/revisions"}],"wp:featuredmedia":[{"embeddable":true,"href":"https:\/\/www.europesays.com\/lv\/wp-json\/wp\/v2\/media\/106339"}],"wp:attachment":[{"href":"https:\/\/www.europesays.com\/lv\/wp-json\/wp\/v2\/media?parent=106338"}],"wp:term":[{"taxonomy":"category","embeddable":true,"href":"https:\/\/www.europesays.com\/lv\/wp-json\/wp\/v2\/categories?post=106338"},{"taxonomy":"post_tag","embeddable":true,"href":"https:\/\/www.europesays.com\/lv\/wp-json\/wp\/v2\/tags?post=106338"}],"curies":[{"name":"wp","href":"https:\/\/api.w.org\/{rel}","templated":true}]}}