{"id":106340,"date":"2026-01-16T10:11:11","date_gmt":"2026-01-16T10:11:11","guid":{"rendered":"https:\/\/www.europesays.com\/lv\/106340\/"},"modified":"2026-01-16T10:11:11","modified_gmt":"2026-01-16T10:11:11","slug":"kadi-laikapstakli-pec-nedelas-var-sasniegt-latviju","status":"publish","type":"post","link":"https:\/\/www.europesays.com\/lv\/106340\/","title":{"rendered":"K\u0101di laikapst\u0101k\u013ci p\u0113c ned\u0113\u013cas var sasniegt Latviju?"},"content":{"rendered":"<p>\u0160\u012bs ned\u0113\u013cas nogal\u0113 un n\u0101kam\u0101s ned\u0113\u013cas s\u0101kum\u0101 galvenok\u0101rt gaid\u0101ms neliels m\u0101ko\u0146u daudzums, bez nokri\u0161\u0146iem. V\u0113j\u0161 l\u0113ni p\u016bt\u012bs no dienvidu puses, sestdien v\u0113j\u0161 b\u016bs nedaudz as\u0101ks. Gaisa temperat\u016bra nakt\u012bs pazemin\u0101sies l\u012bdz -8..-15 gr\u0101diem, viet\u0101m valsts austrumu da\u013c\u0101 l\u012bdz -19 gr\u0101diem; jaun\u0101s ned\u0113\u013cas s\u0101kum\u0101 viet\u0101m visos re\u0123ionos, kur skaidras debesis, termometra stabi\u0146\u0161 var nosl\u012bd\u0113t l\u012bdz -20 gr\u0101diem. Dienas vid\u016b nek\u013c\u016bs silt\u0101ks par -3..-11 gr\u0101diem.<\/p>\n<p>N\u0101kam\u0101s ned\u0113\u013cas vid\u016b tiek prognoz\u0113ts liel\u0101ks m\u0101ko\u0146u daudzums, iesp\u0113jama snig\u0161ana, gaisa temperat\u016bra \u012bslaic\u012bgi paaugstin\u0101sies.<\/p>\n<p>Ned\u0113\u013cas otraj\u0101 pus\u0113 un janv\u0101ra p\u0113d\u0113j\u0101 ned\u0113\u013c\u0101 Latviju, iesp\u0113jams, sasniegs stiprs <a href=\"https:\/\/www.apollo.lv\/term\/558111\/sals\" class=\"topicLink\" target=\"_blank\" rel=\"nofollow noopener\">sals<\/a> no Arktikas un Sib\u012brijas. Saska\u0146\u0101 ar pa\u0161reiz\u0113jo &#8220;Global Forecast System&#8221; prognozi sals viet\u0101m br\u012b\u017eiem p\u0101rsniegs 25 gr\u0101dus un aukst\u0101kaj\u0101s dien\u0101s termometra stabi\u0146\u0161 nepak\u0101psies augst\u0101k par -10..-18 gr\u0101diem.<\/p>\n<p>Atbilsto\u0161i Eiropas Vid\u0113ja termi\u0146a laika progno\u017eu centra datiem janv\u0101ra p\u0113d\u0113j\u0101s divas ned\u0113\u013cas Latvij\u0101 gaid\u0101mas 6-8 gr\u0101dus aukst\u0101kas par normu, ar\u012b febru\u0101ris prognoz\u0113ts v\u0113s\u0101ks nek\u0101 parasti.<\/p>\n<p>Janv\u0101ris, iesp\u0113jams, k\u013c\u016bs par aukst\u0101ko m\u0113nesi kop\u0161 2012. gada febru\u0101ra, kad m\u0113ne\u0161a vid\u0113j\u0101 temperat\u016bra valst\u012b bija -8,8 gr\u0101di, un par aukst\u0101ko janv\u0101ri kop\u0161 2010. gada, kad m\u0113ne\u0161a vid\u0113j\u0101 temperat\u016bra nosl\u012bd\u0113ja l\u012bdz -11,5 gr\u0101diem.<\/p>\n","protected":false},"excerpt":{"rendered":"\u0160\u012bs ned\u0113\u013cas nogal\u0113 un n\u0101kam\u0101s ned\u0113\u013cas s\u0101kum\u0101 galvenok\u0101rt gaid\u0101ms neliels m\u0101ko\u0146u daudzums, bez nokri\u0161\u0146iem. V\u0113j\u0161 l\u0113ni p\u016bt\u012bs no&hellip;\n","protected":false},"author":2,"featured_media":106341,"comment_status":"","ping_status":"","sticky":false,"template":"","format":"standard","meta":{"footnotes":""},"categories":[12],"tags":[5869,23,28,29,32,33,22,1811,396,397,30,31,35,39,38,36,37,34,40,20,26,27,16895,24,25,21],"class_list":{"0":"post-106340","1":"post","2":"type-post","3":"status-publish","4":"format-standard","5":"has-post-thumbnail","7":"category-latvija","8":"tag-ziema","9":"tag-aktualitates","10":"tag-breaking-news","11":"tag-breakingnews","12":"tag-featured-news","13":"tag-featurednews","14":"tag-headlines","15":"tag-laika-zina","16":"tag-laika-zinas","17":"tag-laikapstakli","18":"tag-latest-news","19":"tag-latestnews","20":"tag-latvia","21":"tag-latvian","22":"tag-latviesu","23":"tag-latviesu-valoda","24":"tag-latviesuvaloda","25":"tag-latvija","26":"tag-lv","27":"tag-news","28":"tag-popularakas-zinas","29":"tag-popularakaszinas","30":"tag-sals","31":"tag-top-stories","32":"tag-topstories","33":"tag-zinas"},"share_on_mastodon":{"url":"https:\/\/pubeurope.com\/@lv\/115904242182538471","error":""},"_links":{"self":[{"href":"https:\/\/www.europesays.com\/lv\/wp-json\/wp\/v2\/posts\/106340","targetHints":{"allow":["GET"]}}],"collection":[{"href":"https:\/\/www.europesays.com\/lv\/wp-json\/wp\/v2\/posts"}],"about":[{"href":"https:\/\/www.europesays.com\/lv\/wp-json\/wp\/v2\/types\/post"}],"author":[{"embeddable":true,"href":"https:\/\/www.europesays.com\/lv\/wp-json\/wp\/v2\/users\/2"}],"replies":[{"embeddable":true,"href":"https:\/\/www.europesays.com\/lv\/wp-json\/wp\/v2\/comments?post=106340"}],"version-history":[{"count":0,"href":"https:\/\/www.europesays.com\/lv\/wp-json\/wp\/v2\/posts\/106340\/revisions"}],"wp:featuredmedia":[{"embeddable":true,"href":"https:\/\/www.europesays.com\/lv\/wp-json\/wp\/v2\/media\/106341"}],"wp:attachment":[{"href":"https:\/\/www.europesays.com\/lv\/wp-json\/wp\/v2\/media?parent=106340"}],"wp:term":[{"taxonomy":"category","embeddable":true,"href":"https:\/\/www.europesays.com\/lv\/wp-json\/wp\/v2\/categories?post=106340"},{"taxonomy":"post_tag","embeddable":true,"href":"https:\/\/www.europesays.com\/lv\/wp-json\/wp\/v2\/tags?post=106340"}],"curies":[{"name":"wp","href":"https:\/\/api.w.org\/{rel}","templated":true}]}}