{"id":106346,"date":"2026-01-16T10:20:07","date_gmt":"2026-01-16T10:20:07","guid":{"rendered":"https:\/\/www.europesays.com\/lv\/106346\/"},"modified":"2026-01-16T10:20:07","modified_gmt":"2026-01-16T10:20:07","slug":"balinskis-ar-panthers-otro-gadu-pec-kartas-viesojas-pie-trampa-baltaja-nama","status":"publish","type":"post","link":"https:\/\/www.europesays.com\/lv\/106346\/","title":{"rendered":"Balinskis ar &#8220;Panthers&#8221; otro gadu p\u0113c k\u0101rtas viesojas pie Trampa Baltaj\u0101 nam\u0101"},"content":{"rendered":"<p>Balinskis iepriek\u0161\u0113j\u0101 sezon\u0101 ar &#8220;Panthers&#8221; komandu k\u013cuva par Stenlija kausa ieguv\u0113ju, Floridas vien\u012bbai Nacion\u0101l\u0101s hokeja l\u012bgas (<a href=\"https:\/\/sports.tvnet.lv\/term\/10077\/nhl\" class=\"topicLink\" target=\"_blank\" rel=\"nofollow noopener\">NHL<\/a>) fin\u0101ls\u0113rij\u0101 ar 4-2 uzvarot Edmontonas &#8220;Oilers&#8221;.<\/p>\n<p>Gadu iepriek\u0161 &#8220;Panthers&#8221; fin\u0101l\u0101 ar\u012b tik\u0101s ar &#8220;Oilers&#8221; un tad bija p\u0101r\u0101ki ar 4-3.<\/p>\n<p>Ja 2024. gada Stenlija kausa izc\u012b\u0146\u0101 Balinskis nepiedal\u012bj\u0101s, tad pag\u0101ju\u0161aj\u0101 sezon\u0101 vi\u0146\u0161 aizvad\u012bja piecas &#8220;play off&#8221; sp\u0113les un guva vienus v\u0101rtus, bet regul\u0101raj\u0101 \u010dempion\u0101t\u0101 76 ma\u010dos iekr\u0101ja 18 (4+14) punktus un vi\u0146a v\u0101rds uz Stenlija kausa tika iegrav\u0113ts.<\/p>\n<p>&#8220;M\u0113s negras\u0101mies apst\u0101ties,&#8221; ar t\u0101du saukli Baltaj\u0101 nam\u0101 ceturtdien ierad\u0101s &#8220;Panthers&#8221;, kas prezidentam uzd\u0101vin\u0101ja komandas kreklu ar 47. numuru, zelta n\u016bju un p\u0113d\u0113jo divu sezonu \u010dempionu gredzenus.<\/p>\n<p>Zieme\u013camerikas profesion\u0101lo l\u012bgu uzvar\u0113t\u0101ji ierasti viesojas Baltaj\u0101 nam\u0101 pie ASV prezidenta.<\/p>\n<p>&#8220;Panthers&#8221; \u0161\u012b sezona vair\u0101ku savainoto l\u012bderu d\u0113\u013c nav izv\u0113rtusies p\u0101r\u0101k sekm\u012bga, un komanda ar 51 punktu 45 sp\u0113l\u0113s ie\u0146em 12. poz\u012bciju Austrumu konferenc\u0113.<\/p>\n<p>N\u0101kamo ma\u010du Floridas vien\u012bba, kur\u0101 \u0161osezon debit\u0113ja ar\u012b uzbruc\u0113js <a href=\"https:\/\/sports.tvnet.lv\/term\/743232\/sandis-vilmanis\" class=\"topicLink\" target=\"_blank\" rel=\"nofollow noopener\">Sandis Vilmanis<\/a>, aizvad\u012bs nakt\u012b uz sestdienu p\u0113c Latvijas laika, izbraukum\u0101 tiekoties ar Karol\u012bnas &#8220;Hurricanes&#8221; hokejistiem.<\/p>\n","protected":false},"excerpt":{"rendered":"Balinskis iepriek\u0161\u0113j\u0101 sezon\u0101 ar &#8220;Panthers&#8221; komandu k\u013cuva par Stenlija kausa ieguv\u0113ju, Floridas vien\u012bbai Nacion\u0101l\u0101s hokeja l\u012bgas (NHL) fin\u0101ls\u0113rij\u0101&hellip;\n","protected":false},"author":2,"featured_media":106347,"comment_status":"","ping_status":"","sticky":false,"template":"","format":"standard","meta":{"footnotes":""},"categories":[17],"tags":[542,3317,2881,425,35,39,38,36,37,34,40,835,422,67,10954,4672],"class_list":{"0":"post-106346","1":"post","2":"type-post","3":"status-publish","4":"format-standard","5":"has-post-thumbnail","7":"category-sports","8":"tag-donalds-tramps","9":"tag-edmontonas-oilers","10":"tag-florida-panthers","11":"tag-floridas-panthers","12":"tag-latvia","13":"tag-latvian","14":"tag-latviesu","15":"tag-latviesu-valoda","16":"tag-latviesuvaloda","17":"tag-latvija","18":"tag-lv","19":"tag-nhl","20":"tag-sandis-vilmanis","21":"tag-sports","22":"tag-stenlija-kauss","23":"tag-uvis-janis-balinskis"},"share_on_mastodon":{"url":"https:\/\/pubeurope.com\/@lv\/115904277531383912","error":""},"_links":{"self":[{"href":"https:\/\/www.europesays.com\/lv\/wp-json\/wp\/v2\/posts\/106346","targetHints":{"allow":["GET"]}}],"collection":[{"href":"https:\/\/www.europesays.com\/lv\/wp-json\/wp\/v2\/posts"}],"about":[{"href":"https:\/\/www.europesays.com\/lv\/wp-json\/wp\/v2\/types\/post"}],"author":[{"embeddable":true,"href":"https:\/\/www.europesays.com\/lv\/wp-json\/wp\/v2\/users\/2"}],"replies":[{"embeddable":true,"href":"https:\/\/www.europesays.com\/lv\/wp-json\/wp\/v2\/comments?post=106346"}],"version-history":[{"count":0,"href":"https:\/\/www.europesays.com\/lv\/wp-json\/wp\/v2\/posts\/106346\/revisions"}],"wp:featuredmedia":[{"embeddable":true,"href":"https:\/\/www.europesays.com\/lv\/wp-json\/wp\/v2\/media\/106347"}],"wp:attachment":[{"href":"https:\/\/www.europesays.com\/lv\/wp-json\/wp\/v2\/media?parent=106346"}],"wp:term":[{"taxonomy":"category","embeddable":true,"href":"https:\/\/www.europesays.com\/lv\/wp-json\/wp\/v2\/categories?post=106346"},{"taxonomy":"post_tag","embeddable":true,"href":"https:\/\/www.europesays.com\/lv\/wp-json\/wp\/v2\/tags?post=106346"}],"curies":[{"name":"wp","href":"https:\/\/api.w.org\/{rel}","templated":true}]}}