{"id":10636,"date":"2025-10-02T13:37:07","date_gmt":"2025-10-02T13:37:07","guid":{"rendered":"https:\/\/www.europesays.com\/lv\/10636\/"},"modified":"2025-10-02T13:37:07","modified_gmt":"2025-10-02T13:37:07","slug":"krievu-raketes-spej-apiet-sistemas-patriot-vesta-laikraksts","status":"publish","type":"post","link":"https:\/\/www.europesays.com\/lv\/10636\/","title":{"rendered":"Krievu ra\u0137etes sp\u0113j apiet sist\u0113mas &#8220;Patriot&#8221;, v\u0113sta laikraksts"},"content":{"rendered":"<p><a href=\"https:\/\/www.apollo.lv\/term\/555452\/krievija\" class=\"topicLink\" target=\"_blank\" rel=\"nofollow noopener\">Krievija<\/a>, visticam\u0101k, moderniz\u0113jusi savu mobilo kompleksu &#8220;Iskander-M&#8221;, kas raida ra\u0137etes ar darb\u012bbas r\u0101diusu l\u012bdz 500 kilometriem, k\u0101 gaisa b\u0101z\u0113juma ballistisk\u0101s ra\u0137etes &#8220;Kin\u017eal&#8221;, kas var lidot l\u012bdz 480 kilometriem.<\/p>\n<p>Tagad ra\u0137etes lido pa tipisko trajektoriju, bet p\u0113c tam strauji pik\u0113 vai veic manevrus, kas &#8220;maldina un \u013cauj izvair\u012bties&#8221; no &#8220;Patriot&#8221; ra\u0137et\u0113m, teikts publik\u0101cij\u0101.<\/p>\n<p>Tas ir &#8220;pagrieziena punkts Krievijai&#8221;, laikrakstam atzina bijus\u012b Ukrainas amatpersona.<\/p>\n<p>Krievijas ballistisko ra\u0137e\u0161u p\u0101rtver\u0161anas r\u0101d\u012bt\u0101ji vasar\u0101 uzlaboj\u0101s, august\u0101 sasniedzot 37%, bet septembr\u012b strauji samazin\u0101j\u0101s l\u012bdz 6%, nor\u0101da &#8220;Financial Times&#8221;.<\/p>\n<p>Ra\u0137e\u0161u triecienos vasar\u0101 nopietni post\u012bjumi nodar\u012bti vismaz \u010detr\u0101m dronu r\u016bpn\u012bc\u0101m Kijiv\u0101 un t\u0101s apk\u0101rtn\u0113, nor\u0101d\u012bja avoti.<\/p>\n<p>T\u0101 28.august\u0101 tika veikts trieciens Turcijas &#8220;Bayraktar&#8221; dronu ra\u017eotnei.<\/p>\n<p>&#8220;Patriot&#8221; ra\u0137etes ir vien\u012bg\u0101s Ukrainas arsen\u0101l\u0101, kas sp\u0113j notriekt Krievijas ballistisk\u0101s ra\u0137etes, bet sp\u0101rnot\u0101s ra\u0137etes var notriekt ar\u012b ar pretgaisa aizsardz\u012bbas sist\u0113m\u0101m, kas nav pa\u0161as modern\u0101k\u0101s.<\/p>\n<p>Rietumu amatpersona, kas ir inform\u0113ta par &#8220;Patriot&#8221; \u012bpa\u0161\u012bb\u0101m, skaidroja, ka pirm\u0101 Krievijas ra\u0137e\u0161u moderniz\u0101cijas paz\u012bme ir iev\u0113rojama p\u0101rtver\u0161anas r\u0101d\u012bt\u0101ju samazin\u0101\u0161an\u0101s.<\/p>\n","protected":false},"excerpt":{"rendered":"Krievija, visticam\u0101k, moderniz\u0113jusi savu mobilo kompleksu &#8220;Iskander-M&#8221;, kas raida ra\u0137etes ar darb\u012bbas r\u0101diusu l\u012bdz 500 kilometriem, k\u0101 gaisa&hellip;\n","protected":false},"author":2,"featured_media":10637,"comment_status":"","ping_status":"","sticky":false,"template":"","format":"standard","meta":{"footnotes":""},"categories":[14],"tags":[23,57,28,29,32,33,22,234,74,30,31,35,39,38,36,37,34,40,20,26,27,24,25,54,55,56,21,58],"class_list":{"0":"post-10636","1":"post","2":"type-post","3":"status-publish","4":"format-standard","5":"has-post-thumbnail","7":"category-zinas-no-arvalstim","8":"tag-aktualitates","9":"tag-arvalstim","10":"tag-breaking-news","11":"tag-breakingnews","12":"tag-featured-news","13":"tag-featurednews","14":"tag-headlines","15":"tag-krievija","16":"tag-krievijas-iebrukums-ukraina","17":"tag-latest-news","18":"tag-latestnews","19":"tag-latvia","20":"tag-latvian","21":"tag-latviesu","22":"tag-latviesu-valoda","23":"tag-latviesuvaloda","24":"tag-latvija","25":"tag-lv","26":"tag-news","27":"tag-popularakas-zinas","28":"tag-popularakaszinas","29":"tag-top-stories","30":"tag-topstories","31":"tag-world","32":"tag-world-news","33":"tag-worldnews","34":"tag-zinas","35":"tag-zinas-no-arvalstim"},"share_on_mastodon":{"url":"","error":""},"_links":{"self":[{"href":"https:\/\/www.europesays.com\/lv\/wp-json\/wp\/v2\/posts\/10636","targetHints":{"allow":["GET"]}}],"collection":[{"href":"https:\/\/www.europesays.com\/lv\/wp-json\/wp\/v2\/posts"}],"about":[{"href":"https:\/\/www.europesays.com\/lv\/wp-json\/wp\/v2\/types\/post"}],"author":[{"embeddable":true,"href":"https:\/\/www.europesays.com\/lv\/wp-json\/wp\/v2\/users\/2"}],"replies":[{"embeddable":true,"href":"https:\/\/www.europesays.com\/lv\/wp-json\/wp\/v2\/comments?post=10636"}],"version-history":[{"count":0,"href":"https:\/\/www.europesays.com\/lv\/wp-json\/wp\/v2\/posts\/10636\/revisions"}],"wp:featuredmedia":[{"embeddable":true,"href":"https:\/\/www.europesays.com\/lv\/wp-json\/wp\/v2\/media\/10637"}],"wp:attachment":[{"href":"https:\/\/www.europesays.com\/lv\/wp-json\/wp\/v2\/media?parent=10636"}],"wp:term":[{"taxonomy":"category","embeddable":true,"href":"https:\/\/www.europesays.com\/lv\/wp-json\/wp\/v2\/categories?post=10636"},{"taxonomy":"post_tag","embeddable":true,"href":"https:\/\/www.europesays.com\/lv\/wp-json\/wp\/v2\/tags?post=10636"}],"curies":[{"name":"wp","href":"https:\/\/api.w.org\/{rel}","templated":true}]}}