{"id":106369,"date":"2026-01-16T10:44:15","date_gmt":"2026-01-16T10:44:15","guid":{"rendered":"https:\/\/www.europesays.com\/lv\/106369\/"},"modified":"2026-01-16T10:44:15","modified_gmt":"2026-01-16T10:44:15","slug":"vef-riga-sastavu-papildina-rezultativs-amerikanu-saspeles-vaditajs-kamau-stoukss-lente-lv","status":"publish","type":"post","link":"https:\/\/www.europesays.com\/lv\/106369\/","title":{"rendered":"&#8220;VEF R\u012bga&#8221; sast\u0101vu papildina rezultat\u012bvs amerik\u0101\u0146u sasp\u0113les vad\u012bt\u0101js Kamau Stoukss\u00a0\u2014\u00a0Lente.lv"},"content":{"rendered":"<p>VEF R\u012bga pastiprin\u0101s ar jaunu sasp\u0113les vad\u012bt\u0101ju<\/p>\n<p>Latvijas Basketbola l\u012bgas un Latvijas-Igaunijas basketbola l\u012bgas \u010dempione \u201cVEF R\u012bga\u201d pazi\u0146ojusi par jauna sp\u0113l\u0113t\u0101ja pievieno\u0161anos komandai. Klubs parakst\u012bjis l\u012bgumu ar 30 gadus veco amerik\u0101\u0146u sasp\u0113les vad\u012bt\u0101ju Kamau Stoukssu. Vi\u0146\u0161 iepriek\u0161\u0113j\u0101s sezon\u0101s ir sp\u0113l\u0113jis \u013coti rezultat\u012bvi Bulg\u0101rijas \u010dempion\u0101t\u0101, p\u0101rst\u0101vot komandu \u201cRilski Sportist\u201d. K\u0101 inform\u0113 port\u0101ls jauns.lv, Stoukss basketbola pasaul\u0113 paz\u012bstams ar sav\u0101m sp\u0113l\u0113t\u0101ja sp\u0113j\u0101m un sp\u0113ju b\u016bt l\u012bderim laukum\u0101.<\/p>\n<p>Stoukssas iepriek\u0161\u0113j\u0101 pieredze un statistika<\/p>\n<p>Kamau Stoukss, kur\u0161 dzimis 1995. gada 26. septembr\u012b Baltimor\u0101, M\u0113rilendas \u0161tat\u0101, ir 183 cm gar\u0161 sasp\u0113les vad\u012bt\u0101js. Vi\u0146\u0161 ir absolv\u0113jis Kanzasas \u0161tata universit\u0101ti, kur aizvad\u012bjis \u010detras sezonas, vid\u0113ji g\u016bstot 10,4 punktus, atdodot 3,5 rezultat\u012bvas piesp\u0113les un sav\u0101cot 2,7 atl\u0113ku\u0161\u0101s bumbas. Stoukss ir viens no retajiem sp\u0113l\u0113t\u0101jiem Kanzasas \u0161tata universit\u0101tes v\u0113stur\u0113, kas sasniedzis vair\u0101k nek\u0101 1000 punktus, 200 tr\u012bspunktu metienus, 400 rezultat\u012bvas piesp\u0113les un 100 p\u0101rtvert\u0101s bumbas. Vi\u0146a profesion\u0101l\u0101 karjera ies\u0101k\u0101s p\u0113c NBA drafta 2019. gad\u0101, un kop\u0161 t\u0101 laika vi\u0146\u0161 ir sp\u0113l\u0113jis da\u017e\u0101d\u0101s l\u012bg\u0101s Eirop\u0101, tostarp Polij\u0101, V\u0101cij\u0101, Zviedrij\u0101, Ung\u0101rij\u0101, Lietuv\u0101, Meksik\u0101, \u010cehij\u0101 un Rum\u0101nij\u0101. P\u0113d\u0113j\u0101s divas sezonas vi\u0146\u0161 pavad\u012bjis Bulg\u0101rij\u0101, kur sevi apliecin\u0101jis k\u0101 rezultat\u012bvu sp\u0113l\u0113t\u0101ju. 2025.\/2026. gada sezon\u0101 Stoukss FIBA Eiropas kaus\u0101 vid\u0113ji sp\u0113l\u0113 guva 16,2 punktus, veica 5,2 rezultat\u012bvas piesp\u0113les un 4,6 atl\u0113ku\u0161\u0101s bumbas, k\u0101 ar\u012b 16,8 efektivit\u0101tes punktus. Iepriek\u0161\u0113j\u0101 gada sezon\u0101 Bulg\u0101rijas Nacion\u0101laj\u0101 basketbola l\u012bg\u0101 (NBL) vi\u0146\u0161 vid\u0113ji guva 16,9 punktus, atdeva 3,4 rezultat\u012bvas piesp\u0113les un sav\u0101ca 0,7 atl\u0113ku\u0161\u0101s bumbas, ar efektivit\u0101ti 13,6. Savuk\u0101rt FIBA \u010cempionu l\u012bgas kvalifik\u0101cij\u0101 2025. gad\u0101 vi\u0146\u0161 vien\u0101 sp\u0113l\u0113 guva 22 punktus, atdeva 2 rezultat\u012bvas piesp\u0113les un sav\u0101ca 2 atl\u0113ku\u0161\u0101s bumbas, sasniedzot 13 efektivit\u0101tes punktus. (Statistika attiecas uz iepriek\u0161\u0113j\u0101m sezon\u0101m un var b\u016bt nepiln\u012bga vai at\u0161\u0137irties no jaun\u0101kajiem datiem). <\/p>\n<p>Pievieno\u0161an\u0101s VEF R\u012bga un komandas perspekt\u012bvas<\/p>\n<p>Kamau Stoukss pievienojies \u201cVEF R\u012bga\u201d rind\u0101m, lai stiprin\u0101tu komandas sasp\u0113les vad\u012bt\u0101ju l\u012bniju. Vi\u0146a pieredze un rezultat\u012bv\u0101 sp\u0113le var\u0113tu b\u016bt v\u0113rt\u012bgs ieguvums komandai, kas c\u012bn\u012bsies par augst\u0101m viet\u0101m gan Latvijas-Igaunijas l\u012bg\u0101, gan citos turn\u012bros. \u201cVEF R\u012bga\u201d ir starp l\u012bgas sp\u0113c\u012bg\u0101kaj\u0101m komand\u0101m, un ar katru jaunu papildin\u0101jumu cer nostiprin\u0101t savas poz\u012bcijas. Komandas pa\u0161reiz\u0113jo sast\u0101vu veido t\u0101di sp\u0113l\u0113t\u0101ji k\u0101 Rihards Aleksandrovs, Toni Rocak, Adrians Andzevs, Kristaps Kilps un Zahir Porter. K\u0101 komandas galvenais treneris str\u0101d\u0101 M\u0101rti\u0146\u0161 Gulbis.<\/p>\n<p>Atska\u0146a uz iepriek\u0161\u0113jiem sasniegumiem<\/p>\n<p>\u201cVEF R\u012bga\u201d ir Latvijas Basketbola l\u012bgas un Latvijas-Igaunijas basketbola l\u012bgas \u010dempioni, apliecinot savu dominanci Latvijas un Baltijas re\u0123iona basketbol\u0101. Klubs dibin\u0101ts 1958. gad\u0101 un atjaunots 2007. gad\u0101. \u201cVEF R\u012bga\u201d kr\u0101sas ir melna un balta. Komanda regul\u0101ri piedal\u0101s ar\u012b citos starptautiskos turn\u012bros, cen\u0161oties pilnveidoties un p\u0101rst\u0101v\u0113t Latviju Eiropas basketbola ar\u0113n\u0101s.<\/p>\n","protected":false},"excerpt":{"rendered":"VEF R\u012bga pastiprin\u0101s ar jaunu sasp\u0113les vad\u012bt\u0101ju Latvijas Basketbola l\u012bgas un Latvijas-Igaunijas basketbola l\u012bgas \u010dempione \u201cVEF R\u012bga\u201d pazi\u0146ojusi&hellip;\n","protected":false},"author":2,"featured_media":106370,"comment_status":"","ping_status":"","sticky":false,"template":"","format":"standard","meta":{"footnotes":""},"categories":[17],"tags":[145,25425,35,39,38,36,37,34,1313,40,25426,67,1618],"class_list":{"0":"post-106369","1":"post","2":"type-post","3":"status-publish","4":"format-standard","5":"has-post-thumbnail","7":"category-sports","8":"tag-basketbols","9":"tag-kamau-stokes","10":"tag-latvia","11":"tag-latvian","12":"tag-latviesu","13":"tag-latviesu-valoda","14":"tag-latviesuvaloda","15":"tag-latvija","16":"tag-latvijas-basketbola-liga","17":"tag-lv","18":"tag-saspeles-vaditajs","19":"tag-sports","20":"tag-vef-riga"},"share_on_mastodon":{"url":"https:\/\/pubeurope.com\/@lv\/115904372042355711","error":""},"_links":{"self":[{"href":"https:\/\/www.europesays.com\/lv\/wp-json\/wp\/v2\/posts\/106369","targetHints":{"allow":["GET"]}}],"collection":[{"href":"https:\/\/www.europesays.com\/lv\/wp-json\/wp\/v2\/posts"}],"about":[{"href":"https:\/\/www.europesays.com\/lv\/wp-json\/wp\/v2\/types\/post"}],"author":[{"embeddable":true,"href":"https:\/\/www.europesays.com\/lv\/wp-json\/wp\/v2\/users\/2"}],"replies":[{"embeddable":true,"href":"https:\/\/www.europesays.com\/lv\/wp-json\/wp\/v2\/comments?post=106369"}],"version-history":[{"count":0,"href":"https:\/\/www.europesays.com\/lv\/wp-json\/wp\/v2\/posts\/106369\/revisions"}],"wp:featuredmedia":[{"embeddable":true,"href":"https:\/\/www.europesays.com\/lv\/wp-json\/wp\/v2\/media\/106370"}],"wp:attachment":[{"href":"https:\/\/www.europesays.com\/lv\/wp-json\/wp\/v2\/media?parent=106369"}],"wp:term":[{"taxonomy":"category","embeddable":true,"href":"https:\/\/www.europesays.com\/lv\/wp-json\/wp\/v2\/categories?post=106369"},{"taxonomy":"post_tag","embeddable":true,"href":"https:\/\/www.europesays.com\/lv\/wp-json\/wp\/v2\/tags?post=106369"}],"curies":[{"name":"wp","href":"https:\/\/api.w.org\/{rel}","templated":true}]}}