{"id":106391,"date":"2026-01-16T11:00:08","date_gmt":"2026-01-16T11:00:08","guid":{"rendered":"https:\/\/www.europesays.com\/lv\/106391\/"},"modified":"2026-01-16T11:00:08","modified_gmt":"2026-01-16T11:00:08","slug":"ek-izstrada-ipasu-modeli-ukrainas-drizakai-uznemsanai-es-zino-ft-tvnet","status":"publish","type":"post","link":"https:\/\/www.europesays.com\/lv\/106391\/","title":{"rendered":"EK izstr\u0101d\u0101 \u012bpa\u0161u modeli Ukrainas dr\u012bz\u0101kai uz\u0146em\u0161anai ES, zi\u0146o FT &#8211; TVNET"},"content":{"rendered":"<ol>\n<li><a href=\"https:\/\/news.google.com\/rss\/articles\/CBMimAFBVV95cUxQQUhLaUprREl2aFdPVG5WVUFPU1dxbVFROTEyMHFtYk5aN0RRR0ZHdmdhbVZwdHlwSm9tT08yOXVvb2h3WTh0aS0yU2ZmbVhHOXZxRU9wWmRNWEMtNVZXSlg1dXlhS3dIamJwckM1UGh6RXFyYVRhaVkwcTdzZGN2UEl5X3c1UkRqWDlINGdzTXhxMFlNRkpjZw?oc=5\" target=\"_blank\" rel=\"nofollow noopener\">EK izstr\u0101d\u0101 \u012bpa\u0161u modeli Ukrainas dr\u012bz\u0101kai uz\u0146em\u0161anai ES, zi\u0146o FT<\/a>&nbsp;&nbsp;TVNET<\/li>\n<li><a href=\"https:\/\/news.google.com\/rss\/articles\/CBMi0AFBVV95cUxPMmZmRkZHOUFfeHdVSHJ2TzFVMDNxeW9tZVZLclQ1cjZxRG5pWXJzR25jUGk4ZDM0VFlyeXoyZlM1aE9pWFBXdVFQNVdsT1lWM0d0cFh4LUJYa2E1d2JfdWZJUW43LUYwU1pyMk9LN2syQWNaU29rcjg2ZVUyc1NRTGtPUG5Yb0xHN3E3M0M1T1prRXdQOEdDcUk0WXV6cHo3Q251MGE2VVc3RkdZM3o3amV6SkJKN1NKQ2VwdGxmZjJTaENJdWtDZHJYY0VvNEdX?oc=5\" target=\"_blank\" rel=\"nofollow noopener\">Eiropas Komisija izkl\u0101sta noteikumus 90 miljardu eiro aizdevumam Ukrainai \/ Raksts<\/a>&nbsp;&nbsp;LSM<\/li>\n<li><a href=\"https:\/\/news.google.com\/rss\/articles\/CBMirwFBVV95cUxPMmhIVktFdGE1eUY2c0xQT2FoaFRuX2toS1ZMejdGZV8yZFZCUU5LXzdBZjVoN2JiNFMtVktuZVl0aDhIWUNRQ3cteXBXTXV6RVBwQk5uNWUtWVRzb2RuNnk4UXpyRmNPX0N3cU5IXzJ4UEhTNmhhNjBjWVRRYkFwX25sUzc5Qy14YlVwMFAxdl9tc25Oc1ZYQ25SZ2ktM3dQd216XzZYY256OUZWcGlJ0gG0AUFVX3lxTE9VSDUwOUIxcjJmblMzVlBYU1dQdGk3eHNITmtKX3VlQ2RJMlJjOUlDX3V4U3VfZUVwTDNOYkFfWVE4S2hoYVltQURucjVEbzVVaVBTWWNzRHQ5VmREbFlRbDhsd1NpY3RoZEVKQUt2Nk91YU5ncVlnRlJoblQ3WVJXZkdkbTdtOW94UGJaXzVNMTNQUjJvUnp6eDNYT1JOWWVHZ0JaLUZQaWtHVk1Qd1p1VEZ6Zw?oc=5\" target=\"_blank\" rel=\"nofollow noopener\">Politico ba\u017e\u012bjas par \u00abaugo\u0161o plaisu transatlantiskaj\u0101 alians\u0113\u00bb<\/a>&nbsp;&nbsp;bb.lv<\/li>\n<li><a href=\"https:\/\/news.google.com\/rss\/articles\/CBMiuwFBVV95cUxOVXp4emdUN0NRZExueFVkcG1ObzB4WnJmdjFzOHlZYnhkWGdEdGwwZ1ZvX3RrQlFBRXN5dGx5UVRQZGxvRVJ3LUZkT2VSODQ1RzlEaFVjQW5RXzU2X1JVNU9QUTZoOGdESjdYd25BZUM5SE1hbmtybV80bmVUUGR2RUxzcUNPdzRfcl9XMXpKWHYzcWd3S3J2MjJ4SGVabmIteW1vUWx4LTZ2Slk4a29WVFUwb0JJQWpMaEpN?oc=5\" target=\"_blank\" rel=\"nofollow noopener\">Eiropas Komisija n\u0101k klaj\u0101 ar deta\u013c\u0101m pl\u0101nam par 90 miljardu eiro atbalsta pie\u0161\u0137ir\u0161anu Ukrainai<\/a>&nbsp;&nbsp;Sargs.lv<\/li>\n<li><a href=\"https:\/\/news.google.com\/rss\/articles\/CBMiqgFBVV95cUxNNG9OU3dGN3VWdExiaFZxaHNKb19ENkE0VGdCenRwQWExd0trYjN4Tk1OcXVQelVwQTdDMmEzWWFoMlRGNFR3blZwbFk4OU9fbS1UeDg1bDh2dlkzbnlkTER5Q2ZmTDF1MGFIRmJESXdPbmtpNlg2alpTcWNzREthQzQxTFk2U0Z3VXVvLXd2TS11NXJ0QWZUQjZubEZ6bTRRMk9XTXUzTHJRZw?oc=5\" target=\"_blank\" rel=\"nofollow noopener\">EK pl\u0101no divu gadu laik\u0101 atbalst\u012bt Ukrainu ar 90 miljardiem eiro<\/a>&nbsp;&nbsp;Inbox.lv<\/li>\n<\/ol>\n","protected":false},"excerpt":{"rendered":"EK izstr\u0101d\u0101 \u012bpa\u0161u modeli Ukrainas dr\u012bz\u0101kai uz\u0146em\u0161anai ES, zi\u0146o FT&nbsp;&nbsp;TVNET Eiropas Komisija izkl\u0101sta noteikumus 90 miljardu eiro aizdevumam&hellip;\n","protected":false},"author":2,"featured_media":106392,"comment_status":"","ping_status":"","sticky":false,"template":"","format":"standard","meta":{"footnotes":""},"categories":[5],"tags":[23,28,29,512,514,32,33,22,74,30,31,35,39,38,36,37,34,40,20,26,27,24,25,276,21],"class_list":{"0":"post-106391","1":"post","2":"type-post","3":"status-publish","4":"format-standard","5":"has-post-thumbnail","7":"category-aktualitates","8":"tag-aktualitates","9":"tag-breaking-news","10":"tag-breakingnews","11":"tag-eiropas-komisija","12":"tag-eiropas-savieniba","13":"tag-featured-news","14":"tag-featurednews","15":"tag-headlines","16":"tag-krievijas-iebrukums-ukraina","17":"tag-latest-news","18":"tag-latestnews","19":"tag-latvia","20":"tag-latvian","21":"tag-latviesu","22":"tag-latviesu-valoda","23":"tag-latviesuvaloda","24":"tag-latvija","25":"tag-lv","26":"tag-news","27":"tag-popularakas-zinas","28":"tag-popularakaszinas","29":"tag-top-stories","30":"tag-topstories","31":"tag-ukraina","32":"tag-zinas"},"share_on_mastodon":{"url":"https:\/\/pubeurope.com\/@lv\/115904435016969786","error":""},"_links":{"self":[{"href":"https:\/\/www.europesays.com\/lv\/wp-json\/wp\/v2\/posts\/106391","targetHints":{"allow":["GET"]}}],"collection":[{"href":"https:\/\/www.europesays.com\/lv\/wp-json\/wp\/v2\/posts"}],"about":[{"href":"https:\/\/www.europesays.com\/lv\/wp-json\/wp\/v2\/types\/post"}],"author":[{"embeddable":true,"href":"https:\/\/www.europesays.com\/lv\/wp-json\/wp\/v2\/users\/2"}],"replies":[{"embeddable":true,"href":"https:\/\/www.europesays.com\/lv\/wp-json\/wp\/v2\/comments?post=106391"}],"version-history":[{"count":0,"href":"https:\/\/www.europesays.com\/lv\/wp-json\/wp\/v2\/posts\/106391\/revisions"}],"wp:featuredmedia":[{"embeddable":true,"href":"https:\/\/www.europesays.com\/lv\/wp-json\/wp\/v2\/media\/106392"}],"wp:attachment":[{"href":"https:\/\/www.europesays.com\/lv\/wp-json\/wp\/v2\/media?parent=106391"}],"wp:term":[{"taxonomy":"category","embeddable":true,"href":"https:\/\/www.europesays.com\/lv\/wp-json\/wp\/v2\/categories?post=106391"},{"taxonomy":"post_tag","embeddable":true,"href":"https:\/\/www.europesays.com\/lv\/wp-json\/wp\/v2\/tags?post=106391"}],"curies":[{"name":"wp","href":"https:\/\/api.w.org\/{rel}","templated":true}]}}