{"id":106425,"date":"2026-01-16T11:38:08","date_gmt":"2026-01-16T11:38:08","guid":{"rendered":"https:\/\/www.europesays.com\/lv\/106425\/"},"modified":"2026-01-16T11:38:08","modified_gmt":"2026-01-16T11:38:08","slug":"sasutums-draudi-un-prasiba-eiropas-tiesa-latvijas-olimpiesu-vadlinijas-krievija-raisa-asas-reakcijas","status":"publish","type":"post","link":"https:\/\/www.europesays.com\/lv\/106425\/","title":{"rendered":"Sa\u0161utums, draudi un pras\u012bba Eiropas ties\u0101 \u2013 Latvijas olimpie\u0161u vadl\u012bnijas Krievij\u0101 raisa asas reakcijas"},"content":{"rendered":"<p>Starptautisk\u0101s sacens\u012bb\u0101s start\u0113jot kop\u0101 ar agresorvalstu \u2013 Krievijas un Baltkrievijas \u2013 p\u0101rst\u0101vjiem, Latvijas sportistiem \u0101rpus sacens\u012bbu norises j\u0101cen\u0161as iesp\u0113jami distanc\u0113ties no vi\u0146iem \u2013 \u0161\u012bs vakar publiskot\u0101s Latvijas Olimpisk\u0101s komitejas (LOK) vadl\u012bnijas Krievij\u0101 izrais\u012bju\u0161as asu retoriku.<\/p>\n<p>Ska\u013ci un emocion\u0101li par LOK noteikumiem izteicies Krievijas Valsts domes Fizisk\u0101s kult\u016bras un sporta komitejas pirmais vietnieks Dmitrijs Svi\u0161\u010devs, intervij\u0101 telev\u012bzijas kan\u0101lam &#8220;Match TV&#8221; pazi\u0146ojot, ka gatavo pras\u012bbu Eiropas Cilv\u0113kties\u012bbu ties\u0101. Vi\u0146\u0161 LOK vadl\u012bnijas nod\u0113v\u0113ja ne tikai par diskrimin\u0113jo\u0161\u0101m, bet ar\u012b par &#8220;apzin\u0101tu olimpisk\u0101s kust\u012bbas pamatu grau\u0161anu&#8221;, apgalvojot, ka aicin\u0101jumi izvair\u012bties no kontaktiem, kop\u012bg\u0101m fotogr\u0101fij\u0101m un sazi\u0146as ar Krievijas un Baltkrievijas sportistiem esot &#8220;sporta aparte\u012bda ideolo\u0123ija&#8221;.<\/p>\n<p>Lasiet ar\u012b<\/p>\n<p><a href=\"https:\/\/www.delfi.lv\/sports\/22437390\/winter_sports\/120102584\/latvijas-sportistiem-sacensibas-jadistancejas-no-agresoriem-lok-pirms-spelem-izsludina-vadlinijas\" class=\"headline__image-link\" itemprop=\"url\" rel=\"nofollow noopener\" target=\"_blank\"><img decoding=\"async\" loading=\"lazy\" itemprop=\"image\" src=\"https:\/\/www.europesays.com\/lv\/wp-content\/uploads\/2026\/01\/e101949d-a2da-4752-8f30-9b716f719f82.jpg\" alt=\"Latvijas sportistiem sacens\u012bb\u0101s j\u0101distanc\u0113jas no agresoriem \u2013 LOK pirms sp\u0113l\u0113m izsludina vadl\u012bnijas\" title=\"Latvijas sportistiem sacens\u012bb\u0101s j\u0101distanc\u0113jas no agresoriem \u2013 LOK pirms sp\u0113l\u0113m izsludina vadl\u012bnijas\" class=\"headline__image img-fluid w-100\"\/><\/a><\/p>\n<p>Svi\u0161\u010devs sav\u0101 skaidrojum\u0101 uzsver, ka \u0161\u0101das rekomend\u0101cijas, vi\u0146apr\u0101t, rupji p\u0101rk\u0101pjot Olimpisko hartu, p\u0101rv\u0113r\u0161ot sportistus par &#8220;politisk\u0101s hist\u0113rijas \u0137\u012blniekiem&#8221; un esot v\u0113rstas uz &#8220;rasistisku un rusofobisku uzskatu demonstr\u0113\u0161anu&#8221;. Deput\u0101ts sola v\u0113rsties ne tikai Eiropas Cilv\u0113kties\u012bbu ties\u0101, bet ar\u012b iesniegt ofici\u0101lus piepras\u012bjumus Starptautiskajai Olimpiskajai komitejai, pieprasot juridisku izv\u0113rt\u0113jumu Latvijas r\u012bc\u012bbai.<\/p>\n<p>Ironiski, ka Svi\u0161\u010devs atsaucas uz Olimpisko hartu, ko iepriek\u0161 v\u0113l nopietn\u0101k p\u0101rk\u0101pa Krievija. <a rel=\"noopener nofollow\" target=\"_blank\" href=\"https:\/\/www.delfi.lv\/temas\/35597089\/starptautiska-olimpiska-komiteja\" tag-id=\"35597089\">Starptautisk\u0101 Olimpisk\u0101 komiteja<\/a> (SOK) 2023. gada 12.oktobr\u012b aptur\u0113ja Krievijas Olimpisk\u0101s komitejas darb\u012bbu par Ukrainas teritori\u0101l\u0101s integrit\u0101tes p\u0101rk\u0101p\u0161anu, atz\u012bstot nelikum\u012bgi anekt\u0113tas Doneckas, Hersonas, Luhanskas un Zapori\u017ejas teritorijas Krievijas Olimpisk\u0101s komitejas l\u0113mums iek\u013caut sav\u0101 sast\u0101v\u0101 okup\u0113t\u0101s teritorijas ir Olimpisk\u0101s hartas p\u0101rk\u0101pums, jo tas p\u0101rk\u0101pj Ukrainas Olimpisk\u0101s komitejas teritori\u0101lo integrit\u0101ti, k\u0101 to atzinusi SOK saska\u0146\u0101 ar Olimpisko hartu.<\/p>\n<p>Lasiet ar\u012b<\/p>\n<p><a href=\"https:\/\/www.delfi.lv\/sports\/22506989\/others\/120093678\/ukrainas-sportisti-olimpiskajas-speles-nedrikstes-pat-sveicinaties-ar-krieviem\" class=\"headline__image-link\" itemprop=\"url\" rel=\"nofollow noopener\" target=\"_blank\"><img decoding=\"async\" loading=\"lazy\" itemprop=\"image\" src=\"https:\/\/www.europesays.com\/lv\/wp-content\/uploads\/2026\/01\/346b16e0-5c3c-11ed-aa22-d9deb3f0dbcc.jpg\" alt=\"Ukrainas sportisti olimpiskaj\u0101s sp\u0113l\u0113s nedr\u012bkst\u0113s pat sveicin\u0101ties ar krieviem\" title=\"Ukrainas sportisti olimpiskaj\u0101s sp\u0113l\u0113s nedr\u012bkst\u0113s pat sveicin\u0101ties ar krieviem\" class=\"headline__image img-fluid w-100\"\/><\/a><\/p>\n<p>Izskan\u0113ju\u0161\u0101s zi\u0146as koment\u0113jusi ar\u012b virkne Krievijas sporta dz\u012bves ved\u012bt\u0101ju. T\u0101, piem\u0113ram, Sl\u0113po\u0161anas feder\u0101cijas prezidija loceklis Sergejs Krjanins &#8220;Match TV&#8221; pau\u017e viedokli, ka Krievijas sportistiem uz \u0161\u0101du attieksmi b\u016btu j\u0101atbild ar augstu sniegumu tras\u0113, uzsverot, ka sport\u0101 viss j\u0101iz\u0161\u0137ir god\u012bg\u0101 c\u012b\u0146\u0101, nevis &#8220;fotogr\u0101fij\u0101s vai sarun\u0101s&#8221;.<\/p>\n<p>Savuk\u0101rt Valsts domes deput\u0101te un olimpisk\u0101 \u010dempione \u0101trslido\u0161an\u0101 Svetlana \u017durova apgalvojusi, ka no LOK rekomend\u0101cij\u0101m visvair\u0101k ciet\u012b\u0161ot pa\u0161i Latvijas sportisti. Atsaucoties uz Latvij\u0101 sp\u0113k\u0101 eso\u0161o regul\u0113jumu, vi\u0146a ironiz\u0113, ka situ\u0101cija var\u0113tu non\u0101kt l\u012bdz absurdam \u2013 piem\u0113ram, gad\u012bjum\u0101, ja komandu sporta veid\u0101 Latvijas izlasei n\u0101ktos atteikties no sp\u0113les ar Krievijas komandu, kas olimpiskaj\u0101s sp\u0113l\u0113s noz\u012bm\u0113 diskvalifik\u0101ciju. \u017durova ar\u012b pie\u013c\u0101va, ka starptautiskaj\u0101s sacens\u012bb\u0101s var\u0113tu par\u0101d\u012bties provokatori, kas fiks\u0113tu jebk\u0101du latvie\u0161u sportistu kontaktu ar Krievijas atl\u0113tiem, radot probl\u0113mas tie\u0161i Latvijas pusei.<\/p>\n<p>V\u0113l as\u0101k izteikusies divk\u0101rt\u0113j\u0101 olimpisk\u0101 \u010dempione biatlon\u0101 Svetlana I\u0161muratova, kura LOK rekomend\u0101cijas nod\u0113v\u0113ja par &#8220;idiotismu un rusofobiju&#8221;, pau\u017eot l\u012bdzj\u016bt\u012bbu Latvijas sportistiem, kuriem, vi\u0146aspr\u0101t, n\u0101ksies past\u0101v\u012bgi kontrol\u0113t savu uzved\u012bbu un komunik\u0101ciju.<\/p>\n<p>Tikm\u0113r savulaik le\u0123end\u0101rais hokejists un Valsts domes deput\u0101ts <a rel=\"noopener nofollow\" target=\"_blank\" href=\"https:\/\/www.delfi.lv\/temas\/37810607\/vjaceslavs-fetisovs\" tag-id=\"37810607\">Vja\u010deslavs Fetisovs<\/a> pazi\u0146ojis, ka Latvijas Olimpisk\u0101s komitejas nost\u0101ja esot &#8220;\u0101rpus cilv\u0113ka sapr\u0101ta robe\u017e\u0101m&#8221;. Vi\u0146\u0161 ap\u0161auba Latvijas sportistu konkur\u0113tsp\u0113ju apgalvojot, ka \u0161\u0101di l\u0113mumi tiekot pie\u0146emti &#8220;p\u0113c pav\u0113les&#8221;, bez jebk\u0101das lo\u0123ikas vai vesel\u0101 sapr\u0101ta. &#8220;Ar kuru gan m\u016bs\u0113jiem kop\u0101 fotograf\u0113ties? Vai vi\u0146iem tur maz ir kaut viens sportists, kuram b\u016btu k\u0101da v\u0113rt\u012bba?&#8221; vaic\u0101 Fetisovs. <\/p>\n<p>LOK vadl\u012bnij\u0101s nor\u0101d\u012bs, ka sportistiem j\u0101iev\u0113ro attiec\u012bgo starptautisko sporta veidu feder\u0101ciju noteikumi, tai skait\u0101 tehniskie noteikumi un sacens\u012bbu protokols, tikt\u0101l, cik tas nepiecie\u0161ams, lai nodro\u0161in\u0101tu minim\u0101lo pras\u012bbu izpildi Latvijas sportistu atbilst\u012bbai un pilnv\u0113rt\u012bgai dal\u012bbai \u0161aj\u0101s sacens\u012bb\u0101s.<\/p>\n<p class=\"m-0\">Seko &#8220;Delfi&#8221; ar\u012b  <a target=\"_blank\" href=\"https:\/\/www.instagram.com\/delfi.lv\/\" rel=\"nofollow noopener\">Instagram<\/a>  un <a target=\"_blank\" href=\"https:\/\/www.youtube.com\/channel\/UCw5foWtcJvAbUm64rv7jwUQ\" rel=\"nofollow noopener\">YouTube<\/a>  profil\u0101 \u2013 pievienojies, lai uzzin\u0101tu svar\u012bg\u0101ko un interesant\u0101ko pirmais!<\/p>\n<p>Publik\u0101cijas saturs vai t\u0101s jebk\u0101da apjoma da\u013ca ir aizsarg\u0101ts autorties\u012bbu objekts Autorties\u012bbu likuma izpratn\u0113, un t\u0101 izmanto\u0161ana bez izdev\u0113ja at\u013caujas ir aizliegta. Vair\u0101k lasi  <a target=\"_blank\" href=\"https:\/\/www.delfi.lv\/noteikumi#autortiesibas\" rel=\"nofollow noopener\">\u0161eit<\/a><script async src=\"\/\/www.instagram.com\/embed.js\"><\/script><\/p>\n","protected":false},"excerpt":{"rendered":"Starptautisk\u0101s sacens\u012bb\u0101s start\u0113jot kop\u0101 ar agresorvalstu \u2013 Krievijas un Baltkrievijas \u2013 p\u0101rst\u0101vjiem, Latvijas sportistiem \u0101rpus sacens\u012bbu norises j\u0101cen\u0161as&hellip;\n","protected":false},"author":2,"featured_media":106426,"comment_status":"","ping_status":"","sticky":false,"template":"","format":"standard","meta":{"footnotes":""},"categories":[17],"tags":[74,35,39,38,36,37,34,40,8298,1500,67,8589,434,25432,527],"class_list":{"0":"post-106425","1":"post","2":"type-post","3":"status-publish","4":"format-standard","5":"has-post-thumbnail","7":"category-sports","8":"tag-krievijas-iebrukums-ukraina","9":"tag-latvia","10":"tag-latvian","11":"tag-latviesu","12":"tag-latviesu-valoda","13":"tag-latviesuvaloda","14":"tag-latvija","15":"tag-lv","16":"tag-milana-2026","17":"tag-olimpiskas-speles","18":"tag-sports","19":"tag-starptautiska-olimpiska-komiteja","20":"tag-vieglatletika","21":"tag-vjaceslavs-fetisovs","22":"tag-ziemas-olimpiskas-speles"},"share_on_mastodon":{"url":"https:\/\/pubeurope.com\/@lv\/115904584294999529","error":""},"_links":{"self":[{"href":"https:\/\/www.europesays.com\/lv\/wp-json\/wp\/v2\/posts\/106425","targetHints":{"allow":["GET"]}}],"collection":[{"href":"https:\/\/www.europesays.com\/lv\/wp-json\/wp\/v2\/posts"}],"about":[{"href":"https:\/\/www.europesays.com\/lv\/wp-json\/wp\/v2\/types\/post"}],"author":[{"embeddable":true,"href":"https:\/\/www.europesays.com\/lv\/wp-json\/wp\/v2\/users\/2"}],"replies":[{"embeddable":true,"href":"https:\/\/www.europesays.com\/lv\/wp-json\/wp\/v2\/comments?post=106425"}],"version-history":[{"count":0,"href":"https:\/\/www.europesays.com\/lv\/wp-json\/wp\/v2\/posts\/106425\/revisions"}],"wp:featuredmedia":[{"embeddable":true,"href":"https:\/\/www.europesays.com\/lv\/wp-json\/wp\/v2\/media\/106426"}],"wp:attachment":[{"href":"https:\/\/www.europesays.com\/lv\/wp-json\/wp\/v2\/media?parent=106425"}],"wp:term":[{"taxonomy":"category","embeddable":true,"href":"https:\/\/www.europesays.com\/lv\/wp-json\/wp\/v2\/categories?post=106425"},{"taxonomy":"post_tag","embeddable":true,"href":"https:\/\/www.europesays.com\/lv\/wp-json\/wp\/v2\/tags?post=106425"}],"curies":[{"name":"wp","href":"https:\/\/api.w.org\/{rel}","templated":true}]}}