{"id":106427,"date":"2026-01-16T11:41:16","date_gmt":"2026-01-16T11:41:16","guid":{"rendered":"https:\/\/www.europesays.com\/lv\/106427\/"},"modified":"2026-01-16T11:41:16","modified_gmt":"2026-01-16T11:41:16","slug":"ministru-prezidente-saeima-iztur-kartejo-neuzticibas-balsojumu-2","status":"publish","type":"post","link":"https:\/\/www.europesays.com\/lv\/106427\/","title":{"rendered":"Ministru prezidente Saeim\u0101 iztur k\u0101rt\u0113jo neuztic\u012bbas balsojumu"},"content":{"rendered":"<p>Sili\u0146as demisiju \u0161oreiz bija piepras\u012bjusi Nacion\u0101l\u0101 apvien\u012bba (NA).<\/p>\n<p>NA atsauc\u0101s uz 2023. gada Nacion\u0101l\u0101s dro\u0161\u012bbas koncepciju, kur\u0101 ieteikts, ka &#8220;no 2026. gada 1. janv\u0101ra sabiedrisko mediju veidotajam saturam j\u0101b\u016bt tikai latvie\u0161u valod\u0101 un valod\u0101s, kas ir pieder\u012bgas Eiropas kult\u016brtelpai, t\u0101d\u0113j\u0101di veicinot visu Latvijas iedz\u012bvot\u0101ju pieder\u012bbu vienotai informat\u012bvajai telpai, kas ir balst\u012bta latvie\u0161u valod\u0101 un cit\u0101s Eiropas Savien\u012bbas (ES), Eiropas Ekonomikas zonas un ES kandid\u0101tvalstu valod\u0101s. Valstij p\u0101rst\u0101jot finans\u0113t saturu krievu valod\u0101, tiktu nosl\u0113gts vienotas informat\u012bv\u0101s telpas izveides process, savuk\u0101rt komerci\u0101lajos medijos saturs krievu valod\u0101 par priv\u0101tiem l\u012bdzek\u013ciem turpin\u0101tu past\u0101v\u0113t.&#8221;<\/p>\n<p>NA ieskat\u0101, Ministru kabinets turpina pie\u0161\u0137irt finans\u0113jumu sabiedriskajam medijam saturam krievu valod\u0101, kas esot pretrun\u0101 ar m\u0113r\u0137i veicin\u0101t visu Latvijas iedz\u012bvot\u0101ju pieder\u012bbu vienotai informat\u012bvajai telpai.<\/p>\n<p>&#8220;Uzskat\u0101m, ka Sabiedrisko elektronisko pla\u0161sazi\u0146as l\u012bdzek\u013cu un to p\u0101rvald\u012bbas likum\u0101 min\u0113tais saturs maz\u0101kumtaut\u012bbu valod\u0101s nav j\u0101veido tikai krievu valod\u0101 un min\u0113t\u0101s ties\u012bbu normas nav pretrun\u0101 ar Nacion\u0101laj\u0101 dro\u0161\u012bbas koncepcij\u0101 noteikto,&#8221; paudusi NA.<\/p>\n<p>Latvijas vald\u012bba sast\u0101v no Ministru prezidentes Sili\u0146as un 14 ministriem no partij\u0101m &#8220;Progres\u012bvie&#8221;, &#8220;Jaun\u0101 vienot\u012bba&#8221; un Za\u013co un zemnieku savien\u012bbas (ZZS).<\/p>\n<p>K\u0101 zi\u0146ots, Saeimas opoz\u012bcijas partijas Sili\u0146as demisiju p\u0113rn bija piepras\u012bju\u0161as \u010detras reizes, tom\u0113r visus parlamenta uztic\u012bbas balsojumus premjere iztur\u0113ja.<\/p>\n<p>P\u0113d\u0113jo uztic\u012bbas balsojumu Sili\u0146a iztur\u0113ja p\u0113rn\u0101 gada oktobr\u012b. Tolaik pret demisiju balsoja 46 deput\u0101ti, par &#8211; 38, bet balsojum\u0101 attur\u0113j\u0101s viens deput\u0101ts &#8211; Uldis Augulis (ZZS). Savuk\u0101rt Andrejs Ce\u013cap\u012bters, kur\u0161 tolaik bija pie frakcij\u0101m nepiedero\u0161s deput\u0101ts, bet tagad pievienojies ZZS frakcijai, izv\u0113l\u0113j\u0101s balsojum\u0101 visp\u0101r nepiedal\u012bties.<\/p>\n","protected":false},"excerpt":{"rendered":"Sili\u0146as demisiju \u0161oreiz bija piepras\u012bjusi Nacion\u0101l\u0101 apvien\u012bba (NA). NA atsauc\u0101s uz 2023. gada Nacion\u0101l\u0101s dro\u0161\u012bbas koncepciju, kur\u0101 ieteikts,&hellip;\n","protected":false},"author":2,"featured_media":106428,"comment_status":"","ping_status":"","sticky":false,"template":"","format":"standard","meta":{"footnotes":""},"categories":[12],"tags":[23,28,29,32,33,22,30,31,35,39,38,36,37,34,40,20,26,27,141,24,25,3077,21],"class_list":{"0":"post-106427","1":"post","2":"type-post","3":"status-publish","4":"format-standard","5":"has-post-thumbnail","7":"category-latvija","8":"tag-aktualitates","9":"tag-breaking-news","10":"tag-breakingnews","11":"tag-featured-news","12":"tag-featurednews","13":"tag-headlines","14":"tag-latest-news","15":"tag-latestnews","16":"tag-latvia","17":"tag-latvian","18":"tag-latviesu","19":"tag-latviesu-valoda","20":"tag-latviesuvaloda","21":"tag-latvija","22":"tag-lv","23":"tag-news","24":"tag-popularakas-zinas","25":"tag-popularakaszinas","26":"tag-saeima","27":"tag-top-stories","28":"tag-topstories","29":"tag-valsts-parvalde","30":"tag-zinas"},"share_on_mastodon":{"url":"https:\/\/pubeurope.com\/@lv\/115904596060389404","error":""},"_links":{"self":[{"href":"https:\/\/www.europesays.com\/lv\/wp-json\/wp\/v2\/posts\/106427","targetHints":{"allow":["GET"]}}],"collection":[{"href":"https:\/\/www.europesays.com\/lv\/wp-json\/wp\/v2\/posts"}],"about":[{"href":"https:\/\/www.europesays.com\/lv\/wp-json\/wp\/v2\/types\/post"}],"author":[{"embeddable":true,"href":"https:\/\/www.europesays.com\/lv\/wp-json\/wp\/v2\/users\/2"}],"replies":[{"embeddable":true,"href":"https:\/\/www.europesays.com\/lv\/wp-json\/wp\/v2\/comments?post=106427"}],"version-history":[{"count":0,"href":"https:\/\/www.europesays.com\/lv\/wp-json\/wp\/v2\/posts\/106427\/revisions"}],"wp:featuredmedia":[{"embeddable":true,"href":"https:\/\/www.europesays.com\/lv\/wp-json\/wp\/v2\/media\/106428"}],"wp:attachment":[{"href":"https:\/\/www.europesays.com\/lv\/wp-json\/wp\/v2\/media?parent=106427"}],"wp:term":[{"taxonomy":"category","embeddable":true,"href":"https:\/\/www.europesays.com\/lv\/wp-json\/wp\/v2\/categories?post=106427"},{"taxonomy":"post_tag","embeddable":true,"href":"https:\/\/www.europesays.com\/lv\/wp-json\/wp\/v2\/tags?post=106427"}],"curies":[{"name":"wp","href":"https:\/\/api.w.org\/{rel}","templated":true}]}}