{"id":106429,"date":"2026-01-16T11:48:17","date_gmt":"2026-01-16T11:48:17","guid":{"rendered":"https:\/\/www.europesays.com\/lv\/106429\/"},"modified":"2026-01-16T11:48:17","modified_gmt":"2026-01-16T11:48:17","slug":"anketa-pacienta-vizites-steidzamibas-noteiksanai-tapusi-izmisuma-del-raksts","status":"publish","type":"post","link":"https:\/\/www.europesays.com\/lv\/106429\/","title":{"rendered":"Anketa pacienta viz\u012btes steidzam\u012bbas noteik\u0161anai tapusi izmisuma d\u0113\u013c \/ Raksts"},"content":{"rendered":"<p>Latvij\u0101 izstr\u0101d\u0101tais digit\u0101lais r\u012bks <a href=\"https:\/\/palidziba.npvc.lv\/\" rel=\"nofollow noopener\" target=\"_blank\">&#8220;Pal\u012bdz\u012bbas anketa&#8221;<\/a>, kas \u013cauj izv\u0113rt\u0113t cilv\u0113ka psihoemocion\u0101lo st\u0101vokli un noteikt, kuriem pacientiem pie psihiatra nepiecie\u0161ams non\u0101kt steidzam\u0101k, tapa no izmisuma, redzot ikdien\u0101, ka cilv\u0113ki neatkar\u012bgi no vi\u0146u s\u016bdz\u012bb\u0101m, simptomiem un dz\u012bves situ\u0101cijas tiek ierakst\u012bti vien\u0101 gar\u0101 rind\u0101, Latvijas Telev\u012bzijas raid\u012bjum\u0101 &#8220;4. studija&#8221; atzina Nacion\u0101l\u0101 psihisk\u0101s vesel\u012bbas centra (NPVC) Zin\u0101tnisk\u0101 instit\u016bta psihisk\u0101s vesel\u012bbas jom\u0101 vad\u012bt\u0101ja Liene S\u012ble.\u00a0<\/p>\n<p>Vienas rindas ne\u017e\u0113l\u012bba\u00a0<\/p>\n<p style=\"margin-left:0cm; margin-right:0cm\">Ideja par pacientu prioritiz\u0113\u0161anu ar speci\u0101li izstr\u0101d\u0101tas anketas starpniec\u012bbu radusies psihiatrijas nozar\u0113 str\u0101d\u0101jo\u0161iem medi\u0137iem, kuri ikdien\u0101 sask\u0101ru\u0161ies ar netaisn\u012bbu \u2013 cilv\u0113kiem, kuriem nepiecie\u0161ama steidzama psihoemocion\u0101la pal\u012bdz\u012bba, nereti to sa\u0146\u0113mu\u0161i nov\u0113loti.\u00a0<\/p>\n<p style=\"margin-left:0cm; margin-right:0cm\">&#8220;\u0160\u012b ideja rad\u0101s no izmisuma,&#8221; atzina S\u012ble, paskaidrojot, ka pirms \u010detriem gadiem, kad darboj\u0101s k\u0101 pilnas slodzes \u0101rste ambulatoraj\u0101 centr\u0101, strukt\u016brvien\u012bb\u0101 &#8220;P\u0101rdaugava&#8221; \u2013 darba ikdien\u0101 bijis izmisums, redzot, ka cilv\u0113ki neatkar\u012bgi no\u00a0 dz\u012bves situ\u0101cijas, s\u016bdz\u012bb\u0101m un simptomiem visi tiek ierakst\u012bti vien\u0101 gar\u0101, gar\u0101 rind\u0101.\u00a0<\/p>\n<blockquote>\n<p style=\"margin-left:0cm; margin-right:0cm\">&#8220;Paties\u012bb\u0101 tas ir ne\u017e\u0113l\u012bgi pret cilv\u0113kiem, kuriem ir hroniskas saslim\u0161anas, kuriem ir slim\u012bbu paasin\u0101jumi, kuriem ir re\u0101li suic\u012bda draudi un riski,&#8221;\u00a0<\/p>\n<\/blockquote>\n<p style=\"margin-left:0cm; margin-right:0cm\">uzsv\u0113ra speci\u0101liste.<\/p>\n<p class=\"note__heading\">Kur v\u0113rsties, ja ir aizdomas par depresiju?<\/p>\n<p style=\"margin-left:0cm; margin-right:0cm\">Depresija ir izplat\u012bta slim\u012bba, kas bie\u017ei paliek nediagnostic\u0113ta un ne\u0101rst\u0113ta. T\u0101 ietekm\u0113 to, k\u0101 m\u0113s j\u016btamies, dom\u0101jam un uzvedamies, un var izrais\u012bt da\u017e\u0101das emocion\u0101las un fiziskas probl\u0113mas.<\/p>\n<p style=\"margin-left:0cm; margin-right:0cm\">Piedz\u012bvojot depresijas simptomus, pirmais solis ir konsult\u0113ties ar savu \u0123imenes \u0101rstu, kur\u0161 nepiecie\u0161am\u012bbas gad\u012bjum\u0101 rekomend\u0113s v\u0113rsties pie psihiatra, psihologa vai psihoterapeita padzi\u013cin\u0101tai izp\u0113tei un diagnostikai.<\/p>\n<p style=\"margin-left:0cm; margin-right:0cm; text-align:right\">Avots: <a href=\"https:\/\/www.veselapasaule.lv\/lv\/enciklopedija\/diagnoze\/depresija#simptomu-apraksts\" target=\"_blank\" rel=\"nofollow noopener\">veselapasaule.lv<\/a><\/p>\n<p style=\"margin-left:0cm; margin-right:0cm\">Nov\u0113rt\u0113t steidzam\u012bbu psihiatra viz\u012btei pal\u012bdz\u0113s Nacion\u0101l\u0101 psihisk\u0101s vesel\u012bbas centra digit\u0101lais r\u012bks\u00a0&#8220;<a href=\"https:\/\/palidziba.npvc.lv\/\" target=\"_blank\" rel=\"nofollow noopener\">Pal\u012bdz\u012bbas anketa<\/a>&#8220;. T\u0101s aizpild\u012b\u0161ana pal\u012bdz pierakstu pie psihiatra organiz\u0113t p\u0113c st\u0101vok\u013ca smaguma un riska, \u013caujot ak\u016btajiem pacientiem \u0101tr\u0101k sa\u0146emt psihiatra pal\u012bdz\u012bbu.<\/p>\n<p style=\"margin-left:0cm; margin-right:0cm\">\u00a0<\/p>\n<p style=\"margin-left:0cm; margin-right:0cm\">Anketu dr\u012bkst aizpild\u012bt reizi 24 stund\u0101s. Taj\u0101 apkopoti jaut\u0101jumi, kuri radu\u0161ies, analiz\u0113jot kl\u012bniskos datus, un vislab\u0101k sp\u0113j prognoz\u0113t riskus k\u0101dai saslim\u0161anai vai psihoemocion\u0101l\u0101s vesel\u012bbas saasin\u0101jumam. \u0160\u012b anketa, S\u012bles skaidrojum\u0101, p\u0113c b\u016bt\u012bbas ir saruna ar algoritmu, kuru \u0101rsti izstr\u0101d\u0101ja sadarb\u012bb\u0101 ar matem\u0101ti\u0137iem, anal\u012bti\u0137iem, statisti\u0137iem un digit\u0101lo tehnolo\u0123iju speci\u0101listiem, lai cilv\u0113kiem b\u016btu pieejams r\u012bks, kas pal\u012bdz\u0113s \u0101tr\u0101k nok\u013c\u016bt pie psihiatra un kas pal\u012bdz\u0113s prioritiz\u0113t katra individu\u0101l\u0101s vajadz\u012bbas.\u00a0<\/p>\n<p>Galvenais \u2013 aizpild\u012bt god\u012bgi<\/p>\n<p style=\"margin-left:0cm; margin-right:0cm\">&#8220;Pal\u012bdz\u012bbas anketa&#8221; ir atrodama visas Latvijas liel\u0101ko psihiatrijas slimn\u012bcu m\u0101jaslap\u0101s. Lai to aizpild\u012btu, ir j\u0101identific\u0113jas. S\u012ble uzsv\u0113ra, ka anketa ir vienk\u0101r\u0161a, bet pats galvenais \u2013 t\u0101 j\u0101aizpilda god\u012bgi. Aizpildot anketu, cilv\u0113ks ar\u012b ieliek nor\u0101di par piekri\u0161anu piek\u013c\u016b\u0161anai noteiktiem datiem, l\u012bdz ar to, ja pacients anket\u0101 iedevis piekri\u0161anu, \u0101rstiem ir iesp\u0113ja apskat\u012bt medic\u012bnas datus, kas var pal\u012bdz\u0113t pie\u0146emt v\u0113l \u0101tr\u0101ku un efekt\u012bv\u0101ku l\u0113mumu.<\/p>\n<p style=\"margin-left:0cm; margin-right:0cm\">&#8220;B\u016bsim re\u0101li, psihiatrij\u0101 m\u0113s katru dienu sastopamies ar \u013coti pla\u0161u spektru pacientiem, kur da\u013ca paties\u012bb\u0101 pat nav pacienti. Tie esam m\u0113s \u2013 vienk\u0101r\u0161i cilv\u0113ki, kas piedz\u012bvo gr\u016bt\u012bbas sav\u0101 dz\u012bv\u0113. Bet tas nenoz\u012bm\u0113, ka man ar sav\u0101m gr\u016bt\u012bb\u0101m b\u016btu nepiecie\u0161ams tikpat kvalific\u0113ts atbalsts k\u0101 k\u0101dam, kuram ir bipol\u0101ra afekt\u012bva trauc\u0113juma paasin\u0101jums, k\u0101dam, kuram ir pirm\u0101 psihozes epizode vai k\u0101dam pacientam, kuram ir terapeitiska rezistenta depresija un vi\u0146\u0161 jau k\u0101du laiku dz\u012bvo ar suic\u012bda pl\u0101nu,&#8221; sac\u012bja S\u012ble.\u00a0<\/p>\n<p style=\"margin-left:0cm; margin-right:0cm\">&#8220;Pal\u012bdz\u012bbas anketas&#8221; aizpild\u012b\u0161ana pras\u012bs zin\u0101mu laiku. T\u0101 ir k\u0101 konfidenci\u0101la saruna pa\u0161am ar sevi par t\u0101 br\u012b\u017ea saj\u016bt\u0101m. Anketas rezult\u0101tus neuzzin\u0101s neviens no tuviniekiem vai draugiem, bet t\u0101 b\u016bs iesp\u0113ja nepiecie\u0161am\u012bbas gad\u012bjum\u0101 nekav\u0113joties non\u0101kt l\u012bdz sarunai ar speci\u0101listu.\u00a0<\/p>\n<blockquote>\n<p style=\"margin-left:0cm; margin-right:0cm\">S\u012ble nor\u0101d\u012bja, ka aizpild\u012bt\u0101s anketas lasa \u0101rsta pal\u012bgs vai m\u0101sa, kam ir speci\u0101li noform\u0113ta konfidencialit\u0101tes pras\u012bba izlas\u012bt atbildes. P\u0113c tam anketu izlas\u012bju\u0161ais speci\u0101lists sazin\u0101s ar \u0101rstu, lai noform\u0113tu kl\u0101tienes pierakstu pie speci\u0101lista.\u00a0<\/p>\n<\/blockquote>\n<p style=\"margin-left:0cm; margin-right:0cm\">&#8220;M\u016bsu m\u0113r\u0137is ir atrast ak\u016btos gad\u012bjumus. Latvij\u0101 tas ir \u013coti nepiecie\u0161ams, mums ir j\u0101run\u0101 vair\u0101k par suicid\u0101l\u0101m uzved\u012bb\u0101m, suic\u012bda riskiem. Par cilv\u0113ka psihisk\u0101s vesel\u012bbas st\u0101vokli, ko vi\u0146\u0161 taj\u0101 br\u012bd\u012b dom\u0101. T\u0101 ir m\u016bsu iesp\u0113ja k\u0101du izgl\u0101bt. L\u012bdz ar to mums \u0161\u012bs priorit\u0101tes kategorijas \u2013 pirm\u0101 priorit\u0101tes kategorija ir pat 24 stundu laik\u0101 re\u0101lai sarunai ar psihiatru,&#8221; skaidroja S\u012ble.\u00a0<\/p>\n<p style=\"margin-left:0cm; margin-right:0cm\">Latvij\u0101 ik gadu sev dz\u012bv\u012bbu at\u0146em aptuveni tr\u012bs simti cilv\u0113ku. Aiz katra \u0161\u012b skait\u013ca ir st\u0101sts, kas bie\u017ei palicis nepaman\u012bts p\u0101r\u0101k ilgi. T\u0101p\u0113c &#8220;Pal\u012bdz\u012bbas anketa&#8221; ir iesp\u0113ja laikus sadzird\u0113t tos, kuriem pal\u012bdz\u012bba nepiecie\u0161ama vissteidzam\u0101k. Psihoemocion\u0101l\u0101 kr\u012bze ne vienm\u0113r ir redzama, bet savlaic\u012bga saruna ar speci\u0101listu var b\u016bt iz\u0161\u0137iro\u0161a un da\u017ek\u0101rt t\u0101 var izgl\u0101bt dz\u012bv\u012bbu.<\/p>\n<p style=\"margin-left:0cm; margin-right:0cm\">KONTEKSTS:\u00a0<\/p>\n<p>No 6. janv\u0101ra ikvienam iedz\u012bvot\u0101jam ir pieejams Nacion\u0101l\u0101 psihisk\u0101s vesel\u012bbas centra (NPVC) digit\u0101lais r\u012bks <a href=\"http:\/\/palidziba.npvc.lv\/\" target=\"_blank\" rel=\"nofollow noopener\">&#8220;Pal\u012bdz\u012bbas anketa&#8221;<\/a>, kas pal\u012bdz\u0113s pacientu pierakstu pie psihiatra organiz\u0113t p\u0113c st\u0101vok\u013ca smaguma un riska, \u013caujot ak\u016btajiem pacientiem \u0101tr\u0101k sa\u0146emt psihiatra pal\u012bdz\u012bbu.<\/p>\n<p>                    Valodas k\u013c\u016bda rakst\u0101?<\/p>\n<p class=\"d-none d-md-block\">Iez\u012bm\u0113jiet tekstu un spiediet Ctrl+Enter, lai nos\u016bt\u012btu labojamo teksta fragmentu redaktoram! Par faktu k\u013c\u016bd\u0101m l\u016bdzam zi\u0146ot e-past\u0101 <a href=\"https:\/\/www.lsm.lv\/cdn-cgi\/l\/email-protection\" class=\"__cf_email__\" data-cfemail=\"93e1f6f7f2f8f0faf9f2d3ffe0febdffe5\" rel=\"nofollow noopener\" target=\"_blank\">[email\u00a0protected]<\/a>.<\/p>\n<p class=\"d-md-none\">Iez\u012bm\u0113jiet tekstu un spiediet uz Zi\u0146ot par k\u013c\u016bdu pogas, lai nos\u016bt\u012btu labojamo teksta fragmentu redaktoram!<\/p>\n<p>\n                    Zi\u0146ot par k\u013c\u016bdu\n                <\/p>\n","protected":false},"excerpt":{"rendered":"Latvij\u0101 izstr\u0101d\u0101tais digit\u0101lais r\u012bks &#8220;Pal\u012bdz\u012bbas anketa&#8221;, kas \u013cauj izv\u0113rt\u0113t cilv\u0113ka psihoemocion\u0101lo st\u0101vokli un noteikt, kuriem pacientiem pie psihiatra&hellip;\n","protected":false},"author":2,"featured_media":106430,"comment_status":"","ping_status":"","sticky":false,"template":"","format":"standard","meta":{"footnotes":""},"categories":[12],"tags":[23,28,29,32,33,22,30,31,35,39,38,36,37,34,40,20,26,27,24,25,21],"class_list":{"0":"post-106429","1":"post","2":"type-post","3":"status-publish","4":"format-standard","5":"has-post-thumbnail","7":"category-latvija","8":"tag-aktualitates","9":"tag-breaking-news","10":"tag-breakingnews","11":"tag-featured-news","12":"tag-featurednews","13":"tag-headlines","14":"tag-latest-news","15":"tag-latestnews","16":"tag-latvia","17":"tag-latvian","18":"tag-latviesu","19":"tag-latviesu-valoda","20":"tag-latviesuvaloda","21":"tag-latvija","22":"tag-lv","23":"tag-news","24":"tag-popularakas-zinas","25":"tag-popularakaszinas","26":"tag-top-stories","27":"tag-topstories","28":"tag-zinas"},"share_on_mastodon":{"url":"https:\/\/pubeurope.com\/@lv\/115904623552139350","error":""},"_links":{"self":[{"href":"https:\/\/www.europesays.com\/lv\/wp-json\/wp\/v2\/posts\/106429","targetHints":{"allow":["GET"]}}],"collection":[{"href":"https:\/\/www.europesays.com\/lv\/wp-json\/wp\/v2\/posts"}],"about":[{"href":"https:\/\/www.europesays.com\/lv\/wp-json\/wp\/v2\/types\/post"}],"author":[{"embeddable":true,"href":"https:\/\/www.europesays.com\/lv\/wp-json\/wp\/v2\/users\/2"}],"replies":[{"embeddable":true,"href":"https:\/\/www.europesays.com\/lv\/wp-json\/wp\/v2\/comments?post=106429"}],"version-history":[{"count":0,"href":"https:\/\/www.europesays.com\/lv\/wp-json\/wp\/v2\/posts\/106429\/revisions"}],"wp:featuredmedia":[{"embeddable":true,"href":"https:\/\/www.europesays.com\/lv\/wp-json\/wp\/v2\/media\/106430"}],"wp:attachment":[{"href":"https:\/\/www.europesays.com\/lv\/wp-json\/wp\/v2\/media?parent=106429"}],"wp:term":[{"taxonomy":"category","embeddable":true,"href":"https:\/\/www.europesays.com\/lv\/wp-json\/wp\/v2\/categories?post=106429"},{"taxonomy":"post_tag","embeddable":true,"href":"https:\/\/www.europesays.com\/lv\/wp-json\/wp\/v2\/tags?post=106429"}],"curies":[{"name":"wp","href":"https:\/\/api.w.org\/{rel}","templated":true}]}}