{"id":106431,"date":"2026-01-16T12:03:07","date_gmt":"2026-01-16T12:03:07","guid":{"rendered":"https:\/\/www.europesays.com\/lv\/106431\/"},"modified":"2026-01-16T12:03:07","modified_gmt":"2026-01-16T12:03:07","slug":"martins-sesks-atklaj-savus-planus-2026-gada-wrc-sezonai","status":"publish","type":"post","link":"https:\/\/www.europesays.com\/lv\/106431\/","title":{"rendered":"M\u0101rti\u0146\u0161 Sesks atkl\u0101j savus pl\u0101nus 2026. gada WRC sezonai"},"content":{"rendered":"<p>Pl\u0101nots, ka Sesks start\u0113s <a href=\"https:\/\/sports.tvnet.lv\/term\/10078\/wrc\" class=\"topicLink\" target=\"_blank\" rel=\"nofollow noopener\">WRC<\/a> posmos Zviedrij\u0101 (12.-15. febru\u0101ris), Portug\u0101l\u0113 (7.-10. maijs), Grie\u0137ij\u0101 (25.-28. j\u016bnijs), Igaunij\u0101 (16.-19. j\u016blijs), Somij\u0101 (30. j\u016blijs &#8211; 2. augusts), It\u0101lij\u0101 (1.-4. oktobris) un ar\u012b, iesp\u0113jams, Sa\u016bda Ar\u0101bij\u0101 (11.-14. novembris).<\/p>\n<p>WRC sezona s\u0101ksies n\u0101kamaj\u0101 ned\u0113\u013c\u0101 ar posmu Montekarlo.<\/p>\n<p>T\u0101pat Seskam pl\u0101nota dal\u012bba atsevi\u0161\u0137os Eiropas rallija \u010dempion\u0101ta (ERC) un Latvijas \u010dempion\u0101ta posmos. Pl\u0101nots, ka Sesks piedal\u012bsies ERC Zviedrijas un Portug\u0101les posmos. Sesks piektdien preses konferenc\u0113 sac\u012bja, ka patlaban ir apstiprin\u0101ta dal\u012bba divos ERC posmos, tom\u0113r, iesp\u0113jams, b\u016bs ar\u012b tre\u0161ais posms.<\/p>\n<p>Sesks ar\u012b st\u0101st\u012bja, ka sportisti WRC sezonu s\u0101ks ar posmu Zviedrij\u0101, kur iepriek\u0161 ir uzkr\u0101ta pieredze, t\u0101d\u0113\u013c b\u016bs iesp\u0113ja labot iepriek\u0161 pie\u013caut\u0101s k\u013c\u016bdas.<\/p>\n<p>&#8220;M-Sport Ford&#8221; komanda \u0161\u012bs sezonas pamata sast\u0101v\u0101 izv\u0113l\u0113jusies divus \u012arijas pilotus &#8211; pilnu 2025. gada sezonu aizvad\u012bju\u0161o D\u017eo\u0161u Makerl\u0113nu un D\u017eonu \u0100rmstrongu, kur\u0161 pirms tam start\u0113ja junioru WRC un Eiropas \u010dempion\u0101t\u0101.<\/p>\n<p>Ar\u012b iepriek\u0161\u0113j\u0101 sezon\u0101 Latvijas ekip\u0101\u017ea WRC start\u0113ja p\u0113c l\u012bdz\u012bgas programmas. Seska un st\u016brma\u0146a Ren\u0101ra Fran\u010da ekip\u0101\u017ea sezonas p\u0113d\u0113j\u0101 posm\u0101 &#8211; Sa\u016bda Ar\u0101bijas rallij\u0101 &#8211; bija p\u0101rliecino\u0161i \u0101tr\u0101k\u0101, ta\u010du tehnisku probl\u0113mu un p\u0101rsistu riepu d\u0113\u013c nec\u012bn\u012bj\u0101s par uzvaru, nosl\u0113gum\u0101 nefini\u0161\u0113jot.<\/p>\n<p>Zviedrijas rallij\u0101 Latvijas ekip\u0101\u017ea sacens\u012bbas nosl\u0113dza sestaj\u0101 viet\u0101, Portug\u0101les un Grie\u0137ijas rallijos ie\u0146\u0113ma 15.vietu, Sard\u012bnijas rallij\u0101 p\u0113c av\u0101rijas izst\u0101j\u0101s, bet Igaunijas rallij\u0101 un Somijas rallij\u0101 ierindoj\u0101s astotaj\u0101 viet\u0101.<\/p>\n<p>WRC Seska ekip\u0101\u017ea debit\u0113ja 2024. gad\u0101, kad piedal\u012bj\u0101s tr\u012bs posmos. WRC posm\u0101 Latvij\u0101 m\u0101jinieki sept\u012btie, vietu uz goda pjedest\u0101la zaud\u0113jot vien p\u0113d\u0113j\u0101 \u0101trumposm\u0101.<\/p>\n","protected":false},"excerpt":{"rendered":"Pl\u0101nots, ka Sesks start\u0113s WRC posmos Zviedrij\u0101 (12.-15. febru\u0101ris), Portug\u0101l\u0113 (7.-10. maijs), Grie\u0137ij\u0101 (25.-28. j\u016bnijs), Igaunij\u0101 (16.-19. j\u016blijs),&hellip;\n","protected":false},"author":2,"featured_media":106432,"comment_status":"","ping_status":"","sticky":false,"template":"","format":"standard","meta":{"footnotes":""},"categories":[17],"tags":[280,35,39,38,36,37,34,40,282,281,67,5675],"class_list":{"0":"post-106431","1":"post","2":"type-post","3":"status-publish","4":"format-standard","5":"has-post-thumbnail","7":"category-sports","8":"tag-autosports","9":"tag-latvia","10":"tag-latvian","11":"tag-latviesu","12":"tag-latviesu-valoda","13":"tag-latviesuvaloda","14":"tag-latvija","15":"tag-lv","16":"tag-martins-sesks","17":"tag-rallijs","18":"tag-sports","19":"tag-wrc"},"share_on_mastodon":{"url":"https:\/\/pubeurope.com\/@lv\/115904682556001736","error":""},"_links":{"self":[{"href":"https:\/\/www.europesays.com\/lv\/wp-json\/wp\/v2\/posts\/106431","targetHints":{"allow":["GET"]}}],"collection":[{"href":"https:\/\/www.europesays.com\/lv\/wp-json\/wp\/v2\/posts"}],"about":[{"href":"https:\/\/www.europesays.com\/lv\/wp-json\/wp\/v2\/types\/post"}],"author":[{"embeddable":true,"href":"https:\/\/www.europesays.com\/lv\/wp-json\/wp\/v2\/users\/2"}],"replies":[{"embeddable":true,"href":"https:\/\/www.europesays.com\/lv\/wp-json\/wp\/v2\/comments?post=106431"}],"version-history":[{"count":0,"href":"https:\/\/www.europesays.com\/lv\/wp-json\/wp\/v2\/posts\/106431\/revisions"}],"wp:featuredmedia":[{"embeddable":true,"href":"https:\/\/www.europesays.com\/lv\/wp-json\/wp\/v2\/media\/106432"}],"wp:attachment":[{"href":"https:\/\/www.europesays.com\/lv\/wp-json\/wp\/v2\/media?parent=106431"}],"wp:term":[{"taxonomy":"category","embeddable":true,"href":"https:\/\/www.europesays.com\/lv\/wp-json\/wp\/v2\/categories?post=106431"},{"taxonomy":"post_tag","embeddable":true,"href":"https:\/\/www.europesays.com\/lv\/wp-json\/wp\/v2\/tags?post=106431"}],"curies":[{"name":"wp","href":"https:\/\/api.w.org\/{rel}","templated":true}]}}