{"id":106434,"date":"2026-01-16T12:12:07","date_gmt":"2026-01-16T12:12:07","guid":{"rendered":"https:\/\/www.europesays.com\/lv\/106434\/"},"modified":"2026-01-16T12:12:07","modified_gmt":"2026-01-16T12:12:07","slug":"policija-sakusi-kriminalprocesu-par-tragisko-ugunsgreku-kekavas-pagasta-diena","status":"publish","type":"post","link":"https:\/\/www.europesays.com\/lv\/106434\/","title":{"rendered":"Policija s\u0101kusi krimin\u0101lprocesu par tra\u0123isko ugunsgr\u0113ku \u0136ekavas pagast\u0101 \/ Diena"},"content":{"rendered":"<p>VP preses p\u0101rst\u0101ve L\u012bga Dzi\u013cuma a\u0123ent\u016brai LETA teica, ka par notiku\u0161o s\u0101kts krimin\u0101lprocess p\u0113c Krimin\u0101llikuma noda\u013cas par noziedz\u012bgiem nodar\u012bjumiem pret \u012bpa\u0161umu.<\/p>\n<p>&#13;<br \/>\n&#13;<\/p>\n<p>Negad\u012bjuma iemesls un apst\u0101k\u013ci tiek noskaidroti.<\/p>\n<p>&#13;<br \/>\n&#13;<\/p>\n<p>Tikm\u0113r Valsts ugunsdz\u0113s\u012bbas un gl\u0101b\u0161anas dienest\u0101 a\u0123ent\u016brai LETA teica, ka notikuma viet\u0101 plkst. 7.48 ugunsgr\u0113ka izplat\u012b\u0161an\u0101s ierobe\u017eota, bet ugunsdz\u0113s\u0113ji darbu notikuma viet\u0101 turpina. Kop\u0113j\u0101 deg\u0161anas plat\u012bba bija 165 kvadr\u0101tmetri, no tiem \u0113kas pirmais st\u0101vs 80 kvadr\u0101tmetru plat\u012bb\u0101, otrais st\u0101vs desmit kvadr\u0101tmetru plat\u012bb\u0101, tre\u0161ais st\u0101vs piecu kvadr\u0101tmetru plat\u012bb\u0101, k\u0101 ar\u012b k\u0101p\u0146u telpa 20 kvadr\u0101tmetru plat\u012bb\u0101 un fas\u0101de 50 kvadr\u0101tmetru plat\u012bb\u0101.<\/p>\n<p>&#13;<br \/>\n&#13;<\/p>\n<blockquote><p>&#13;<\/p>\n<p>Jau zi\u0146ots, ka piektdienas r\u012bt\u0101 dz\u012bvojam\u0101s m\u0101jas ugunsgr\u0113k\u0101 \u0136ekavas novada \u0136ekavas pagasta Krustkalnu ciem\u0101 g\u0101ju\u0161i boj\u0101 divi b\u0113rni un 29 cilv\u0113ki izgl\u0101bti, no kuriem vair\u0101ki ir cietu\u0161i, bet 15 cilv\u0113ki evaku\u0113ju\u0161ies pa\u0161u sp\u0113kiem.<\/p>\n<p>&#13;\n<\/p><\/blockquote>\n<p>&#13;<br \/>\n&#13;<\/p>\n<p>Ugunsgr\u0113ks noticis \u0113k\u0101 Jaunlazdu iel\u0101 5.<\/p>\n<p>&#13;<br \/>\n&#13;<\/p>\n<p>Plkst. 4.59 VUGD sa\u0146\u0113ma inform\u0101ciju, ka \u0136ekavas novad\u0101 \u010detrst\u0101vu dz\u012bvojam\u0101s m\u0101jas pirm\u0101 st\u0101va dz\u012bvokl\u012b ir izc\u0113lies ugunsgr\u0113ks. Ierodoties notikuma viet\u0101, ugunsdz\u0113s\u0113ji konstat\u0113ja, ka pa \u0113kas st\u0101viem strauji ar atkl\u0101tu liesmu izplat\u0101s deg\u0161ana.<\/p>\n<p>&#13;<br \/>\n&#13;<\/p>\n<p>Ugunsdz\u0113s\u0113ji nekav\u0113joties s\u0101ka visu dz\u012bvok\u013cu p\u0101rmekl\u0113\u0161anu un cilv\u0113ku gl\u0101b\u0161anu. No dego\u0161\u0101s \u0113kas ugunsdz\u0113s\u0113ji izgl\u0101ba 29 cilv\u0113kus, no tiem 18 ar gl\u0101b\u0161anas mask\u0101m, se\u0161us ar autok\u0101pn\u0113m un piecus ar tr\u012bsposmu izb\u012bd\u0101maj\u0101m k\u0101pn\u0113m.<\/p>\n<p>&#13;<br \/>\n&#13;<\/p>\n<p>Neatliekam\u0101s medic\u012bnisk\u0101s pal\u012bdz\u012bbas dienesta pal\u012bdz\u012bba bija nepiecie\u0161ama septi\u0146iem cilv\u0113kiem, no kuriem \u010detri bija cietu\u0161i, no tiem tr\u012bs tika hospitaliz\u0113ti, bet v\u0113l trijiem hospitaliz\u0101cija nebija nepiecie\u0161ama.<\/p>\n<p>&#13;<br \/>\n&#13;<\/p>\n<blockquote><p>&#13;<\/p>\n<p>Ugunsgr\u0113k\u0101 g\u0101ja boj\u0101 divi cilv\u0113ki. Pa\u0161u sp\u0113kiem no \u0113kas evaku\u0113j\u0101s v\u0113l 15 cilv\u0113ki.<\/p>\n<p>&#13;\n<\/p><\/blockquote>\n<p>&#13;<br \/>\n&#13;<\/p>\n<p>A\u0123ent\u016bras LETA arh\u012bvs liecina, ka dz\u012bvojam\u0101 ciemata &#8220;Jaunlazdu m\u0101jas&#8221; pirm\u0101s k\u0101rtas b\u016bvniec\u012bba Krustkalnos tika pabeigta 2008. gad\u0101. Kopum\u0101 ciemat\u0101 ir 10 \u010detrst\u0101vu daudzdz\u012bvok\u013cu m\u0101jas ar 280 dz\u012bvok\u013ciem.<\/p>\n<p>&#13;<br \/>\n&#13;<\/p>\n<p>Zemesgr\u0101matas inform\u0101cija liecina, ka s\u0101kotn\u0113ji ciemata att\u012bst\u012bt\u0101js un \u012bpa\u0161nieks bija SIA &#8220;ECD Latvia&#8221;, kurai 2009. gad\u0101 s\u0101kts un 2012. gad\u0101 pabeigts maks\u0101tnesp\u0113jas process. Komp\u0101nija likvid\u0113ta 2013. gad\u0101.<\/p>\n<p>&#13;<br \/>\n&#13;<\/p>\n<p>P\u0113c att\u012bst\u012bt\u0101ja maks\u0101tnesp\u0113jas ciemats non\u0101ca &#8220;Swedbank&#8221; nekustamo \u012bpa\u0161umu meitasuz\u0146\u0113muma &#8220;Ektornet&#8221; \u012bpa\u0161um\u0101, kas 2013. gada novembr\u012b ciematu p\u0101rdeva SIA &#8220;Krustkalnu projekts&#8221;. Zemesgr\u0101matas inform\u0101cija liecina, ka &#8220;Krustkalnu projekts&#8221; \u012bpa\u0161umties\u012bbas uz \u0113ku Jaunlazdu iel\u0101 5 izbeigu\u0161\u0101s 2017. gad\u0101 l\u012bdz ar nekustam\u0101 \u012bpa\u0161uma sadal\u012b\u0161anu 28 dz\u012bvok\u013cu \u012bpa\u0161umos.<\/p>\n<p>&#13;<br \/>\n&#13;<\/p>\n<p>Ciemata apsaimniekot\u0101js patlaban ir SIA &#8220;Fortium.lv&#8221;, liecina inform\u0101cija projekta m\u0101jaslap\u0101.<\/p>\n<p>&#13;<br \/>\n&#13;<\/p>\n<p>pievienota 11.-14. rindkopa<\/p>\n<p>&#13;<\/p>\n","protected":false},"excerpt":{"rendered":"VP preses p\u0101rst\u0101ve L\u012bga Dzi\u013cuma a\u0123ent\u016brai LETA teica, ka par notiku\u0161o s\u0101kts krimin\u0101lprocess p\u0113c Krimin\u0101llikuma noda\u013cas par noziedz\u012bgiem&hellip;\n","protected":false},"author":2,"featured_media":106435,"comment_status":"","ping_status":"","sticky":false,"template":"","format":"standard","meta":{"footnotes":""},"categories":[12],"tags":[23,28,29,32,33,22,30,31,35,39,38,36,37,34,40,20,26,27,24,25,21],"class_list":{"0":"post-106434","1":"post","2":"type-post","3":"status-publish","4":"format-standard","5":"has-post-thumbnail","7":"category-latvija","8":"tag-aktualitates","9":"tag-breaking-news","10":"tag-breakingnews","11":"tag-featured-news","12":"tag-featurednews","13":"tag-headlines","14":"tag-latest-news","15":"tag-latestnews","16":"tag-latvia","17":"tag-latvian","18":"tag-latviesu","19":"tag-latviesu-valoda","20":"tag-latviesuvaloda","21":"tag-latvija","22":"tag-lv","23":"tag-news","24":"tag-popularakas-zinas","25":"tag-popularakaszinas","26":"tag-top-stories","27":"tag-topstories","28":"tag-zinas"},"share_on_mastodon":{"url":"https:\/\/pubeurope.com\/@lv\/115904717949898063","error":""},"_links":{"self":[{"href":"https:\/\/www.europesays.com\/lv\/wp-json\/wp\/v2\/posts\/106434","targetHints":{"allow":["GET"]}}],"collection":[{"href":"https:\/\/www.europesays.com\/lv\/wp-json\/wp\/v2\/posts"}],"about":[{"href":"https:\/\/www.europesays.com\/lv\/wp-json\/wp\/v2\/types\/post"}],"author":[{"embeddable":true,"href":"https:\/\/www.europesays.com\/lv\/wp-json\/wp\/v2\/users\/2"}],"replies":[{"embeddable":true,"href":"https:\/\/www.europesays.com\/lv\/wp-json\/wp\/v2\/comments?post=106434"}],"version-history":[{"count":0,"href":"https:\/\/www.europesays.com\/lv\/wp-json\/wp\/v2\/posts\/106434\/revisions"}],"wp:featuredmedia":[{"embeddable":true,"href":"https:\/\/www.europesays.com\/lv\/wp-json\/wp\/v2\/media\/106435"}],"wp:attachment":[{"href":"https:\/\/www.europesays.com\/lv\/wp-json\/wp\/v2\/media?parent=106434"}],"wp:term":[{"taxonomy":"category","embeddable":true,"href":"https:\/\/www.europesays.com\/lv\/wp-json\/wp\/v2\/categories?post=106434"},{"taxonomy":"post_tag","embeddable":true,"href":"https:\/\/www.europesays.com\/lv\/wp-json\/wp\/v2\/tags?post=106434"}],"curies":[{"name":"wp","href":"https:\/\/api.w.org\/{rel}","templated":true}]}}