{"id":106436,"date":"2026-01-16T12:17:07","date_gmt":"2026-01-16T12:17:07","guid":{"rendered":"https:\/\/www.europesays.com\/lv\/106436\/"},"modified":"2026-01-16T12:17:07","modified_gmt":"2026-01-16T12:17:07","slug":"paragri-spriest-vai-latviju-ietekmes-trampa-pazinotie-25-tarifi-iranas-tirdzniecibas-partneriem-dienas-bizness","status":"publish","type":"post","link":"https:\/\/www.europesays.com\/lv\/106436\/","title":{"rendered":"P\u0101ragri spriest, vai Latviju ietekm\u0113s Trampa pazi\u0146otie 25% tarifi Ir\u0101nas tirdzniec\u012bbas partneriem :: Dienas Bizness"},"content":{"rendered":"<p class=\"text-font font-size--text-xlarge margin-3--bottom font-weight--bold padding-1--top\">Pagaid\u0101m ir p\u0101ragri spriest, vai Latvijas un Eiropas Savien\u012bbas (ES) uz\u0146\u0113mumus ietekm\u0113s ASV prezidenta Donalda Trampa pazi\u0146otie 25% tarifi Ir\u0101nas tirdzniec\u012bbas partneriem, a\u0123ent\u016brai LETA nor\u0101d\u012bja \u0100rlietu ministrijas (\u0100M) preses sekret\u0101re Di\u0101na Egl\u012bte.<\/p>\n<p class=\"text-font font-size--text-xlarge margin-3--bottom\">Vi\u0146a atz\u012bm\u0113ja, ka \u0101r\u0113j\u0101s tirdzniec\u012bbas politika ir ES ekskluz\u012bva kompetence, un \u0100M sagaida, ka tiks veidota vienota un koordin\u0113ta bloka nost\u0101ja.<\/p>\n<p class=\"text-font font-size--text-xlarge margin-3--bottom\">Egl\u012bte apliecin\u0101ja, ka ASV prezidenta pazi\u0146ojumu gan Latvija, gan Eiropas Komisija ir pie\u0146\u0113musi zin\u0101\u0161anai. T\u0101pat \u0100M r\u012bc\u012bb\u0101 nav inform\u0101cijas, ka ASV jau b\u016btu pie\u0146emti k\u0101di ties\u012bbu akti, kas formaliz\u0113tu \u0161o l\u0113mumu.<\/p>\n<p class=\"text-font font-size--text-xlarge margin-3--bottom\">&#8220;Latvijas interes\u0113s ir konstrukt\u012bva politisk\u0101s un ekonomisk\u0101s sadarb\u012bbas turpin\u0101\u0161ana ar ASV, tai skait\u0101 tirdzniec\u012bbas jaut\u0101jumos,&#8221; pauda \u0100M p\u0101rst\u0101ve.<\/p>\n<p class=\"text-font font-size--text-xlarge margin-3--bottom\">K\u0101 liecina inform\u0101cija Centr\u0101l\u0101s statistikas p\u0101rvaldes t\u012bmek\u013cvietn\u0113, Latvija 2025. gada 11 m\u0113ne\u0161os no Ir\u0101nas ir import\u0113jusi preces aptuveni 694 000 eiro apm\u0113r\u0101.<\/p>\n<p class=\"text-font font-size--text-xlarge margin-3--bottom\">Jau rakst\u012bts, ka Tramps pirmdien pazi\u0146oja par 25% muitas tarifa noteik\u0161anu jebkurai valstij, kas tirgojas ar Ir\u0101nu.<\/p>\n<p class=\"text-font font-size--text-xlarge margin-3--bottom\">&#8220;Jebkura valsts, kas tirgojas ar Ir\u0101nas Isl\u0101ma Republiku, maks\u0101s 25% tarifu jebk\u0101d\u0101 tirdzniec\u012bb\u0101 ar Amerikas Savienotajam Valst\u012bm, un tas st\u0101jas sp\u0113k\u0101 nekav\u0113joties. \u0160is r\u012bkojums ir gal\u012bgs,&#8221; Tramps pazi\u0146oja sav\u0101 soci\u0101lo mediju platform\u0101 &#8220;Truth Social&#8221;.<\/p>\n<p class=\"text-font font-size--text-xlarge margin-3--bottom\">Ir\u0101nas galvenie tirdzniec\u012bbas partneri ir \u0136\u012bna, Turcija, Apvienotie Ar\u0101bu Emir\u0101ti un Ir\u0101ka, liecina ekonomikas datub\u0101zes &#8220;Trading Economics&#8221; inform\u0101cija.<\/p>\n<p class=\"text-font font-size--text-xlarge margin-3--bottom\">K\u0101 v\u0113st\u012bts, protesti Ir\u0101n\u0101 s\u0101k\u0101s decembra beig\u0101s, un tos izrais\u012bja pla\u0161a ekonomisk\u0101 kr\u012bze un straujais val\u016btas kursa kritums. S\u0101kotn\u0113ji Teher\u0101nas iel\u0101s izg\u0101ja tirgot\u0101ji, bet p\u0113c tam protesti izplat\u012bj\u0101s vis\u0101 valst\u012b un jau bija v\u0113rsti pret visu Ir\u0101nas vad\u012bbu.<\/p>\n<p class=\"text-font font-size--text-xlarge margin-3--bottom\">Tramps vair\u0101kk\u0101rt ir draud\u0113jis ar ASV milit\u0101ru r\u012bc\u012bbu, rea\u0123\u0113jot uz represij\u0101m pret protest\u0113t\u0101jiem. Norv\u0113\u0123ij\u0101 b\u0101z\u0113t\u0101 akt\u012bvistu organiz\u0101cija &#8220;Ir\u0101nas cilv\u0113kties\u012bbas&#8221; (IHR) tre\u0161dien pav\u0113st\u012bja, ka Ir\u0101nas dro\u0161\u012bbas sp\u0113ki nogalin\u0101ju\u0161i vismaz 3428 protest\u0113t\u0101jus, savuk\u0101rt aiztur\u0113ti vair\u0101k nek\u0101 10 000 cilv\u0113ku.<\/p>\n","protected":false},"excerpt":{"rendered":"Pagaid\u0101m ir p\u0101ragri spriest, vai Latvijas un Eiropas Savien\u012bbas (ES) uz\u0146\u0113mumus ietekm\u0113s ASV prezidenta Donalda Trampa pazi\u0146otie 25%&hellip;\n","protected":false},"author":2,"featured_media":106437,"comment_status":"","ping_status":"","sticky":false,"template":"","format":"standard","meta":{"footnotes":""},"categories":[14],"tags":[23,57,869,77,870,28,29,867,32,33,22,30,31,35,39,38,36,37,34,871,868,40,20,26,27,24,25,54,55,56,21,58],"class_list":{"0":"post-106436","1":"post","2":"type-post","3":"status-publish","4":"format-standard","5":"has-post-thumbnail","7":"category-zinas-no-arvalstim","8":"tag-aktualitates","9":"tag-arvalstim","10":"tag-biznesa-zinas","11":"tag-bizness","12":"tag-bizness-latvija","13":"tag-breaking-news","14":"tag-breakingnews","15":"tag-dienas-zinas","16":"tag-featured-news","17":"tag-featurednews","18":"tag-headlines","19":"tag-latest-news","20":"tag-latestnews","21":"tag-latvia","22":"tag-latvian","23":"tag-latviesu","24":"tag-latviesu-valoda","25":"tag-latviesuvaloda","26":"tag-latvija","27":"tag-latvijas-biznesa-zinas","28":"tag-latvijas-zinas","29":"tag-lv","30":"tag-news","31":"tag-popularakas-zinas","32":"tag-popularakaszinas","33":"tag-top-stories","34":"tag-topstories","35":"tag-world","36":"tag-world-news","37":"tag-worldnews","38":"tag-zinas","39":"tag-zinas-no-arvalstim"},"share_on_mastodon":{"url":"","error":"Validation failed: Text character limit of 500 exceeded"},"_links":{"self":[{"href":"https:\/\/www.europesays.com\/lv\/wp-json\/wp\/v2\/posts\/106436","targetHints":{"allow":["GET"]}}],"collection":[{"href":"https:\/\/www.europesays.com\/lv\/wp-json\/wp\/v2\/posts"}],"about":[{"href":"https:\/\/www.europesays.com\/lv\/wp-json\/wp\/v2\/types\/post"}],"author":[{"embeddable":true,"href":"https:\/\/www.europesays.com\/lv\/wp-json\/wp\/v2\/users\/2"}],"replies":[{"embeddable":true,"href":"https:\/\/www.europesays.com\/lv\/wp-json\/wp\/v2\/comments?post=106436"}],"version-history":[{"count":0,"href":"https:\/\/www.europesays.com\/lv\/wp-json\/wp\/v2\/posts\/106436\/revisions"}],"wp:featuredmedia":[{"embeddable":true,"href":"https:\/\/www.europesays.com\/lv\/wp-json\/wp\/v2\/media\/106437"}],"wp:attachment":[{"href":"https:\/\/www.europesays.com\/lv\/wp-json\/wp\/v2\/media?parent=106436"}],"wp:term":[{"taxonomy":"category","embeddable":true,"href":"https:\/\/www.europesays.com\/lv\/wp-json\/wp\/v2\/categories?post=106436"},{"taxonomy":"post_tag","embeddable":true,"href":"https:\/\/www.europesays.com\/lv\/wp-json\/wp\/v2\/tags?post=106436"}],"curies":[{"name":"wp","href":"https:\/\/api.w.org\/{rel}","templated":true}]}}