{"id":106438,"date":"2026-01-16T12:18:07","date_gmt":"2026-01-16T12:18:07","guid":{"rendered":"https:\/\/www.europesays.com\/lv\/106438\/"},"modified":"2026-01-16T12:18:07","modified_gmt":"2026-01-16T12:18:07","slug":"valsts-aizsardzibas-dienesta-2026-gada-vasaras-iesaukumam-pieteicies-rekordliels-brivpratigo-skaits","status":"publish","type":"post","link":"https:\/\/www.europesays.com\/lv\/106438\/","title":{"rendered":"Valsts aizsardz\u012bbas dienesta 2026. gada vasaras iesaukumam pieteicies rekordliels br\u012bvpr\u0101t\u012bgo skaits"},"content":{"rendered":"<p>Atbilsto\u0161i Valsts aizsardz\u012bbas koncepcijai Nacion\u0101lo bru\u0146oto sp\u0113ku person\u0101ls 2028. gad\u0101 sast\u0101v\u0113s no 61 000 karav\u012bru, no kuriem miera laik\u0101 tiek uztur\u0113ts 31 000, bet kr\u012bzes laik\u0101 papildus pieejami v\u0113l 30 000 visp\u0101r\u0113jas gatav\u012bbas rezerves karav\u012bri. Miera laika 31 000 strukt\u016bru paredz\u0113ts komplekt\u0113t ar 4000 valsts aizsardz\u012bbas dienesta karav\u012bru, kuri dienestu veic 11 m\u0113ne\u0161u garum\u0101, 8 000 profesion\u0101l\u0101 dienesta karav\u012bru, 12 000 zemessargu un 7000 augstas gatav\u012bbas rezerves karav\u012bru, kas ikgad\u0113ji tiek iesaukti uz m\u0101c\u012bb\u0101m, lai uztur\u0113tu iema\u0146as un kaujas gatav\u012bbu. Savuk\u0101rt 30 000 ir visp\u0101r\u0113jas gatav\u012bbas rezerves karav\u012bri, kur galvenok\u0101rt ieskaita p\u0113c dienesta augstas gatav\u012bbas rezerv\u0113 un p\u0113c dienesta Zemessardz\u0113, iema\u0146as paredz\u0113ts uztur\u0113t individu\u0101l\u0101 l\u012bmen\u012b, cikliski iesaucot uz m\u0101c\u012bb\u0101m reizi \u010detros gados.<\/p>\n","protected":false},"excerpt":{"rendered":"Atbilsto\u0161i Valsts aizsardz\u012bbas koncepcijai Nacion\u0101lo bru\u0146oto sp\u0113ku person\u0101ls 2028. gad\u0101 sast\u0101v\u0113s no 61 000 karav\u012bru, no kuriem miera&hellip;\n","protected":false},"author":2,"featured_media":106439,"comment_status":"","ping_status":"","sticky":false,"template":"","format":"standard","meta":{"footnotes":""},"categories":[12],"tags":[23,28,29,32,33,22,30,31,35,39,38,36,37,34,40,20,26,27,24,25,21],"class_list":{"0":"post-106438","1":"post","2":"type-post","3":"status-publish","4":"format-standard","5":"has-post-thumbnail","7":"category-latvija","8":"tag-aktualitates","9":"tag-breaking-news","10":"tag-breakingnews","11":"tag-featured-news","12":"tag-featurednews","13":"tag-headlines","14":"tag-latest-news","15":"tag-latestnews","16":"tag-latvia","17":"tag-latvian","18":"tag-latviesu","19":"tag-latviesu-valoda","20":"tag-latviesuvaloda","21":"tag-latvija","22":"tag-lv","23":"tag-news","24":"tag-popularakas-zinas","25":"tag-popularakaszinas","26":"tag-top-stories","27":"tag-topstories","28":"tag-zinas"},"share_on_mastodon":{"url":"https:\/\/pubeurope.com\/@lv\/115904741638630843","error":""},"_links":{"self":[{"href":"https:\/\/www.europesays.com\/lv\/wp-json\/wp\/v2\/posts\/106438","targetHints":{"allow":["GET"]}}],"collection":[{"href":"https:\/\/www.europesays.com\/lv\/wp-json\/wp\/v2\/posts"}],"about":[{"href":"https:\/\/www.europesays.com\/lv\/wp-json\/wp\/v2\/types\/post"}],"author":[{"embeddable":true,"href":"https:\/\/www.europesays.com\/lv\/wp-json\/wp\/v2\/users\/2"}],"replies":[{"embeddable":true,"href":"https:\/\/www.europesays.com\/lv\/wp-json\/wp\/v2\/comments?post=106438"}],"version-history":[{"count":0,"href":"https:\/\/www.europesays.com\/lv\/wp-json\/wp\/v2\/posts\/106438\/revisions"}],"wp:featuredmedia":[{"embeddable":true,"href":"https:\/\/www.europesays.com\/lv\/wp-json\/wp\/v2\/media\/106439"}],"wp:attachment":[{"href":"https:\/\/www.europesays.com\/lv\/wp-json\/wp\/v2\/media?parent=106438"}],"wp:term":[{"taxonomy":"category","embeddable":true,"href":"https:\/\/www.europesays.com\/lv\/wp-json\/wp\/v2\/categories?post=106438"},{"taxonomy":"post_tag","embeddable":true,"href":"https:\/\/www.europesays.com\/lv\/wp-json\/wp\/v2\/tags?post=106438"}],"curies":[{"name":"wp","href":"https:\/\/api.w.org\/{rel}","templated":true}]}}