{"id":106442,"date":"2026-01-16T12:25:07","date_gmt":"2026-01-16T12:25:07","guid":{"rendered":"https:\/\/www.europesays.com\/lv\/106442\/"},"modified":"2026-01-16T12:25:07","modified_gmt":"2026-01-16T12:25:07","slug":"sibirijas-spradziens-eiropa-gaidams-specigs-aukstuma-vilnis","status":"publish","type":"post","link":"https:\/\/www.europesays.com\/lv\/106442\/","title":{"rendered":"Sib\u012brijas spr\u0101dziens: Eirop\u0101 gaid\u0101ms sp\u0113c\u012bgs aukstuma vilnis"},"content":{"rendered":"<p class=\"descr\">Janv\u0101ra beig\u0101s Eirop\u0101 gaid\u0101ms sp\u0113c\u012bgs aukstuma vilnis, kas saist\u012bts ar t\u0101 saukto Sib\u012brijas spr\u0101dzienu \u2013 retu atmosf\u0113ras par\u0101d\u012bbu, kad gaisa pl\u016bsmas maina virzienu, ienesot Eiropas re\u0123ion\u0101 aukstu gaisu no austrumiem. Par to zi\u0146o &#8220;Bloomberg&#8221;, atsaucoties uz Eiropas Vid\u0113ja termi\u0146a laika progno\u017eu centra (ECMWF) datiem.<\/p>\n<blockquote><p>Saska\u0146\u0101 ar prognoz\u0113m, s\u0101kot ar 24. janv\u0101ri, vid\u0113j\u0101 temperat\u016bra Igaunij\u0101 un Latvij\u0101 b\u016bs par 10 gr\u0101diem zem\u0101ka par normu.<\/p><\/blockquote>\n<p>Polij\u0101 paredzams, ka temperat\u016bra pazemin\u0101sies l\u012bdz -10 gr\u0101diem p\u0113c Celsija, savuk\u0101rt V\u0101cij\u0101 &#8211; aptuveni -3 gr\u0101di p\u0113c Celsija, kas ar\u012b ir iev\u0113rojami zem\u0101ka par vid\u0113jo r\u0101d\u012bt\u0101ju \u0161aj\u0101 gada laik\u0101.<\/p>\n<p>Klimatologs D\u017e\u016bda Koens no Masa\u010d\u016bsetsas Tehnolo\u0123iju instit\u016bta nor\u0101da, ka tik liela m\u0113roga <a href=\"https:\/\/nra.lv\/birka\/aukstums\/\" target=\"_blank\" rel=\"noopener nofollow\">aukstuma<\/a> vi\u013c\u0146i Eirop\u0101 ir reti. Vi\u0146\u0161 nor\u0101da, ka \u0161\u012b gada sals var\u0113tu saglab\u0101ties l\u012bdz febru\u0101ra s\u0101kumam, ta\u010du prec\u012bzas aukst\u0101 vi\u013c\u0146a ietekmes robe\u017eas un ilgums joproj\u0101m nav skaidrs.<\/p>\n<p>D\u017eeimss P\u012bkoks, &#8220;MetSwift&#8221; galvenais meteorologs, uzsver, ka meteorolo\u0123isk\u0101 situ\u0101cija joproj\u0101m ir nestabila. Vi\u0146\u0161 l\u0113\u0161, ka Rietumatlantijas v\u0113ji var\u0113tu da\u013c\u0113ji pal\u0113nin\u0101t aukst\u0101 gaisa masu izplat\u012b\u0161anos, \u012bpa\u0161i Rietumeiropas valst\u012bs, tostarp Francij\u0101 un Apvienotaj\u0101 Karalist\u0113.<\/p>\n<p>Iepriek\u0161\u0113j\u0101s ziemas v\u0113tras jau ir izrais\u012bju\u0161as sniegpute\u0146us, sp\u0113c\u012bgu v\u0113ju un elektroener\u0123ijas padeves p\u0101rtraukumus vair\u0101k\u0101s Eiropas valst\u012bs. Kop\u0161 gada s\u0101kuma Eiropu ietekm\u0113 sp\u0113c\u012bgas arktisk\u0101s intr\u016bzijas, un da\u017eos re\u0123ionos temperat\u016bra pazemin\u0101s par 12-15 gr\u0101diem zem normas. Papildu ietekmi rada ar\u012b cikloni Vidusj\u016br\u0101, izraisot nokri\u0161\u0146u palielin\u0101\u0161anos Balk\u0101nos un Austrumeirop\u0101.<\/p>\n","protected":false},"excerpt":{"rendered":"Janv\u0101ra beig\u0101s Eirop\u0101 gaid\u0101ms sp\u0113c\u012bgs aukstuma vilnis, kas saist\u012bts ar t\u0101 saukto Sib\u012brijas spr\u0101dzienu \u2013 retu atmosf\u0113ras par\u0101d\u012bbu,&hellip;\n","protected":false},"author":2,"featured_media":106443,"comment_status":"","ping_status":"","sticky":false,"template":"","format":"standard","meta":{"footnotes":""},"categories":[5],"tags":[23,28,29,32,33,22,30,31,35,39,38,36,37,34,40,20,26,27,24,25,21],"class_list":{"0":"post-106442","1":"post","2":"type-post","3":"status-publish","4":"format-standard","5":"has-post-thumbnail","7":"category-aktualitates","8":"tag-aktualitates","9":"tag-breaking-news","10":"tag-breakingnews","11":"tag-featured-news","12":"tag-featurednews","13":"tag-headlines","14":"tag-latest-news","15":"tag-latestnews","16":"tag-latvia","17":"tag-latvian","18":"tag-latviesu","19":"tag-latviesu-valoda","20":"tag-latviesuvaloda","21":"tag-latvija","22":"tag-lv","23":"tag-news","24":"tag-popularakas-zinas","25":"tag-popularakaszinas","26":"tag-top-stories","27":"tag-topstories","28":"tag-zinas"},"share_on_mastodon":{"url":"https:\/\/pubeurope.com\/@lv\/115904769058037874","error":""},"_links":{"self":[{"href":"https:\/\/www.europesays.com\/lv\/wp-json\/wp\/v2\/posts\/106442","targetHints":{"allow":["GET"]}}],"collection":[{"href":"https:\/\/www.europesays.com\/lv\/wp-json\/wp\/v2\/posts"}],"about":[{"href":"https:\/\/www.europesays.com\/lv\/wp-json\/wp\/v2\/types\/post"}],"author":[{"embeddable":true,"href":"https:\/\/www.europesays.com\/lv\/wp-json\/wp\/v2\/users\/2"}],"replies":[{"embeddable":true,"href":"https:\/\/www.europesays.com\/lv\/wp-json\/wp\/v2\/comments?post=106442"}],"version-history":[{"count":0,"href":"https:\/\/www.europesays.com\/lv\/wp-json\/wp\/v2\/posts\/106442\/revisions"}],"wp:featuredmedia":[{"embeddable":true,"href":"https:\/\/www.europesays.com\/lv\/wp-json\/wp\/v2\/media\/106443"}],"wp:attachment":[{"href":"https:\/\/www.europesays.com\/lv\/wp-json\/wp\/v2\/media?parent=106442"}],"wp:term":[{"taxonomy":"category","embeddable":true,"href":"https:\/\/www.europesays.com\/lv\/wp-json\/wp\/v2\/categories?post=106442"},{"taxonomy":"post_tag","embeddable":true,"href":"https:\/\/www.europesays.com\/lv\/wp-json\/wp\/v2\/tags?post=106442"}],"curies":[{"name":"wp","href":"https:\/\/api.w.org\/{rel}","templated":true}]}}