{"id":106444,"date":"2026-01-16T12:30:09","date_gmt":"2026-01-16T12:30:09","guid":{"rendered":"https:\/\/www.europesays.com\/lv\/106444\/"},"modified":"2026-01-16T12:30:09","modified_gmt":"2026-01-16T12:30:09","slug":"policija-sakusi-kriminalprocesu-par-tragisko-ugunsgreku-kekavas-pagasta","status":"publish","type":"post","link":"https:\/\/www.europesays.com\/lv\/106444\/","title":{"rendered":"Policija s\u0101kusi krimin\u0101lprocesu par tra\u0123isko ugunsgr\u0113ku \u0136ekavas pagast\u0101"},"content":{"rendered":"<p><a rel=\"noopener nofollow\" target=\"_blank\" href=\"https:\/\/www.delfi.lv\/temas\/37822391\/valsts-policija\" tag-id=\"37822391\">Valsts policija<\/a> (VP) s\u0101kusi krimin\u0101lprocesu par tra\u0123isko ugunsgr\u0113ku \u0136ekavas pagast\u0101, ta\u010du par iesp\u0113jam\u0101m versij\u0101m patlaban netiek publiski run\u0101ts.<\/p>\n<p>Tikm\u0113r Valsts ugunsdz\u0113s\u012bbas un gl\u0101b\u0161anas dienest\u0101 teica, ka notikuma viet\u0101 plkst. 7.48 ugunsgr\u0113ka izplat\u012b\u0161an\u0101s ierobe\u017eota, bet ugunsdz\u0113s\u0113ji darbu notikuma viet\u0101 turpina. Kop\u0113j\u0101 deg\u0161anas plat\u012bba bija 165 kvadr\u0101tmetri, no tiem \u0113kas pirmais st\u0101vs 80 kvadr\u0101tmetru plat\u012bb\u0101, otrais st\u0101vs desmit kvadr\u0101tmetru plat\u012bb\u0101, tre\u0161ais st\u0101vs piecu kvadr\u0101tmetru plat\u012bb\u0101, k\u0101 ar\u012b k\u0101p\u0146u telpa 20 kvadr\u0101tmetru plat\u012bb\u0101 un fas\u0101de 50 kvadr\u0101tmetru plat\u012bb\u0101.<\/p>\n<p class=\"m-0\">Seko &#8220;Delfi&#8221; ar\u012b  <a target=\"_blank\" href=\"https:\/\/www.instagram.com\/delfi.lv\/\" rel=\"nofollow noopener\">Instagram<\/a>  un <a target=\"_blank\" href=\"https:\/\/www.youtube.com\/channel\/UCw5foWtcJvAbUm64rv7jwUQ\" rel=\"nofollow noopener\">YouTube<\/a>  profil\u0101 \u2013 pievienojies, lai uzzin\u0101tu svar\u012bg\u0101ko un interesant\u0101ko pirmais!<\/p>\n<p>Publik\u0101cijas saturs vai t\u0101s jebk\u0101da apjoma da\u013ca ir aizsarg\u0101ts autorties\u012bbu objekts Autorties\u012bbu likuma izpratn\u0113, un t\u0101 izmanto\u0161ana bez izdev\u0113ja at\u013caujas ir aizliegta. Vair\u0101k lasi  <a target=\"_blank\" href=\"https:\/\/www.delfi.lv\/noteikumi#autortiesibas\" rel=\"nofollow noopener\">\u0161eit<\/a><script async src=\"\/\/www.instagram.com\/embed.js\"><\/script><\/p>\n","protected":false},"excerpt":{"rendered":"Valsts policija (VP) s\u0101kusi krimin\u0101lprocesu par tra\u0123isko ugunsgr\u0113ku \u0136ekavas pagast\u0101, ta\u010du par iesp\u0113jam\u0101m versij\u0101m patlaban netiek publiski run\u0101ts.&hellip;\n","protected":false},"author":2,"featured_media":106445,"comment_status":"","ping_status":"","sticky":false,"template":"","format":"standard","meta":{"footnotes":""},"categories":[12],"tags":[23,28,29,32,33,22,12492,30,31,35,39,38,36,37,34,40,20,26,27,24,25,138,21],"class_list":{"0":"post-106444","1":"post","2":"type-post","3":"status-publish","4":"format-standard","5":"has-post-thumbnail","7":"category-latvija","8":"tag-aktualitates","9":"tag-breaking-news","10":"tag-breakingnews","11":"tag-featured-news","12":"tag-featurednews","13":"tag-headlines","14":"tag-kekavas-novads","15":"tag-latest-news","16":"tag-latestnews","17":"tag-latvia","18":"tag-latvian","19":"tag-latviesu","20":"tag-latviesu-valoda","21":"tag-latviesuvaloda","22":"tag-latvija","23":"tag-lv","24":"tag-news","25":"tag-popularakas-zinas","26":"tag-popularakaszinas","27":"tag-top-stories","28":"tag-topstories","29":"tag-valsts-policija","30":"tag-zinas"},"share_on_mastodon":{"url":"https:\/\/pubeurope.com\/@lv\/115904788756666050","error":""},"_links":{"self":[{"href":"https:\/\/www.europesays.com\/lv\/wp-json\/wp\/v2\/posts\/106444","targetHints":{"allow":["GET"]}}],"collection":[{"href":"https:\/\/www.europesays.com\/lv\/wp-json\/wp\/v2\/posts"}],"about":[{"href":"https:\/\/www.europesays.com\/lv\/wp-json\/wp\/v2\/types\/post"}],"author":[{"embeddable":true,"href":"https:\/\/www.europesays.com\/lv\/wp-json\/wp\/v2\/users\/2"}],"replies":[{"embeddable":true,"href":"https:\/\/www.europesays.com\/lv\/wp-json\/wp\/v2\/comments?post=106444"}],"version-history":[{"count":0,"href":"https:\/\/www.europesays.com\/lv\/wp-json\/wp\/v2\/posts\/106444\/revisions"}],"wp:featuredmedia":[{"embeddable":true,"href":"https:\/\/www.europesays.com\/lv\/wp-json\/wp\/v2\/media\/106445"}],"wp:attachment":[{"href":"https:\/\/www.europesays.com\/lv\/wp-json\/wp\/v2\/media?parent=106444"}],"wp:term":[{"taxonomy":"category","embeddable":true,"href":"https:\/\/www.europesays.com\/lv\/wp-json\/wp\/v2\/categories?post=106444"},{"taxonomy":"post_tag","embeddable":true,"href":"https:\/\/www.europesays.com\/lv\/wp-json\/wp\/v2\/tags?post=106444"}],"curies":[{"name":"wp","href":"https:\/\/api.w.org\/{rel}","templated":true}]}}