{"id":106446,"date":"2026-01-16T12:31:08","date_gmt":"2026-01-16T12:31:08","guid":{"rendered":"https:\/\/www.europesays.com\/lv\/106446\/"},"modified":"2026-01-16T12:31:08","modified_gmt":"2026-01-16T12:31:08","slug":"barikazu-35-gadadienas-konference-uzsver-sabiedribas-saliedetibu-drosmi-un-barikazu-mantojuma-nozimi-ari-musdienas","status":"publish","type":"post","link":"https:\/\/www.europesays.com\/lv\/106446\/","title":{"rendered":"Barik\u0101\u017eu 35.gadadienas konferenc\u0113 uzsver sabiedr\u012bbas salied\u0113t\u012bbu, drosmi un barik\u0101\u017eu mantojuma noz\u012bmi ar\u012b m\u016bsdien\u0101s"},"content":{"rendered":"<p>Barik\u0101des ir apliecin\u0101jums tam, ka cilv\u0113ki drosmi un tic\u012bbu br\u012bv\u012bbai var paust pavisam vienk\u0101r\u0161i \u2013 atn\u0101kot, paliekot un nepadodoties. T\u0101s mums atg\u0101dina, ka par br\u012bv\u012bbu esam atbild\u012bgi ik dienu, to piektdien, 16.janv\u0101r\u012b, uzsv\u0113ra Saeimas priek\u0161s\u0113d\u0113t\u0101ja Daiga Mieri\u0146a, video uzrun\u0101 35.gadadienai velt\u012bt\u0101s konferences dal\u012bbniekiem. \u0160odien Saeim\u0101\u00a0 v\u0113sturnieki, ties\u012bbu un dro\u0161\u012bbas eksperti akcent\u0113 barik\u0101\u017eu pieredzi k\u0101 unik\u0101lu nevardarb\u012bgas tautas pretest\u012bbas piem\u0113ru, kas kalpojis par pamatu m\u016bsdienu Latvijas valstiskuma un aizsardz\u012bbas sp\u0113ju stiprin\u0101\u0161anai.<\/p>\n<p>Saeimas priek\u0161s\u0113d\u0113t\u0101ja sac\u012bja, ka mainoties paaudz\u0113m, main\u0101s ar\u012b skat\u012bjums uz barik\u0101d\u0113m. T\u0101p\u0113c aicinu \u0161odien run\u0101t ne tikai par v\u0113sturisko piemi\u0146u, bet ar\u012b par praktisku m\u0101c\u012bbu \u2013 k\u0101 sabiedr\u012bbas salied\u0113t\u012bba un notur\u012bba var stiprin\u0101t m\u016bsu valsts dro\u0161\u012bbu, teica D.Mieri\u0146a. Vi\u0146a ar\u012b v\u0113l\u0113ja, lai barik\u0101\u017eu laika atmi\u0146u st\u0101sti un \u0161odienas v\u0113st\u012bjumi sniedz mums p\u0101rliec\u012bbu, ka ikviens ar savu darbu, god\u012bgumu un kl\u0101tesam\u012bbu var stiprin\u0101t valsts dro\u0161\u012bbu.<\/p>\n<p>Konferences atkl\u0101\u0161an\u0101 Saeimas priek\u0161s\u0113d\u0113t\u0101jas biedre Zanda Kalni\u0146a-Luka\u0161evica izc\u0113la tr\u012bs atzi\u0146as \u2013 iz\u0161\u0137iro\u0161a bija, pirmk\u0101rt, ap\u0146em\u0161an\u0101s un atbild\u012bba nosarg\u0101t, jo cit\u0101di nevar, otrk\u0101rt, l\u012bdzdal\u012bba jeb griba aizst\u0101v\u0113t savu valsti un tre\u0161k\u0101rt, p\u0101rliec\u012bba par ties\u012bb\u0101m uz savu valsti.<\/p>\n<p>Vi\u0146a akcent\u0113ja sabiedr\u012bbas l\u012bdzdal\u012bbas noz\u012bmi k\u0101 neat\u0146emamu br\u012bv\u012bbas un dro\u0161\u012bbas priek\u0161noteikumu. \u201cNeviens parlaments, neviena vald\u012bba un neviena starptautiska organiz\u0101cija nesp\u0113j aizst\u0101t cilv\u0113ku pa\u0161u gribu aizst\u0101v\u0113t savu valsti,\u201d nor\u0101d\u012bja Z.Kalni\u0146a-Luka\u0161evica.<\/p>\n<p>Vi\u0146a uzsv\u0113ra ar\u012b barik\u0101\u017eu laika tautas gar\u012bg\u0101 sp\u0113ka un p\u0101rliec\u012bbas noz\u012bmi: \u201cLatvijas tautas sp\u0113ks sl\u0113p\u0101s p\u0101rliec\u012bb\u0101, ka ar\u012b mums \u2013 mazai tautai \u2013 ir ties\u012bbas uz savu balsi, valsti, valodu un n\u0101kotni. Un \u0161\u012b p\u0101rliec\u012bba ir j\u0101stiprina ar\u012b \u0161odien.\u201d<\/p>\n<p>Z.Kalni\u0146a-Luka\u0161evica pateic\u0101s barik\u0101\u017eu dal\u012bbniekiem, nor\u0101dot, ka vi\u0146u ieguld\u012bjums Latvijas valsts tap\u0161an\u0101 un nosarg\u0101\u0161an\u0101 netiks aizmirsts. Vi\u0146a ar\u012b atg\u0101din\u0101ja, ka demokr\u0101tija, par ko pirms 35 gadiem iest\u0101j\u0101s barik\u0101\u017eu dal\u012bbnieki, ir atbild\u012bba, un t\u0101 ietver pilsonisk\u0101s sabiedr\u012bbas stiprin\u0101\u0161anu, neatkar\u012bgu mediju atbalst\u012b\u0161anu, augstus cilv\u0113kties\u012bbu standartus un cie\u0146pilnas diskusijas.<\/p>\n<p>Konferenc\u0113 kl\u0101teso\u0161os uzrun\u0101ja ar\u012b Valsts prezidents Edgars Rink\u0113vi\u010ds, Ministru prezidente Evika Sili\u0146a un 4.maija deklar\u0101cijas kluba prezidente Velta \u010cebotarenoka.<\/p>\n<p>Konferences \u201c1991.gada janv\u0101ra barik\u0101des k\u0101 tautas pretest\u012bbas totalit\u0101rajam re\u017e\u012bmam izpausme un m\u0101c\u012bbas m\u016bsdien\u0101m\u201d dal\u012bbnieki \u0161odien analiz\u0113 barik\u0101\u017eu nacion\u0101lo un starptautisko noz\u012bmi, to organiz\u0101ciju, tautas gara pac\u0113lumu un ieguld\u012bjumu Latvijas dro\u0161\u012bbas pamatu veido\u0161an\u0101. T\u0101pat eksperti sprie\u017e par nevardarb\u012bg\u0101s preto\u0161an\u0101s tiesiskajiem, v\u0113sturiskajiem un milit\u0101rajiem aspektiem, sabiedr\u012bbas lomai un gatav\u012bbai nemilit\u0101rai pretest\u012bbai kara vai pagaidu okup\u0101cijas apst\u0101k\u013cos.<\/p>\n<p>\u0160om\u0113nes aprit 35 gadi kop\u0161 1991.gada janv\u0101ra barik\u0101d\u0113m, kad m\u016bsu l\u012bdzcilv\u0113ki plecu pie pleca aizsarg\u0101ja savu atjaunoto valsti. Ik gadu janv\u0101ra izska\u0146\u0101 Latvij\u0101 tiek iedegti ugunskuri, lai piemin\u0113tu \u0161os notikumus.<\/p>\n","protected":false},"excerpt":{"rendered":"Barik\u0101des ir apliecin\u0101jums tam, ka cilv\u0113ki drosmi un tic\u012bbu br\u012bv\u012bbai var paust pavisam vienk\u0101r\u0161i \u2013 atn\u0101kot, paliekot un&hellip;\n","protected":false},"author":2,"featured_media":106447,"comment_status":"","ping_status":"","sticky":false,"template":"","format":"standard","meta":{"footnotes":""},"categories":[5],"tags":[23,28,29,47,32,33,22,381,64,30,31,35,39,38,36,37,34,40,20,385,26,27,172,382,384,383,24,25,21],"class_list":{"0":"post-106446","1":"post","2":"type-post","3":"status-publish","4":"format-standard","5":"has-post-thumbnail","7":"category-aktualitates","8":"tag-aktualitates","9":"tag-breaking-news","10":"tag-breakingnews","11":"tag-ekonomika","12":"tag-featured-news","13":"tag-featurednews","14":"tag-headlines","15":"tag-jaunumi","16":"tag-kultura","17":"tag-latest-news","18":"tag-latestnews","19":"tag-latvia","20":"tag-latvian","21":"tag-latviesu","22":"tag-latviesu-valoda","23":"tag-latviesuvaloda","24":"tag-latvija","25":"tag-lv","26":"tag-news","27":"tag-pieriga","28":"tag-popularakas-zinas","29":"tag-popularakaszinas","30":"tag-riga","31":"tag-sabiedriba","32":"tag-sludinajumi","33":"tag-sports-afisa","34":"tag-top-stories","35":"tag-topstories","36":"tag-zinas"},"share_on_mastodon":{"url":"https:\/\/pubeurope.com\/@lv\/115904792625642506","error":""},"_links":{"self":[{"href":"https:\/\/www.europesays.com\/lv\/wp-json\/wp\/v2\/posts\/106446","targetHints":{"allow":["GET"]}}],"collection":[{"href":"https:\/\/www.europesays.com\/lv\/wp-json\/wp\/v2\/posts"}],"about":[{"href":"https:\/\/www.europesays.com\/lv\/wp-json\/wp\/v2\/types\/post"}],"author":[{"embeddable":true,"href":"https:\/\/www.europesays.com\/lv\/wp-json\/wp\/v2\/users\/2"}],"replies":[{"embeddable":true,"href":"https:\/\/www.europesays.com\/lv\/wp-json\/wp\/v2\/comments?post=106446"}],"version-history":[{"count":0,"href":"https:\/\/www.europesays.com\/lv\/wp-json\/wp\/v2\/posts\/106446\/revisions"}],"wp:featuredmedia":[{"embeddable":true,"href":"https:\/\/www.europesays.com\/lv\/wp-json\/wp\/v2\/media\/106447"}],"wp:attachment":[{"href":"https:\/\/www.europesays.com\/lv\/wp-json\/wp\/v2\/media?parent=106446"}],"wp:term":[{"taxonomy":"category","embeddable":true,"href":"https:\/\/www.europesays.com\/lv\/wp-json\/wp\/v2\/categories?post=106446"},{"taxonomy":"post_tag","embeddable":true,"href":"https:\/\/www.europesays.com\/lv\/wp-json\/wp\/v2\/tags?post=106446"}],"curies":[{"name":"wp","href":"https:\/\/api.w.org\/{rel}","templated":true}]}}