{"id":106448,"date":"2026-01-16T12:37:07","date_gmt":"2026-01-16T12:37:07","guid":{"rendered":"https:\/\/www.europesays.com\/lv\/106448\/"},"modified":"2026-01-16T12:37:07","modified_gmt":"2026-01-16T12:37:07","slug":"sesks-francis-startes-septinos-wrc-posmos-m-sport-sastava-motoru-sports-sportacentrs-com","status":"publish","type":"post","link":"https:\/\/www.europesays.com\/lv\/106448\/","title":{"rendered":"Sesks\/Francis start\u0113s septi\u0146os WRC posmos &#8220;M-Sport&#8221; sast\u0101v\u0101 \u2013 Motoru sports \u2013 Sportacentrs.com"},"content":{"rendered":"<p>&#8220;Tet&#8221; valdes prike\u0161s\u0113d\u0113t\u0101js Uldis Tatar\u010duks sportistiem \u0161osezon v\u0113l maksim\u0101li papla\u0161in\u0101t pieredzi un iepaz\u012bt ce\u013cus da\u017e\u0101dos rallijos, lai br\u012bd\u012b, kad ekip\u0101\u017ea non\u0101k pilna laika WRC re\u017e\u012bm\u0101, \u0161\u012bs zin\u0101\u0161anas k\u013c\u016bst par re\u0101lu konkurences priek\u0161roc\u012bbu.<\/p>\n<p>2025. gada izska\u0146\u0101, Sa\u016bda Ar\u0101bij\u0101 latvie\u0161u \u0101trums piesaist\u012bja nozares profesion\u0101\u013cu uzman\u012bbu, jo ekip\u0101\u017eas potenci\u0101ls atkl\u0101j\u0101s, kad izl\u012bdzin\u0101j\u0101s ce\u013ca zin\u0101\u0161anas ar past\u0101v\u012bgajiem WRC pilotiem. T\u0101d\u0113\u013c 2026. gada programma veidota k\u0101 apzin\u0101ts att\u012bst\u012bbas posms, kur katrs starts kalpo vienam m\u0113r\u0137im \u2013 uzkr\u0101t kilometrus, pilnveidot sadarb\u012bbu ar komandu, padzi\u013cin\u0101t izpratni par da\u017e\u0101du ralliju specifiku un nostiprin\u0101t psiholo\u0123isko stabilit\u0101ti.<\/p>\n<p>Ri\u010dards Milleners, &#8220;M-Sport Ford WRT&#8221; komandas vad\u012bt\u0101js: &#8220;Beidzot esmu priec\u012bgs izzi\u0146ot M\u0101rti\u0146a un Ren\u0101ra atgrie\u0161anos WRC aprit\u0113 un &#8220;M-Sport&#8221; komand\u0101 k\u0101 minimums ar se\u0161iem WRC posmiem. P\u0113c Sa\u016bda Ar\u0101bijas emociju kalni\u0146iem, ticu, ka m\u016bs gaida labi rezult\u0101ti. V\u0113los pateikties ikvienam iesaist\u012btajam, jo \u012bpa\u0161i M\u0101rti\u0146a un Ren\u0101ra sponsoriem, tostarp &#8220;SafetyCulture&#8221; un faniem no Latvijas, kuri seko l\u012bdzi pui\u0161iem un &#8220;M-Sport&#8221; sezonas garum\u0101. Salikt kop\u0101 \u0161\u012b gada programmu nudien nebija viegli, ta\u010du sezonas s\u0101kums ir tepat p\u0101ris ned\u0113\u013cu att\u0101lum\u0101.\u201d<\/p>\n<p>M\u0101rti\u0146\u0161 Sesks: &#8220;Jau tre\u0161o gadu lieliski sadarbojamies ar &#8220;M-Sport WRT&#8221; un &#8220;SafetyCulture&#8221;, un \u0161\u012b b\u016bs m\u016bsu otr\u0101 sezona WRC. Pieredze ir uzkr\u0101ta, bet b\u016btisk\u0101kais jaut\u0101jums ir, cik prasm\u012bgi sp\u0113sim to izmantot. P\u0113c pirmajiem startiem jau b\u016bs redzams, cik m\u0113r\u0137tiec\u012bgi str\u0101d\u0101jam un cik stabilu pamatu esam izveidoju\u0161i.&#8221;<\/p>\n<p>Ren\u0101rs Francis: &#8220;M\u016bsu galvenais uzdevums \u0161obr\u012bd ir braukt p\u0113c iesp\u0113jas vair\u0101k un gudr\u0101k. Katrs rallijs, katrs pieraksts, katrs kilometrs WRC l\u012bmen\u012b dod \u013coti konkr\u0113tas atzi\u0146as. M\u0113r\u0137is nav vienk\u0101r\u0161i piedal\u012bties, bet veidot pamatu ilgtermi\u0146a darbam \u0161aj\u0101 l\u012bmen\u012b. Sports ir m\u016bsu vien\u012bg\u0101 izv\u0113le. Auto ir labs un mums j\u0101turpina pilnveidot sevi. Un, protams, es priec\u0101jos par iesp\u0113ju atgriezties starp WRC l\u012bme\u0146a sportistiem. Pilna WRC sezona neb\u016btu viegla: 14 posmi 12 m\u0113ne\u0161os ir intens\u012bvs re\u017e\u012bms. Ta\u010du ar\u012b puse WRC sezonas kop\u0101 ar Eiropas un viet\u0113jiem sacens\u012bbu posmiem, \u012bpa\u0161i sprinta sacens\u012bb\u0101s, prasa vienl\u012bdz daudz ener\u0123ijas, liek dot virs\u016b jau no pa\u0161a s\u0101kuma.&#8221;<\/p>\n<p>Paral\u0113li WRC programmai, Sesks\/Francis 2026. gada sezon\u0101 pl\u0101no start\u0113t ar\u012b Eiropas rallija \u010dempion\u0101t\u0101 (ERC). Pa\u0161laik ekip\u0101\u017eas kalend\u0101r\u0101 paredz\u0113ta dal\u012bba divos ERC posmos Zviedrij\u0101 un Portug\u0101l\u0113, ta\u010du komanda nesl\u0113pj, ka programma var tikt papla\u0161in\u0101ta, ja apst\u0101k\u013ci b\u016bs labv\u0113l\u012bgi. L\u012bdz\u012bga pieeja jau iepriek\u0161 sevi pier\u0101d\u012bjusi veiksm\u012bg\u0101 sadarb\u012bb\u0101 ar partneriem &#8220;MRF Tyres&#8221; un &#8220;Sports Racing Technologies&#8221;, kad sezonas gait\u0101 izdevies papildin\u0101t sacens\u012bbu programmu ar papildu startiem.<\/p>\n<p>V\u0113l viena min\u0113to pu\u0161u kop\u012bga iniciat\u012bva ir &#8220;MS MRF Junior Challenge&#8221;, kuras m\u0113r\u0137is ir veicin\u0101t jauno autosportistu att\u012bst\u012bbu un rad\u012bt vi\u0146iem re\u0101las iesp\u0113jas spert pirmos so\u013cus profesion\u0101laj\u0101 rallij\u0101.<\/p>\n<p>M\u0101rti\u0146\u0161 Sesks uzsver, ka \u0161\u0101da platforma ir \u0101rk\u0101rt\u012bgi noz\u012bm\u012bga Latvijas autosporta n\u0101kotnei un person\u012bgi vi\u0146am t\u0101 ir ar\u012b v\u0113rt\u012bbu jaut\u0101jums. &#8220;Jauno brauc\u0113ju att\u012bst\u012bba ir \u013coti svar\u012bga. Man pa\u0161am savulaik b\u016btisku atbalstu sniedza &#8220;Autosporta akad\u0113mija&#8221;, un \u0161odien j\u016btu, ka ir pien\u0101cis laiks dot kaut ko atpaka\u013c. &#8220;MS MRF Junior Challenge&#8221; var k\u013c\u016bt par sp\u0113c\u012bgu atsp\u0113riena punktu jaunajai autosportistu paaudzei,&#8221; nor\u0101da M\u0101rti\u0146\u0161 Sesks.<\/p>\n<p>Viveks Ponnusami, &#8220;MRF Tyres&#8221; komandas vad\u012bt\u0101js nor\u0101da, ka programmas liel\u0101k\u0101 v\u0113rt\u012bba ir ne vien teor\u0113tisko un praktisko zin\u0101\u0161anu apmai\u0146a, bet jo \u012bpa\u0161i tehniskais atbalsts ar &#8220;Rally3&#8221; automa\u0161\u012bnu un MRF riep\u0101m.<\/p>\n<p>&#8220;P\u0113d\u0113jos gados Latvijas autorallij\u0101 bija izveidojusies savdab\u012bga situ\u0101cija \u2013 mums ir viens gados jauns pasaules l\u012bme\u0146a rallija pilots, bet b\u0113rnu un jaunie\u0161u, kas sekotu, nav. T\u0101p\u0113c ir liels prieks, ka M\u0101rti\u0146\u0161 Sesks ir gatavs savas zin\u0101\u0161anas nodot jaunajai paaudzei un v\u0113l liel\u0101ks prieks, ka jaunie\u0161i ir \u013coti atsauc\u012bgi un grib braukt rallij\u0101. No septi\u0146iem sportistiem, kuri jau pieteiku\u0161i savu dal\u012bbu &#8220;MS MRF Junior Challenge&#8221; programm\u0101, mums ir gan vado\u0161ie rallijkrosa brauc\u0113ji, gan Patriks Lo\u010dmelis, kur\u0161 ir start\u0113jis karting\u0101 pasaules l\u012bme\u0146a sacens\u012bb\u0101s un izc\u012bn\u012bjis godalgotas vietas, ar\u012b K\u0101rlis Dzen\u012btis, kur\u0161 veiksm\u012bgi s\u0101cis braukt rallij\u0101. M\u0113s joproj\u0101m gaid\u0101m pieteikumu no jaunie\u0161iem l\u012bdz 25 gadu vecumam,&#8221; nor\u0101da &#8220;MS MRF Junior Challenge&#8221; programmas koordinators M\u0101rti\u0146\u0161 Dzen\u012btis.<\/p>\n<p>Pl\u0101notie WRC posmi 2026. gada sezon\u0101:<\/p>\n<tr>PosmsNorises laiks<\/tr>\n<tr class=\"even\">\n<td>Rally Sweden<\/td>\n<td>12.\u201315. febru\u0101ris<\/td>\n<\/tr>\n<tr class=\"odd\">\n<td>Rally de Portugal<\/td>\n<td>7.\u201310. maijs<\/td>\n<\/tr>\n<tr class=\"even\">\n<td>Acropolis Rally Greece<\/td>\n<td>25.\u201328. j\u016bnijs<\/td>\n<\/tr>\n<tr class=\"odd\">\n<td>Rally Estonia<\/td>\n<td>16.\u201319. j\u016blijs<\/td>\n<\/tr>\n<tr class=\"even\">\n<td>Rally Finland<\/td>\n<td>30. j\u016blijs \u2013 2. augusts<\/td>\n<\/tr>\n<tr class=\"odd\">\n<td>Rally Italia Sardegna<\/td>\n<td>1.\u20134. oktobris<\/td>\n<\/tr>\n<tr class=\"even\">\n<td>Rally Saudi Arabia<\/td>\n<td>11.\u201314. novembris<\/td>\n<\/tr>\n","protected":false},"excerpt":{"rendered":"&#8220;Tet&#8221; valdes prike\u0161s\u0113d\u0113t\u0101js Uldis Tatar\u010duks sportistiem \u0161osezon v\u0113l maksim\u0101li papla\u0161in\u0101t pieredzi un iepaz\u012bt ce\u013cus da\u017e\u0101dos rallijos, lai br\u012bd\u012b,&hellip;\n","protected":false},"author":2,"featured_media":106449,"comment_status":"","ping_status":"","sticky":false,"template":"","format":"standard","meta":{"footnotes":""},"categories":[5],"tags":[23,28,29,32,33,22,30,31,35,39,38,36,37,34,40,165,20,26,27,24,25,21],"class_list":{"0":"post-106448","1":"post","2":"type-post","3":"status-publish","4":"format-standard","5":"has-post-thumbnail","7":"category-aktualitates","8":"tag-aktualitates","9":"tag-breaking-news","10":"tag-breakingnews","11":"tag-featured-news","12":"tag-featurednews","13":"tag-headlines","14":"tag-latest-news","15":"tag-latestnews","16":"tag-latvia","17":"tag-latvian","18":"tag-latviesu","19":"tag-latviesu-valoda","20":"tag-latviesuvaloda","21":"tag-latvija","22":"tag-lv","23":"tag-motoru-sports","24":"tag-news","25":"tag-popularakas-zinas","26":"tag-popularakaszinas","27":"tag-top-stories","28":"tag-topstories","29":"tag-zinas"},"share_on_mastodon":{"url":"https:\/\/pubeurope.com\/@lv\/115904816420266854","error":""},"_links":{"self":[{"href":"https:\/\/www.europesays.com\/lv\/wp-json\/wp\/v2\/posts\/106448","targetHints":{"allow":["GET"]}}],"collection":[{"href":"https:\/\/www.europesays.com\/lv\/wp-json\/wp\/v2\/posts"}],"about":[{"href":"https:\/\/www.europesays.com\/lv\/wp-json\/wp\/v2\/types\/post"}],"author":[{"embeddable":true,"href":"https:\/\/www.europesays.com\/lv\/wp-json\/wp\/v2\/users\/2"}],"replies":[{"embeddable":true,"href":"https:\/\/www.europesays.com\/lv\/wp-json\/wp\/v2\/comments?post=106448"}],"version-history":[{"count":0,"href":"https:\/\/www.europesays.com\/lv\/wp-json\/wp\/v2\/posts\/106448\/revisions"}],"wp:featuredmedia":[{"embeddable":true,"href":"https:\/\/www.europesays.com\/lv\/wp-json\/wp\/v2\/media\/106449"}],"wp:attachment":[{"href":"https:\/\/www.europesays.com\/lv\/wp-json\/wp\/v2\/media?parent=106448"}],"wp:term":[{"taxonomy":"category","embeddable":true,"href":"https:\/\/www.europesays.com\/lv\/wp-json\/wp\/v2\/categories?post=106448"},{"taxonomy":"post_tag","embeddable":true,"href":"https:\/\/www.europesays.com\/lv\/wp-json\/wp\/v2\/tags?post=106448"}],"curies":[{"name":"wp","href":"https:\/\/api.w.org\/{rel}","templated":true}]}}