{"id":106454,"date":"2026-01-16T12:44:13","date_gmt":"2026-01-16T12:44:13","guid":{"rendered":"https:\/\/www.europesays.com\/lv\/106454\/"},"modified":"2026-01-16T12:44:13","modified_gmt":"2026-01-16T12:44:13","slug":"radioteatra-vaditajas-maras-eglites-fantastiskais-celojums-uz-talo-kambodzu-santa","status":"publish","type":"post","link":"https:\/\/www.europesays.com\/lv\/106454\/","title":{"rendered":"Radiote\u0101tra vad\u012bt\u0101jas M\u0101ras Egl\u012btes fantastiskais ce\u013cojums uz t\u0101lo Kambod\u017eu \u2014 Santa"},"content":{"rendered":"<p>M\u0101ra ar v\u012bru \u0122irtu vismaz reizi gad\u0101 dodas eksotisk\u0101 ce\u013cojum\u0101. \u00abT\u0101 k\u0101 esmu jau bijusi Vjetnam\u0101, mani ieinteres\u0113ja Dienvidaustrum\u0101zijas kult\u016bra. Par Kambod\u017eu nezin\u0101ju neko daudz. Pirms da\u017eiem gadiem san\u0101ca tur b\u016bt vien p\u0101ris dienu, t\u0101p\u0113c \u0161oreiz nol\u0113m\u0101m valsti pamat\u012bg\u0101k iepaz\u012bt.\u00bb<\/p>\n<p>K\u0101 par nelaimi, \u0122irts tie\u0161i pirms t\u0101l\u0101 ce\u013ca bija lauzis k\u0101ju. \u00abLidoj\u0101m ar p\u0101rs\u0113\u0161anos Stambul\u0101, un lidost\u0101s var izmantot rati\u0146us. Ce\u013cojum\u0101 \u0122irts neapmekl\u0113ja objektus, kuros augstu j\u0101k\u0101pj, t\u0101 viet\u0101 vi\u0146\u0161\u00a0 izv\u0113l\u0113j\u0101s laiski pazviln\u0113t pie viesn\u012bcas baseina. Ta\u010du ar liel\u0101ko prieku izlo\u017e\u0146\u0101j\u0101m m\u016b\u017eseno koku saknes, kas iesk\u0101va 12. gadsimt\u0101 b\u016bv\u0113tos temp\u013cus.\u00bb<\/p>\n<p>Atp\u016bta balto smil\u0161u pludmal\u0113 Si\u0101mas l\u012b\u010da krast\u0101 \u0122irta k\u0101jai bijusi dziedino\u0161a. P\u0101rim pat\u012bkams p\u0101rsteigums bijis lieliskais pludmales restor\u0101ns, kur\u0101 pied\u0101v\u0101ta Kambod\u017eas virtuve.<\/p>\n<p>\u00abVisgard\u0101k\u0101 bija barakudas zupa, k\u0101 ar\u012b garneles pan\u0113jum\u0101,\u00bb rezum\u0113 Egl\u012bte.<\/p>\n<p>                    <a data-role=\"gallery.trigger\" href=\"https:\/\/www.santa.lv\/raksts\/personibas\/foto-radioteatra-vaditajas-maras-eglites-fantastiskais-celojums-uz-talo-kambodzu-80209\/javascript:;\" style=\"background-image:url(&#039;https:\/\/cdn.santa.lv\/media\/2026\/01\/2\/xlarge\/3dbf73dd00b0.jpg&#039;)\" aria-label=\"Atv\u0113rt galeriju\" rel=\"nofollow noopener\" target=\"_blank\"><\/p>\n<p>                                            <a data-role=\"gallery.trigger\" href=\"https:\/\/www.santa.lv\/raksts\/personibas\/foto-radioteatra-vaditajas-maras-eglites-fantastiskais-celojums-uz-talo-kambodzu-80209\/javascript:;\" style=\"background-image:url(&#039;https:\/\/cdn.santa.lv\/media\/2026\/01\/2\/small\/af661e57352c.jpg&#039;)\" aria-label=\"Atv\u0113rt galeriju\" rel=\"nofollow noopener\" target=\"_blank\"><br \/>\n                                                    <\/a><br \/>\n                                                <a data-role=\"gallery.trigger\" href=\"https:\/\/www.santa.lv\/raksts\/personibas\/foto-radioteatra-vaditajas-maras-eglites-fantastiskais-celojums-uz-talo-kambodzu-80209\/javascript:;\" style=\"background-image:url(&#039;https:\/\/cdn.santa.lv\/media\/2026\/01\/2\/small\/a0afa3210746.jpg&#039;)\" aria-label=\"Atv\u0113rt galeriju\" rel=\"nofollow noopener\" target=\"_blank\"><br \/>\n                                                    <\/a><br \/>\n                                                <a data-role=\"gallery.trigger\" href=\"https:\/\/www.santa.lv\/raksts\/personibas\/foto-radioteatra-vaditajas-maras-eglites-fantastiskais-celojums-uz-talo-kambodzu-80209\/javascript:;\" style=\"background-image:url(&#039;https:\/\/cdn.santa.lv\/media\/2026\/01\/2\/small\/788b5b7c6d9a.jpg&#039;)\" aria-label=\"Atv\u0113rt galeriju\" rel=\"nofollow noopener\" target=\"_blank\"><br \/>\n                            +8                        <\/a><\/p>\n<p>\u00a0<\/p>\n<p>\u0112\u0161ana un dz\u012bvo\u0161ana Kambod\u017e\u0101 nav p\u0101rlieku d\u0101rgs prieks.<\/p>\n<blockquote><p>&#13;<\/p>\n<p>\u00abKambod\u017ea ir t\u016bristiem draudz\u012bga valsts,\u00bb<\/p>\n<p>&#13;\n<\/p><\/blockquote>\n<p>atz\u012bm\u0113 M\u0101ra un past\u0101sta par ce\u013cojuma emocion\u0101l\u0101ko mirkli \u2013 vi\u0146i satiku\u0161i pusm\u016b\u017ea v\u012brieti, kur\u0161 70. gados izgl\u0101bies no Sarkano khmeru jeb radik\u0101lo komunistu genoc\u012bda, kas diktatora Pola Pota re\u017e\u012bma laik\u0101 izn\u012bcin\u0101ja apm\u0113ram divus miljonus valsts iedz\u012bvot\u0101ju. \u00abTolaik \u0161is v\u012brs bija mazs z\u0113ns, un tagad savas atmi\u0146as par piedz\u012bvoto vi\u0146\u0161 labpr\u0101t st\u0101sta t\u016bristiem,\u00bb t\u0101 M\u0101ra.<\/p>\n<p>Kambod\u017eas un Taizemes \u0161obr\u012bd aktu\u0101lo savstarp\u0113jo nemieru d\u0113\u013c nebija iesp\u0113jas apskat\u012bt vietas valsts zieme\u013crietumos. \u00abKad dev\u0101mies ekskursij\u0101 pa d\u017eung\u013cu ce\u013cu Taizemes pierobe\u017e\u0101, redz\u0113j\u0101m vair\u0101kus karav\u012bru poste\u0146us. Fotograf\u0113t dro\u0161\u012bbas apsv\u0113rumu d\u0113\u013c baid\u012bjos. Past\u0101v\u0113ja varb\u016bt\u012bba, ka ce\u013c\u0161 ir m\u012bn\u0113ts, ta\u010du \u0161is fakts t\u016brisma pl\u016bsmu neietekm\u0113,\u00bb st\u0101sta M\u0101ra.<\/p>\n<p>\u00a0<\/p>\n<p>Vaic\u0101ta, cik izmaks\u0101jis eksotiskais ce\u013cojums, vi\u0146a atz\u012bst, ka naudi\u0146a bijusi j\u0101pakr\u0101j. Lai no Latvijas uz Kambod\u017eu aizbrauktu k\u0101 t\u016brists, vienam cilv\u0113kam nepiecie\u0161ami apm\u0113ram 2500 eiro.<\/p>\n<p>Vair\u0101k jaunumu par sabiedr\u012bb\u0101 zin\u0101mu cilv\u0113ku dz\u012bvi lasi Priv\u0101taj\u0101 Dz\u012bv\u0113!<\/p>\n<p>&#13;<\/p>\n<ul>&#13;<\/p>\n<li>\u00abNesp\u0113j\u0101m pal\u012bdz\u0113t&#8230;\u00bb Ikstenas m\u0101sa par Noras m\u016b\u017ea izska\u0146u<\/li>\n<p>&#13;<\/p>\n<li>Artu Skuju un T\u0101li Eipuru atlai\u017e no darba TV<\/li>\n<p>&#13;<\/p>\n<li>10 amizanti fakti, ko daudzi nezina par Maestro Paulu<\/li>\n<p>&#13;<\/p>\n<li>Juris \u017dagars par p\u0101rmai\u0146\u0101m Dailes \u0161tat\u0101<\/li>\n<p>&#13;<\/p>\n<li>U\u013cjanas Semjonovas dz\u012bv\u012bba izdzisa tr\u012bs dien\u0101s<\/li>\n<p>&#13;<\/p>\n<li>Aija Andrejeva atkl\u0101j, ko uzd\u0101vin\u0101jusi sev 40. jubilej\u0101<\/li>\n<p>&#13;<\/p>\n<li>\u0112rk\u0161\u0137u \u0161ova zvaigzne Ksenija J\u0113kabpil\u012b nones ce\u013caz\u012bmes<\/li>\n<p>&#13;<\/p>\n<li>K\u0101 p\u0113c dz\u012bvesbiedres n\u0101ves dz\u012bvo J\u0101nis Jenzis<\/li>\n<p>&#13;\n<\/ul>\n<p>\t&#13;<br \/>\n\t&#13;<br \/>\n\t\t\t\t<img decoding=\"async\" class=\"no-convert\" data-init=\"lazy-image\" src=\"https:\/\/www.europesays.com\/lv\/wp-content\/uploads\/2026\/01\/1768467796_806_17682117336964c5158f37a.jpg\" alt=\"Priv\u0101t\u0101 Dzive nr02\/2026\" style=\"margin-top: 15px;\"\/>&#13;<br \/>\n\t\t\t&#13;<br \/>\n&#13;<\/p>\n","protected":false},"excerpt":{"rendered":"M\u0101ra ar v\u012bru \u0122irtu vismaz reizi gad\u0101 dodas eksotisk\u0101 ce\u013cojum\u0101. \u00abT\u0101 k\u0101 esmu jau bijusi Vjetnam\u0101, mani ieinteres\u0113ja&hellip;\n","protected":false},"author":2,"featured_media":106455,"comment_status":"","ping_status":"","sticky":false,"template":"","format":"standard","meta":{"footnotes":""},"categories":[19],"tags":[89,90,35,39,38,36,37,34,40],"class_list":{"0":"post-106454","1":"post","2":"type-post","3":"status-publish","4":"format-standard","5":"has-post-thumbnail","7":"category-izklaide","8":"tag-entertainment","9":"tag-izklaide","10":"tag-latvia","11":"tag-latvian","12":"tag-latviesu","13":"tag-latviesu-valoda","14":"tag-latviesuvaloda","15":"tag-latvija","16":"tag-lv"},"share_on_mastodon":{"url":"https:\/\/pubeurope.com\/@lv\/115904843783996523","error":""},"_links":{"self":[{"href":"https:\/\/www.europesays.com\/lv\/wp-json\/wp\/v2\/posts\/106454","targetHints":{"allow":["GET"]}}],"collection":[{"href":"https:\/\/www.europesays.com\/lv\/wp-json\/wp\/v2\/posts"}],"about":[{"href":"https:\/\/www.europesays.com\/lv\/wp-json\/wp\/v2\/types\/post"}],"author":[{"embeddable":true,"href":"https:\/\/www.europesays.com\/lv\/wp-json\/wp\/v2\/users\/2"}],"replies":[{"embeddable":true,"href":"https:\/\/www.europesays.com\/lv\/wp-json\/wp\/v2\/comments?post=106454"}],"version-history":[{"count":0,"href":"https:\/\/www.europesays.com\/lv\/wp-json\/wp\/v2\/posts\/106454\/revisions"}],"wp:featuredmedia":[{"embeddable":true,"href":"https:\/\/www.europesays.com\/lv\/wp-json\/wp\/v2\/media\/106455"}],"wp:attachment":[{"href":"https:\/\/www.europesays.com\/lv\/wp-json\/wp\/v2\/media?parent=106454"}],"wp:term":[{"taxonomy":"category","embeddable":true,"href":"https:\/\/www.europesays.com\/lv\/wp-json\/wp\/v2\/categories?post=106454"},{"taxonomy":"post_tag","embeddable":true,"href":"https:\/\/www.europesays.com\/lv\/wp-json\/wp\/v2\/tags?post=106454"}],"curies":[{"name":"wp","href":"https:\/\/api.w.org\/{rel}","templated":true}]}}