{"id":106458,"date":"2026-01-16T12:55:08","date_gmt":"2026-01-16T12:55:08","guid":{"rendered":"https:\/\/www.europesays.com\/lv\/106458\/"},"modified":"2026-01-16T12:55:08","modified_gmt":"2026-01-16T12:55:08","slug":"riga-areste-somijas-lielaka-korupcijas-skandala-figurantu-raksts","status":"publish","type":"post","link":"https:\/\/www.europesays.com\/lv\/106458\/","title":{"rendered":"R\u012bg\u0101 arest\u0113 Somijas liel\u0101k\u0101 korupcijas skand\u0101la figurantu \/ Raksts"},"content":{"rendered":"<p>Policija ceturtdien R\u012bg\u0101 aiztur\u0113jusi Interpola mekl\u0113\u0161an\u0101 savulaik izsludin\u0101to Arto Autio, kuru Somij\u0101 v\u0113las ties\u0101t valsts liel\u0101kaj\u0101 korupcijas skand\u0101l\u0101 un<a href=\"https:\/\/rebaltica.lv\/2024\/10\/rebaltica-riga-atrod-somijas-lielaka-korupcijas-skandala-figuranta-ipasumus\/\" rel=\"nofollow noopener\" target=\"_blank\">\u00a0kuram te pieder \u012bpa\u0161umi.\u00a0<\/a>Aiztur\u0113\u0161anu\u00a0Re:Baltica\u00a0apstiprin\u0101ja gan \u0122ener\u0101lprokurat\u016br\u0101, gan aculiecinieki un ar vi\u0146a biznesu saist\u012bti cilv\u0113ki.<\/p>\n<p>&#8220;Vi\u0146\u0161 nebrauca sav\u0101 ierastaj\u0101 melnaj\u0101 pikap\u0101, bet ar busi\u0146u, kuru parasti izmanto darbinieki. Brauca diezgan l\u0113ni vair\u0101kus ap\u013cus pa teritoriju. Kad s\u0101kum\u0101 netrafar\u0113tajiem auto neizdev\u0101s apst\u0101din\u0101t, atbrauca v\u0113l un blo\u0137\u0113ja vi\u0146a ce\u013cu no vis\u0101m pus\u0113m,&#8221;\u00a0Re:Baltica\u00a0atst\u0101st\u012bja aculiecinieku teikto. Autio bijis kop\u0101 ar\u00a0 meitu, uz kuras v\u0101rda p\u0101rrakst\u012bti vi\u0146a R\u012bgas \u012bpa\u0161umi. &#8220;Vi\u0146a man piezvan\u012bja un pateica, ka Arto aiztur\u0113ts, bet neko vair\u0101k,&#8221;\u00a0Re:Baltica\u00a0teica vi\u0146a biju\u0161ais darbinieks Sergejs Vorts.<\/p>\n<p>Dienvidsomijas prokurat\u016bras \u012bpa\u0161ais prokurors Timo Haikonens\u00a0Re:Baltica\u00a0partneriem, sabiedriskajam medijam\u00a0YLE\u00a0apstiprin\u0101ja, ka Autio aiztur\u0113ts, pamatojoties uz Eiropas aresta orderi. Somija jau l\u016bgusi vi\u0146a izdo\u0161anu. Latvijas \u0122ener\u0101lprokurat\u016bras p\u0101rst\u0101ve Ieva \u0160omina apstiprin\u0101ja aiztur\u0113\u0161anu Somijas uzdevum\u0101 un nor\u0101d\u012bja, ka prokurat\u016bra p\u0113c izmekl\u0113\u0161anas tiesne\u0161a l\u0113muma par arestu lems par izdo\u0161anu. Ja persona nepiekrit\u012bs, l\u0113mumu var apstr\u012bd\u0113t Augst\u0101kaj\u0101 ties\u0101.<\/p>\n<p>Kas ir Autio?<\/p>\n<p>Somijas pilsonis Autio Igaunij\u0101 ir noties\u0101ts par nodok\u013cu kr\u0101p\u0161anu. Kaimi\u0146valst\u012b vi\u0146\u0161 piesaist\u012bja uzman\u012bbu ar nekustamo \u012bpa\u0161umu dar\u012bjumiem ar Centra partiju. Somij\u0101 Autio ir viens no galvenajiem aps\u016bdz\u0113tajiem liet\u0101 par Jaunatnes foruma (JF) apkr\u0101p\u0161anu. \u0160\u012b organiz\u0101cija 60.gados Somij\u0101 izveidoja nekustamo \u012bpa\u0161umu t\u012bklu. Tos l\u0113ti iz\u012br\u0113 jauniem cilv\u0113kiem un \u0123imen\u0113m vecum\u0101 l\u012bdz 30 gadiem, kuri nesen s\u0101ku\u0161i str\u0101d\u0101t un nevar at\u013cauties tos nopirkt. Autio aps\u016bdz\u0113ts gan par kuku\u013cu organiz\u0113\u0161anu un do\u0161anu, gan gr\u0101matved\u012bbas noziegumiem, gan piesavin\u0101\u0161anos. \u0160o darb\u012bbu rezult\u0101t\u0101 JF nodar\u012bti vair\u0101ku desmitu miljonu zaud\u0113jumi, bet ar Autio saist\u012bti uz\u0146\u0113mumi nopeln\u012bju\u0161i miljonus.\u00a0<\/p>\n<p>P\u0101r\u0113jie \u0161\u012bs lietas figuranti jau ir noties\u0101ti, bet Autio aizb\u0113ga un vair\u0101kus gadus ar v\u0113rienu dz\u012bvoja Balkrievij\u0101. T\u0101 Somijai noziedzniekus neizdod, un juridisk\u0101 sadarb\u012bba kop\u0161 t\u0101s atbalst\u012bt\u0101 Krievijas liel\u0101 iebrukuma Ukrain\u0101 ir faktiski apst\u0101jusies. Somija bija l\u016bgusi iek\u013caut Autio\u00a0<a href=\"https:\/\/eumostwanted.eu\/\" target=\"_blank\" rel=\"nofollow noopener\">Eiropas mekl\u0113t\u0101ko noziedznieku sarakst\u0101<\/a>.\u00a0<\/p>\n<p>K\u0101ds sakars ar Latviju?<\/p>\n<p>Iesp\u0113jams, da\u013ca no Autio kr\u0101pnieciski ieg\u016bt\u0101s naudas non\u0101ca Latvij\u0101.\u00a0Re:Baltica\u00a0iepriek\u0161 zemesgr\u0101mat\u0101 R\u012bg\u0101 atrada 14 Autio \u0123imenes \u012bpa\u0161umus 12 miljonu eiro v\u0113rt\u012bb\u0101. \u012apa\u0161umi pirkti caur uz\u0146\u0113mumiem, kas tolaik pieder\u0113ja Autio, bet tagad p\u0101rrakst\u012bti meitai.<\/p>\n<p>            <img decoding=\"async\" src=\"https:\/\/www.europesays.com\/lv\/wp-content\/uploads\/2026\/01\/osr9.png\" alt=\"\u0160aj\u0101s \u0113k\u0101s atrodas da\u013ca no Autio \u0123imenes \u012bpa\u0161umiem R\u012bg\u0101\"\/><\/p>\n<p>\u0160aj\u0101s \u0113k\u0101s atrodas da\u013ca no Autio \u0123imenes \u012bpa\u0161umiem R\u012bg\u0101<\/p>\n<p>Arh\u012bva foto. Pievienots 05.10.2024. &#8220;Re:Baltica&#8221;<\/p>\n<\/p>\n<p>\u00a0<\/p>\n<p>Autio \u012bpa\u0161umus R\u012bg\u0101\u00a0Re:Baltica\u00a0izp\u0113t\u012bja kop\u0101 ar\u00a0YLE. Pirms tam Autio \u0123imenes \u012bpa\u0161umiem Latvij\u0101 nebija zin\u0101ms.\u00a0 Tos izdev\u0101s uziet, pateicoties trauksmes c\u0113l\u0101jam. Vi\u0146\u0161 par tiem vispirms zi\u0146oja Finan\u0161u izl\u016bko\u0161anas dienestam, bet p\u0113c t\u0101 bezdarb\u012bbas \u2013\u00a0Re:Baltica.\u00a0<\/p>\n<p>            <img decoding=\"async\" src=\"https:\/\/www.europesays.com\/lv\/wp-content\/uploads\/2026\/01\/sh56.jpg\" alt=\"\u201cYle\u201c \u017eurn\u0101lists Jiri Haninens un \u201cRe:Baltica\u201d Sanita Jemberga pie viena no Autio \u0123imenes \u012bpa\u0161umiem...\"\/><\/p>\n<p>\u201cYle\u201c \u017eurn\u0101lists Jiri Haninens un \u201cRe:Baltica\u201d Sanita Jemberga pie viena no Autio \u0123imenes \u012bpa\u0161umiem R\u012bg\u0101 sarun\u0101jas ar t\u0101 mened\u017eeri Sergeju Vortu.<\/p>\n<\/p>\n<p>                    Valodas k\u013c\u016bda rakst\u0101?<\/p>\n<p class=\"d-none d-md-block\">Iez\u012bm\u0113jiet tekstu un spiediet Ctrl+Enter, lai nos\u016bt\u012btu labojamo teksta fragmentu redaktoram! Par faktu k\u013c\u016bd\u0101m l\u016bdzam zi\u0146ot e-past\u0101 <a href=\"https:\/\/www.lsm.lv\/cdn-cgi\/l\/email-protection\" class=\"__cf_email__\" data-cfemail=\"84f6e1e0e5efe7edeee5c4e8f7e9aae8f2\" rel=\"nofollow noopener\" target=\"_blank\">[email\u00a0protected]<\/a>.<\/p>\n<p class=\"d-md-none\">Iez\u012bm\u0113jiet tekstu un spiediet uz Zi\u0146ot par k\u013c\u016bdu pogas, lai nos\u016bt\u012btu labojamo teksta fragmentu redaktoram!<\/p>\n<p>\n                    Zi\u0146ot par k\u013c\u016bdu\n                <\/p>\n","protected":false},"excerpt":{"rendered":"Policija ceturtdien R\u012bg\u0101 aiztur\u0113jusi Interpola mekl\u0113\u0161an\u0101 savulaik izsludin\u0101to Arto Autio, kuru Somij\u0101 v\u0113las ties\u0101t valsts liel\u0101kaj\u0101 korupcijas skand\u0101l\u0101&hellip;\n","protected":false},"author":2,"featured_media":106459,"comment_status":"","ping_status":"","sticky":false,"template":"","format":"standard","meta":{"footnotes":""},"categories":[5],"tags":[23,28,29,32,33,22,30,31,35,39,38,36,37,34,40,20,26,27,24,25,21],"class_list":{"0":"post-106458","1":"post","2":"type-post","3":"status-publish","4":"format-standard","5":"has-post-thumbnail","7":"category-aktualitates","8":"tag-aktualitates","9":"tag-breaking-news","10":"tag-breakingnews","11":"tag-featured-news","12":"tag-featurednews","13":"tag-headlines","14":"tag-latest-news","15":"tag-latestnews","16":"tag-latvia","17":"tag-latvian","18":"tag-latviesu","19":"tag-latviesu-valoda","20":"tag-latviesuvaloda","21":"tag-latvija","22":"tag-lv","23":"tag-news","24":"tag-popularakas-zinas","25":"tag-popularakaszinas","26":"tag-top-stories","27":"tag-topstories","28":"tag-zinas"},"share_on_mastodon":{"url":"https:\/\/pubeurope.com\/@lv\/115904887075799158","error":""},"_links":{"self":[{"href":"https:\/\/www.europesays.com\/lv\/wp-json\/wp\/v2\/posts\/106458","targetHints":{"allow":["GET"]}}],"collection":[{"href":"https:\/\/www.europesays.com\/lv\/wp-json\/wp\/v2\/posts"}],"about":[{"href":"https:\/\/www.europesays.com\/lv\/wp-json\/wp\/v2\/types\/post"}],"author":[{"embeddable":true,"href":"https:\/\/www.europesays.com\/lv\/wp-json\/wp\/v2\/users\/2"}],"replies":[{"embeddable":true,"href":"https:\/\/www.europesays.com\/lv\/wp-json\/wp\/v2\/comments?post=106458"}],"version-history":[{"count":0,"href":"https:\/\/www.europesays.com\/lv\/wp-json\/wp\/v2\/posts\/106458\/revisions"}],"wp:featuredmedia":[{"embeddable":true,"href":"https:\/\/www.europesays.com\/lv\/wp-json\/wp\/v2\/media\/106459"}],"wp:attachment":[{"href":"https:\/\/www.europesays.com\/lv\/wp-json\/wp\/v2\/media?parent=106458"}],"wp:term":[{"taxonomy":"category","embeddable":true,"href":"https:\/\/www.europesays.com\/lv\/wp-json\/wp\/v2\/categories?post=106458"},{"taxonomy":"post_tag","embeddable":true,"href":"https:\/\/www.europesays.com\/lv\/wp-json\/wp\/v2\/tags?post=106458"}],"curies":[{"name":"wp","href":"https:\/\/api.w.org\/{rel}","templated":true}]}}