{"id":106460,"date":"2026-01-16T13:00:07","date_gmt":"2026-01-16T13:00:07","guid":{"rendered":"https:\/\/www.europesays.com\/lv\/106460\/"},"modified":"2026-01-16T13:00:07","modified_gmt":"2026-01-16T13:00:07","slug":"pvd-no-veikala-mere-riga-iznem-galas-produktus-ar-beigusos-deriguma-terminu","status":"publish","type":"post","link":"https:\/\/www.europesays.com\/lv\/106460\/","title":{"rendered":"PVD no veikala &#8220;Mere&#8221; R\u012bg\u0101 iz\u0146em ga\u013cas produktus ar beigu\u0161os der\u012bguma termi\u0146u"},"content":{"rendered":"<p class=\"descr\">P\u0101rtikas un veterin\u0101rais dienests (PVD) SIA &#8220;Latprodukti&#8221; p\u0101rtikas tirdzniec\u012bbas viet\u0101 &#8220;Mere&#8221;, L\u012bksnas iel\u0101 9a, R\u012bg\u0101, no tirdzniec\u012bbas iz\u0146\u0113mis da\u017e\u0101dus ga\u013cas produktus ar beigu\u0161os der\u012bguma termi\u0146u, inform\u0113ja dienest\u0101.<\/p>\n<blockquote><p>T\u0101pat <a href=\"https:\/\/nra.lv\/birka\/pvd\/\" target=\"_blank\" rel=\"noopener nofollow\">PVD<\/a> p\u0101rbaud\u0113 konstat\u0113jis ar\u012b p\u0101rtikas produktu der\u012bguma termi\u0146u vilto\u0161anu.<\/p><\/blockquote>\n<p>Dienest\u0101 nor\u0101da, ka no tirdzniec\u012bbas iz\u0146emti 64 kilogrami da\u017e\u0101du ga\u013cas produktu, tostarp cepts bekons, aukst\u0101 ga\u013ca, karsti k\u016bpin\u0101tas desi\u0146as, atdzes\u0113ta c\u016bkga\u013cas l\u0101psti\u0146a, karsti k\u016bpin\u0101ts c\u016bkga\u013cas \u0161\u0137i\u0146\u0137is un karsti k\u016bpin\u0101ts c\u016bkas stilbs.<\/p>\n<p>PVD skaidro, ka p\u0101rbaude veikta, pamatojoties uz pat\u0113r\u0113t\u0101ja s\u016bdz\u012bbu.<\/p>\n<p>Par konstat\u0113tajiem p\u0101rk\u0101pumiem s\u0101kts administrat\u012bv\u0101 p\u0101rk\u0101puma process, inform\u0113 PVD.<\/p>\n<p>\u0145emot v\u0113r\u0101 konstat\u0113to, PVD veikaliem &#8220;Mere&#8221; turpm\u0101k piev\u0113rs\u012bs pastiprin\u0101tu uzman\u012bbu.<\/p>\n<p>\t\t\t\t\t\tinfo<\/p>\n<p>Uzzini pirmais<br \/>kas interesants noticis Latvij\u0101 un pasaul\u0113,<br \/>pievienojoties mums <a href=\"https:\/\/t.me\/neatkariga\" rel=\"nofollow\">Telegram<\/a> vai <a href=\"https:\/\/whatsapp.com\/channel\/0029VaMLFUH5K3zLU5s4wm3y\" rel=\"nofollow noopener\" target=\"_blank\">Whatsapp<\/a> kan\u0101l\u0101<\/p>\n","protected":false},"excerpt":{"rendered":"P\u0101rtikas un veterin\u0101rais dienests (PVD) SIA &#8220;Latprodukti&#8221; p\u0101rtikas tirdzniec\u012bbas viet\u0101 &#8220;Mere&#8221;, L\u012bksnas iel\u0101 9a, R\u012bg\u0101, no tirdzniec\u012bbas iz\u0146\u0113mis&hellip;\n","protected":false},"author":2,"featured_media":106461,"comment_status":"","ping_status":"","sticky":false,"template":"","format":"standard","meta":{"footnotes":""},"categories":[12],"tags":[23,28,29,32,33,22,30,31,35,39,38,36,37,34,40,20,26,27,24,25,21],"class_list":{"0":"post-106460","1":"post","2":"type-post","3":"status-publish","4":"format-standard","5":"has-post-thumbnail","7":"category-latvija","8":"tag-aktualitates","9":"tag-breaking-news","10":"tag-breakingnews","11":"tag-featured-news","12":"tag-featurednews","13":"tag-headlines","14":"tag-latest-news","15":"tag-latestnews","16":"tag-latvia","17":"tag-latvian","18":"tag-latviesu","19":"tag-latviesu-valoda","20":"tag-latviesuvaloda","21":"tag-latvija","22":"tag-lv","23":"tag-news","24":"tag-popularakas-zinas","25":"tag-popularakaszinas","26":"tag-top-stories","27":"tag-topstories","28":"tag-zinas"},"share_on_mastodon":{"url":"https:\/\/pubeurope.com\/@lv\/115904906759549958","error":""},"_links":{"self":[{"href":"https:\/\/www.europesays.com\/lv\/wp-json\/wp\/v2\/posts\/106460","targetHints":{"allow":["GET"]}}],"collection":[{"href":"https:\/\/www.europesays.com\/lv\/wp-json\/wp\/v2\/posts"}],"about":[{"href":"https:\/\/www.europesays.com\/lv\/wp-json\/wp\/v2\/types\/post"}],"author":[{"embeddable":true,"href":"https:\/\/www.europesays.com\/lv\/wp-json\/wp\/v2\/users\/2"}],"replies":[{"embeddable":true,"href":"https:\/\/www.europesays.com\/lv\/wp-json\/wp\/v2\/comments?post=106460"}],"version-history":[{"count":0,"href":"https:\/\/www.europesays.com\/lv\/wp-json\/wp\/v2\/posts\/106460\/revisions"}],"wp:featuredmedia":[{"embeddable":true,"href":"https:\/\/www.europesays.com\/lv\/wp-json\/wp\/v2\/media\/106461"}],"wp:attachment":[{"href":"https:\/\/www.europesays.com\/lv\/wp-json\/wp\/v2\/media?parent=106460"}],"wp:term":[{"taxonomy":"category","embeddable":true,"href":"https:\/\/www.europesays.com\/lv\/wp-json\/wp\/v2\/categories?post=106460"},{"taxonomy":"post_tag","embeddable":true,"href":"https:\/\/www.europesays.com\/lv\/wp-json\/wp\/v2\/tags?post=106460"}],"curies":[{"name":"wp","href":"https:\/\/api.w.org\/{rel}","templated":true}]}}