{"id":106462,"date":"2026-01-16T13:01:03","date_gmt":"2026-01-16T13:01:03","guid":{"rendered":"https:\/\/www.europesays.com\/lv\/106462\/"},"modified":"2026-01-16T13:01:03","modified_gmt":"2026-01-16T13:01:03","slug":"adamsonam-par-spiegosanu-krievijas-laba-piespriez-cietumsodu","status":"publish","type":"post","link":"https:\/\/www.europesays.com\/lv\/106462\/","title":{"rendered":"\u0100damsonam par spiego\u0161anu Krievijas lab\u0101 piesprie\u017e cietumsodu"},"content":{"rendered":"<p>Spriedumu v\u0113l var p\u0101rs\u016bdz\u0113t Augst\u0101kaj\u0101 ties\u0101.<\/p>\n<p>2023. gada novembr\u012b ar\u012b pirm\u0101s instances tiesa \u0100damsonu atzina par vain\u012bgu spiego\u0161anas aps\u016bdz\u012bb\u0101s un piesprieda br\u012bv\u012bbas at\u0146em\u0161anu uz asto\u0146iem gadiem un se\u0161iem m\u0113ne\u0161iem ar prob\u0101cijas uzraudz\u012bbu uz diviem gadiem.<\/p>\n<p>Apgabaltiesa \u0161odien nol\u0113ma atcelt R\u012bgas pils\u0113tas tiesas spriedumu da\u013c\u0101 par \u0100damsona atz\u012b\u0161anu par vain\u012bgu un sod\u012b\u0161anu p\u0113c Krimin\u0101llikuma panta par kr\u0101p\u0161anu neliel\u0101 apm\u0113r\u0101, l\u012bdz ar to par pusgadu samazin\u0101ts ar\u012b cietumsods. Tiesa l\u0113ma, ka krimin\u0101lprocesi par diviem noziegumiem attiec\u012bb\u0101 uz kr\u0101p\u0161anu neliel\u0101 apm\u0113r\u0101 ir izbeidzami.<\/p>\n<p>\u0100damsonam piem\u0113rotos dro\u0161\u012bbas l\u012bdzek\u013cus &#8211; dz\u012bvesvietas mai\u0146as pazi\u0146o\u0161ana, aizliegums izbraukt no valsts un dro\u0161\u012bbas naudu &#8211; tiesa atst\u0101ja negroz\u012btus l\u012bdz sprieduma sp\u0113k\u0101 st\u0101\u0161an\u0101s dienai. Ja \u0161\u0101ds spriedums paliks sp\u0113k\u0101, tad dro\u0161\u012bbas naudu 30 000 apm\u0113r\u0101 atdos t\u0101 dev\u0113jai Gintai Uselei-\u0100damsonei.<\/p>\n<p>Apel\u0101cijas instances tiesa ar\u012b Krievijas pilsoni, biju\u0161o VDK darbinieku Gen\u0101diju Silonovu atzina par vain\u012bgu spiego\u0161an\u0101 un piem\u0113roja br\u012bv\u012bbas at\u0146em\u0161anu uz septi\u0146iem gadiem gadiem ar prob\u0101cijas uzraudz\u012bbu uz diviem gadiem. Pirmaj\u0101 instanc\u0113 Silonovam par spiego\u0161anu tiesa piem\u0113roja br\u012bv\u012bbas at\u0146em\u0161anu uz septi\u0146iem gadiem un se\u0161iem m\u0113ne\u0161iem, k\u0101 ar\u012b ar prob\u0101cijas uzraudz\u012bbu uz diviem gadiem.<\/p>\n","protected":false},"excerpt":{"rendered":"Spriedumu v\u0113l var p\u0101rs\u016bdz\u0113t Augst\u0101kaj\u0101 ties\u0101. 2023. gada novembr\u012b ar\u012b pirm\u0101s instances tiesa \u0100damsonu atzina par vain\u012bgu spiego\u0161anas&hellip;\n","protected":false},"author":2,"featured_media":106463,"comment_status":"","ping_status":"","sticky":false,"template":"","format":"standard","meta":{"footnotes":""},"categories":[5],"tags":[23,28,29,32,33,22,3108,573,6311,30,31,35,39,38,36,37,34,40,20,26,27,24,25,21],"class_list":{"0":"post-106462","1":"post","2":"type-post","3":"status-publish","4":"format-standard","5":"has-post-thumbnail","7":"category-aktualitates","8":"tag-aktualitates","9":"tag-breaking-news","10":"tag-breakingnews","11":"tag-featured-news","12":"tag-featurednews","13":"tag-headlines","14":"tag-janis-adamsons","15":"tag-kriminallieta","16":"tag-kriminalzina","17":"tag-latest-news","18":"tag-latestnews","19":"tag-latvia","20":"tag-latvian","21":"tag-latviesu","22":"tag-latviesu-valoda","23":"tag-latviesuvaloda","24":"tag-latvija","25":"tag-lv","26":"tag-news","27":"tag-popularakas-zinas","28":"tag-popularakaszinas","29":"tag-top-stories","30":"tag-topstories","31":"tag-zinas"},"share_on_mastodon":{"url":"https:\/\/pubeurope.com\/@lv\/115904910772461347","error":""},"_links":{"self":[{"href":"https:\/\/www.europesays.com\/lv\/wp-json\/wp\/v2\/posts\/106462","targetHints":{"allow":["GET"]}}],"collection":[{"href":"https:\/\/www.europesays.com\/lv\/wp-json\/wp\/v2\/posts"}],"about":[{"href":"https:\/\/www.europesays.com\/lv\/wp-json\/wp\/v2\/types\/post"}],"author":[{"embeddable":true,"href":"https:\/\/www.europesays.com\/lv\/wp-json\/wp\/v2\/users\/2"}],"replies":[{"embeddable":true,"href":"https:\/\/www.europesays.com\/lv\/wp-json\/wp\/v2\/comments?post=106462"}],"version-history":[{"count":0,"href":"https:\/\/www.europesays.com\/lv\/wp-json\/wp\/v2\/posts\/106462\/revisions"}],"wp:featuredmedia":[{"embeddable":true,"href":"https:\/\/www.europesays.com\/lv\/wp-json\/wp\/v2\/media\/106463"}],"wp:attachment":[{"href":"https:\/\/www.europesays.com\/lv\/wp-json\/wp\/v2\/media?parent=106462"}],"wp:term":[{"taxonomy":"category","embeddable":true,"href":"https:\/\/www.europesays.com\/lv\/wp-json\/wp\/v2\/categories?post=106462"},{"taxonomy":"post_tag","embeddable":true,"href":"https:\/\/www.europesays.com\/lv\/wp-json\/wp\/v2\/tags?post=106462"}],"curies":[{"name":"wp","href":"https:\/\/api.w.org\/{rel}","templated":true}]}}