{"id":106464,"date":"2026-01-16T13:02:03","date_gmt":"2026-01-16T13:02:03","guid":{"rendered":"https:\/\/www.europesays.com\/lv\/106464\/"},"modified":"2026-01-16T13:02:03","modified_gmt":"2026-01-16T13:02:03","slug":"zviedrija-aizliegusi-maksliga-intelekta-raditas-dziesmas-atskanosanu-valsts-muzikas-topos","status":"publish","type":"post","link":"https:\/\/www.europesays.com\/lv\/106464\/","title":{"rendered":"Zviedrija aizliegusi m\u0101ksl\u012bg\u0101 intelekta rad\u012btas dziesmas atska\u0146o\u0161anu valsts m\u016bzikas topos &#8211;"},"content":{"rendered":"<p style=\"text-align: justify;\">Zviedrijas m\u016bzikas industrijas organiz\u0101cija IFPI aizliegusi straum\u0113\u0161anas vietn\u0113 \u201cSpotify\u201d \u013coti popul\u0101ras dziesmas iek\u013cau\u0161anu valsts m\u016bzikas topos, jo to rad\u012bjis m\u0101kl\u012bgais intelekts, v\u0113sta britu raidorganiz\u0101cija <a href=\"https:\/\/www.bbc.com\/news\/articles\/cp829jey9z7o\" target=\"_blank\" rel=\"noopener nofollow\">BBC.<\/a><\/p>\n<p style=\"text-align: justify;\">Ska\u0146darbs \u201cI know, you\u2019re not mine\u201d (Jag vet, du \u00e4r inte min) pa\u0161laik ir \u201cSpotify\u201d Zviedrijas popul\u0101r\u0101ko dziesmu atska\u0146o\u0161anas saraksta aug\u0161gal\u0101. Tom\u0113r to dzied virtu\u0101ls dzied\u0101t\u0101js, un IFPI l\u0113musi, ka dziesma nedr\u012bkst par\u0101d\u012bties valsts ofici\u0101lajos topos.<\/p>\n<p style=\"text-align: justify;\">Vi\u013c\u0146o\u0161anos rad\u012bjus\u012b dziesma ir folkpopa ska\u0146darbs, kas melanholiski v\u0113sta par zaud\u0113tu m\u012blest\u012bbu. T\u0101 \u013coti strauji k\u013cuva par l\u012bdz \u0161im popul\u0101r\u0101ko dziesmu Zviedrij\u0101 2026.gad\u0101, da\u017eu ned\u0113\u013cu laik\u0101 sav\u0101cot ap pieciem miljoniem atska\u0146o\u0161anas rei\u017eu, t\u0101 ievietojot to \u201cSpotify\u201d Zviedrijas Top 50 sarakst\u0101.<\/p>\n<p style=\"text-align: justify;\">Tom\u0113r, kad \u017eurn\u0101listi s\u0101ka interes\u0113ties par izpild\u012bt\u0101ja Jacub identit\u0101ti, izr\u0101d\u012bj\u0101s, ka m\u0101ksliniekam nav profila soci\u0101lajos t\u012bklos, par vi\u0146u nav rakst\u012bjis neviens medijs un nav inform\u0101cijas par pl\u0101notajiem koncertiem. Piev\u0113r\u0161oties jaut\u0101jumam r\u016bp\u012bg\u0101k, p\u0113tnieciskais \u017eurn\u0101lists Emanuels Karlstens (Emanuel Karlsten) noskaidroja, ka dziesmu re\u0123istr\u0113ju\u0161as ar D\u0101nijas m\u016bzikas produc\u0113\u0161anas uz\u0146\u0113mumu \u201cStellar Music\u201d saist\u012btas personas. Divas no t\u0101m str\u0101d\u0101 uz\u0146\u0113muma m\u0101ksl\u012bg\u0101 intelekta noda\u013c\u0101.<\/p>\n<p style=\"text-align: justify;\">Producenti, kas sevi nod\u0113v\u0113ja par<\/p>\n<blockquote>\n<p style=\"text-align: center;\">\u201cTeam Jacub,\u201d nos\u016bt\u012bja Karlstenam garu e-pasta v\u0113stuli, kur\u0101 uzst\u0101ja, ka vi\u0146u rado\u0161ais process ir p\u0101rprasts.<\/p>\n<\/blockquote>\n<p style=\"text-align: justify;\">Vi\u0146i uzsv\u0113ra, ka nav anon\u012bms tehnolo\u0123iju uz\u0146\u0113mums, kas tikai \u201cpiespie\u017e pogu.\u201d Jacub veidot\u0101ju komand\u0101 esot gan pieredz\u0113ju\u0161i m\u016bzi\u0137i, gan producenti, kas projekt\u0101 ieguld\u012bju\u0161i daudz laika, r\u016bpju, emociju un finansi\u0101lo resursu. M\u0101ksl\u012bgais intelekts \u0161aj\u0101 gad\u012bjum\u0101 esot bijis tikai r\u012bks un pal\u012bginstruments cilv\u0113ku vad\u012btam rado\u0161ajam procesam, un dziesmas popularit\u0101te par\u0101dot t\u0101s ilgtermi\u0146a m\u0101ksliniecisko v\u0113rt\u012bbu.<\/p>\n<p style=\"text-align: justify;\">Jaut\u0101ti, vai Jacub ir re\u0101la persona, uz\u0146\u0113muma p\u0101rst\u0101vji atbild\u0113ja filozofiski \u2013 tas esot atkar\u012bgs no \u201cre\u0101las personas\u201d defin\u012bcijas. \u0160\u0101da atbilde neatst\u0101ja labu iepsaidu uz IFPI, un t\u0101 liedza dziesmai par\u0101d\u012bties ofici\u0101lajos topos. Organiz\u0101cijas vad\u012bt\u0101js Ludvigs Verners (Ludvig Werner) nor\u0101d\u012bja, ka tad, ja dziesma veidota ar m\u0101ksl\u012bg\u0101 intelekta pal\u012bdz\u012bbu, tai nav vietas topos.<\/p>\n<p style=\"text-align: justify;\">Zviedrija sevi pozicion\u0113 k\u0101 m\u0101ksl\u012bg\u0101 intelekta ekonomikas \u201claboratoriju,\u201d tom\u0113r par\u0101d\u012bju\u0161\u0101s ba\u017eas, ka tas tuv\u0101ko divu gadu laik\u0101 var\u0113tu iev\u0113rojami mazin\u0101t m\u016bzi\u0137u ie\u0146\u0113mumus. M\u016bzikas autorties\u012bbu organiz\u0101cija STIM p\u0113rn septembr\u012b \u013c\u0101va tehnolo\u0123iju uz\u0146\u0113mumiem apm\u0101c\u012bt m\u0101ksl\u012bg\u0101 intelekta mode\u013cus, izmantojot ska\u0146darbus, ko sarg\u0101 autorties\u012bbas, ja par to tiek samaks\u0101ts.<\/p>\n<blockquote>\n<p style=\"text-align: center;\">Liegums m\u0101ksl\u012bg\u0101 intelekta rad\u012btajam darbam nok\u013c\u016bt valsts topos ir stingr\u0101ks nek\u0101 \u201cBillboard,\u201d<\/p>\n<\/blockquote>\n<p style=\"text-align: justify;\">kas tiek uzskat\u012bta par autorit\u0101ti m\u016bzikas pasaules topu veido\u0161an\u0101, noteiktie ierobe\u017eojumi. \u201cBillboard\u201d topos ir non\u0101ku\u0161i da\u017ei m\u0101ksl\u012bg\u0101 intelekta ska\u0146darbi, un organiz\u0101cija nor\u0101da, ka topi atspogu\u013co klaus\u012bt\u0101ju izv\u0113li, kas noz\u012bm\u0113, ka dziesmas top\u0101 non\u0101k tad, ja sasniedz noteiktos p\u0101rdo\u0161anas, straum\u0113\u0161anas un atska\u0146o\u0161anas krit\u0113rijus, pat tad, ja t\u0101s nav rad\u012bjis re\u0101ls m\u016bzi\u0137is.<\/p>\n<p style=\"text-align: justify;\">Tom\u0113r ar\u012b, piem\u0113ram, platforma \u201cBandcamp\u201d ie\u0146\u0113musi stingr\u0101ku nost\u0101ju. T\u0101 aizliegusi m\u016bziku, ko rad\u012bjis m\u0101ksl\u012bgais intelekts.<\/p>\n<p style=\"text-align: justify;\">Sagaid\u0101ms, ka turpm\u0101k m\u0101ksl\u012bg\u0101 intelekta rad\u012bt\u0101 m\u016bzika b\u016bs sastopama arvien bie\u017e\u0101k, bet vismaz Zviedrijas piem\u0113rs liecina, ka pagaid\u0101m toni nosaka re\u0101li m\u016bzi\u0137i, nevis tehnolo\u0123ijas.<\/p>\n<p style=\"text-align: justify;\"><a href=\"https:\/\/bnn.lv\/eiropa-viedokli-par-diplomatiskam-sarunam-ar-krievijas-diktatoru-dalas-69198\" target=\"_blank\" rel=\"noopener nofollow\">Lasiet ar\u012b: Eirop\u0101 viedok\u013ci par diplom\u0101tisk\u0101m sarun\u0101m ar Krievijas diktatoru dal\u0101s<\/a><\/p>\n<p>Seko mums ar\u012b\u00a0<a href=\"https:\/\/www.facebook.com\/bnnlv\" rel=\"nofollow noopener\" target=\"_blank\">Facebook<\/a>,\u00a0<a href=\"https:\/\/www.draugiem.lv\/bnn.lv\/\" rel=\"nofollow noopener\" target=\"_blank\">Draugiem<\/a>\u00a0un\u00a0<a href=\"https:\/\/twitter.com\/home\" rel=\"nofollow noopener\" target=\"_blank\">X<\/a>!<\/p>\n<p><script async src=\"https:\/\/platform.twitter.com\/widgets.js\" charset=\"utf-8\"><\/script><\/p>\n","protected":false},"excerpt":{"rendered":"Zviedrijas m\u016bzikas industrijas organiz\u0101cija IFPI aizliegusi straum\u0113\u0161anas vietn\u0113 \u201cSpotify\u201d \u013coti popul\u0101ras dziesmas iek\u013cau\u0161anu valsts m\u016bzikas topos, jo to&hellip;\n","protected":false},"author":2,"featured_media":106465,"comment_status":"","ping_status":"","sticky":false,"template":"","format":"standard","meta":{"footnotes":""},"categories":[19],"tags":[89,90,35,39,38,36,37,34,40],"class_list":{"0":"post-106464","1":"post","2":"type-post","3":"status-publish","4":"format-standard","5":"has-post-thumbnail","7":"category-izklaide","8":"tag-entertainment","9":"tag-izklaide","10":"tag-latvia","11":"tag-latvian","12":"tag-latviesu","13":"tag-latviesu-valoda","14":"tag-latviesuvaloda","15":"tag-latvija","16":"tag-lv"},"share_on_mastodon":{"url":"https:\/\/pubeurope.com\/@lv\/115904914571024900","error":""},"_links":{"self":[{"href":"https:\/\/www.europesays.com\/lv\/wp-json\/wp\/v2\/posts\/106464","targetHints":{"allow":["GET"]}}],"collection":[{"href":"https:\/\/www.europesays.com\/lv\/wp-json\/wp\/v2\/posts"}],"about":[{"href":"https:\/\/www.europesays.com\/lv\/wp-json\/wp\/v2\/types\/post"}],"author":[{"embeddable":true,"href":"https:\/\/www.europesays.com\/lv\/wp-json\/wp\/v2\/users\/2"}],"replies":[{"embeddable":true,"href":"https:\/\/www.europesays.com\/lv\/wp-json\/wp\/v2\/comments?post=106464"}],"version-history":[{"count":0,"href":"https:\/\/www.europesays.com\/lv\/wp-json\/wp\/v2\/posts\/106464\/revisions"}],"wp:featuredmedia":[{"embeddable":true,"href":"https:\/\/www.europesays.com\/lv\/wp-json\/wp\/v2\/media\/106465"}],"wp:attachment":[{"href":"https:\/\/www.europesays.com\/lv\/wp-json\/wp\/v2\/media?parent=106464"}],"wp:term":[{"taxonomy":"category","embeddable":true,"href":"https:\/\/www.europesays.com\/lv\/wp-json\/wp\/v2\/categories?post=106464"},{"taxonomy":"post_tag","embeddable":true,"href":"https:\/\/www.europesays.com\/lv\/wp-json\/wp\/v2\/tags?post=106464"}],"curies":[{"name":"wp","href":"https:\/\/api.w.org\/{rel}","templated":true}]}}