{"id":106466,"date":"2026-01-16T13:06:20","date_gmt":"2026-01-16T13:06:20","guid":{"rendered":"https:\/\/www.europesays.com\/lv\/106466\/"},"modified":"2026-01-16T13:06:20","modified_gmt":"2026-01-16T13:06:20","slug":"video-nepieklajigs-sveiciens-raimondam-paulam-influencerei-doloresai-onzulei-maksa-darbu-jauns-lv-2","status":"publish","type":"post","link":"https:\/\/www.europesays.com\/lv\/106466\/","title":{"rendered":"VIDEO: nepiekl\u0101j\u012bgs sveiciens Raimondam Paulam influencerei Doloresai Onzulei maks\u0101 darbu &#8211; Jauns.lv"},"content":{"rendered":"<ol>\n<li><a href=\"https:\/\/news.google.com\/rss\/articles\/CBMi5gNBVV95cUxQQlk2OWdLNU5RWjRLX0JWVllBM0FNWlJHWVlucVFSaWdYdlU0bkRNRzUyeS1xNmRNOW44eGR1UzdiU3NJOTVqOE10NzNOVjdraXpscnpoeWh1TFFRam5lYXVWa3RoTklzR0U3NVM2X1JoOXRrYkcyczdaYXBqa1pnTmFCZ1dUOUtSZGFQTHhnanB0VTlYdDBpZmFEdVZGSVpjdUkxcU5CU3Zmc0FQc3dYS0FkYWUxMkpoQi0xUnp6LVU3d3E4Vmk3X3VOeHpMUm1CQVRQWE1PaFNvMllfRVZpY0VLZmxUYUlKYjBCQnhHTnJmUUk0V3lvSmZ1eXgxNTg1SVFfZm9KVlZkOTJuS2J6TzctMi05WFlhQnNaZkhfcGZNUXVxTVZYRTVwQXpvVUxPUWNna3RmenhSNXdsVzBzeU4tRkpvRThCZkVGWTRpQk9DODZNWXV2U1VHbXRISDl2ZV9rRjNvYlVlaG5sWnRWbVpySEV2UHdwbUdwM0o3U1dnSUZRYzIza2g5dC1ia0Y4UEQtbXpGeTBxYXZQWDlvU01hOXhnbEpfRFhMQ0xZd3BiTFI1VWpKVXJoa1d0Nm16OE9SREhrV05ENHd0TE9Sd2RhZmx1Zjk0WlpvSkxfMWFyVTkyc2c?oc=5\" target=\"_blank\" rel=\"nofollow noopener\">VIDEO: nepiekl\u0101j\u012bgs sveiciens Raimondam Paulam influencerei Doloresai Onzulei maks\u0101 darbu<\/a>&nbsp;&nbsp;Jauns.lv<\/li>\n<li><a href=\"https:\/\/news.google.com\/rss\/articles\/CBMivAFBVV95cUxQZ2E5RFJJdWJjSmdlUE1YSXhueVRmWkQ1QjZBVWU4TXhEb19XVHhHZ1BnaFVwa2lpQ1dETGhsZkZxRlNOTURpdk9xZXlZc2lxMzJDS0lGX2YzTHoxTW1BYURPbmtqUXlxQXh6TEVXRUlsMkN0elM5Z1dxNG5BQjM0em5uMGZqdVU3S1VRd01IUG9ITzlrb1JMbWw2LWZKTVVWTExMc28zRUtiU3ViemVyaGdLRDBZUjd3TGhHSA?oc=5\" target=\"_blank\" rel=\"nofollow noopener\">&#8220;Daudz laimes, maestro!&#8221;, kas beidz\u0101s ar atlai\u0161anu. Vai par soct\u012bklos public\u0113to var zaud\u0113t darbu?<\/a>&nbsp;&nbsp;Apollo.lv<\/li>\n<li><a href=\"https:\/\/news.google.com\/rss\/articles\/CBMi0wFBVV95cUxPWjljRjhMcTdiVThmM0J5dGZTX2tGOVBvcTh1NWpaQ1VBRnViZE5OZExLbmFkdURibHZBQmtPMGxjd1FzRWVyQjNkcFBLbWRlbkNfVkduU1drRTB1ZVc2MEhuOUV3bG1TbmRWanU1ODVwS0tpTTljckhRYmtwMFhyZWlXMGl5X2o0RlkwQU1XZklEOHZlRlE5ZnRvNEZoX0JOMkNVWFp1Qjdxc180WENlVl95cVZfRm1GajVtQ0FXVDZjUW9CUF94TWZiRWVLTmJrMFZ3?oc=5\" target=\"_blank\" rel=\"nofollow noopener\">Ar dibenu sp\u0113l\u0113ja klavieres Raimondam Paulam par godu, bet \u0161odien\u2026 Doloresa par vakardienas izg\u0101jienu sa\u0146\u0113musi bargu sodu<\/a>&nbsp;&nbsp;LA.LV<\/li>\n<li><a href=\"https:\/\/news.google.com\/rss\/articles\/CBMi1AFBVV95cUxNdTRZX3NHRlZWbGJocks1TmtOSE5OXzZCNDNKdGJsaUJlZ0xSUE5SRHpRMmdKRUJSUGFVazNKZ2lja2hvUUZNT0lUWHFVby1zNWdXZlJ2WVljbXdBUnFGRWdEcXEtb3BOUkN1ajhra09mZFV2Q2ZiellVSHVxZk5mRHR2UTIzc1g2SUpQbEJWNFNxR0hvRXZqZGVsX0NJV2Y4UVo2V1k5Y0k4bHRMODNzdkZYTlBfNUNVbWpHY0VlblJPZnRUcWxHZmt3blZtbk9mZVJfTg?oc=5\" target=\"_blank\" rel=\"nofollow noopener\">Nepiedien\u012bgais apsveikums Maestro: Doloresa atlaista no darba un sa\u0146em n\u0101ves draudus<\/a>&nbsp;&nbsp;tv3.lv<\/li>\n<\/ol>\n","protected":false},"excerpt":{"rendered":"VIDEO: nepiekl\u0101j\u012bgs sveiciens Raimondam Paulam influencerei Doloresai Onzulei maks\u0101 darbu&nbsp;&nbsp;Jauns.lv &#8220;Daudz laimes, maestro!&#8221;, kas beidz\u0101s ar atlai\u0161anu. Vai&hellip;\n","protected":false},"author":2,"featured_media":106467,"comment_status":"","ping_status":"","sticky":false,"template":"","format":"standard","meta":{"footnotes":""},"categories":[12],"tags":[23,28,29,32,33,22,30,31,35,39,38,36,37,34,40,20,26,27,24,25,21],"class_list":{"0":"post-106466","1":"post","2":"type-post","3":"status-publish","4":"format-standard","5":"has-post-thumbnail","7":"category-latvija","8":"tag-aktualitates","9":"tag-breaking-news","10":"tag-breakingnews","11":"tag-featured-news","12":"tag-featurednews","13":"tag-headlines","14":"tag-latest-news","15":"tag-latestnews","16":"tag-latvia","17":"tag-latvian","18":"tag-latviesu","19":"tag-latviesu-valoda","20":"tag-latviesuvaloda","21":"tag-latvija","22":"tag-lv","23":"tag-news","24":"tag-popularakas-zinas","25":"tag-popularakaszinas","26":"tag-top-stories","27":"tag-topstories","28":"tag-zinas"},"share_on_mastodon":{"url":"https:\/\/pubeurope.com\/@lv\/115904930393268103","error":""},"_links":{"self":[{"href":"https:\/\/www.europesays.com\/lv\/wp-json\/wp\/v2\/posts\/106466","targetHints":{"allow":["GET"]}}],"collection":[{"href":"https:\/\/www.europesays.com\/lv\/wp-json\/wp\/v2\/posts"}],"about":[{"href":"https:\/\/www.europesays.com\/lv\/wp-json\/wp\/v2\/types\/post"}],"author":[{"embeddable":true,"href":"https:\/\/www.europesays.com\/lv\/wp-json\/wp\/v2\/users\/2"}],"replies":[{"embeddable":true,"href":"https:\/\/www.europesays.com\/lv\/wp-json\/wp\/v2\/comments?post=106466"}],"version-history":[{"count":0,"href":"https:\/\/www.europesays.com\/lv\/wp-json\/wp\/v2\/posts\/106466\/revisions"}],"wp:featuredmedia":[{"embeddable":true,"href":"https:\/\/www.europesays.com\/lv\/wp-json\/wp\/v2\/media\/106467"}],"wp:attachment":[{"href":"https:\/\/www.europesays.com\/lv\/wp-json\/wp\/v2\/media?parent=106466"}],"wp:term":[{"taxonomy":"category","embeddable":true,"href":"https:\/\/www.europesays.com\/lv\/wp-json\/wp\/v2\/categories?post=106466"},{"taxonomy":"post_tag","embeddable":true,"href":"https:\/\/www.europesays.com\/lv\/wp-json\/wp\/v2\/tags?post=106466"}],"curies":[{"name":"wp","href":"https:\/\/api.w.org\/{rel}","templated":true}]}}