{"id":106468,"date":"2026-01-16T13:07:07","date_gmt":"2026-01-16T13:07:07","guid":{"rendered":"https:\/\/www.europesays.com\/lv\/106468\/"},"modified":"2026-01-16T13:07:07","modified_gmt":"2026-01-16T13:07:07","slug":"steidz-palidzet-cietusajiem-ugunsnelaime-kekavas-novada","status":"publish","type":"post","link":"https:\/\/www.europesays.com\/lv\/106468\/","title":{"rendered":"Steidz pal\u012bdz\u0113t cietu\u0161ajiem ugunsnelaim\u0113 \u0136ekavas novad\u0101"},"content":{"rendered":"<p class=\"descr\">Pal\u012bdz\u012bbu m\u0101jok\u013ca nodro\u0161in\u0101\u0161an\u0101 piektdienas r\u012bt\u0101 ugunsgr\u0113k\u0101 \u0136ekavas pagast\u0101 cietu\u0161ajiem gatavs sniegt ar\u012b m\u0101jas apsaimniekot\u0101js, a\u0123ent\u016brai LETA atkl\u0101ja \u0136ekavas novada pa\u0161vald\u012bbas Sabiedr\u012bbas inform\u0113\u0161anas un m\u0101rketinga noda\u013cas vad\u012bt\u0101ja Eva Di\u0161lere.<\/p>\n<p>Vi\u0146a past\u0101st\u012bja, ka <a href=\"https:\/\/nra.lv\/birka\/ugunsnelaime\/\" target=\"_blank\" rel=\"noopener nofollow\">ugunsnelaime<\/a> ietekm\u0113jusi 28 \u0123imenes. Iedz\u012bvot\u0101ji pa\u0161laik, kam\u0113r notikuma viet\u0101 v\u0113l str\u0101d\u0101 Valsts ugunsdz\u0113s\u012bbas un gl\u0101b\u0161anas dienests (VUGD), nevar iek\u013c\u016bt savos dz\u012bvok\u013cos. Piektdienas p\u0113cpusdien\u0101 var\u0113tu b\u016bt zin\u0101ms, kad iedz\u012bvot\u0101jus var\u0113tu ielaist mitek\u013cos person\u012bgo mantu pa\u0146em\u0161anai.<\/p>\n<p>Di\u0161lere skaidroja, ka pagrabst\u0101v\u0101 joproj\u0101m atrodas ar\u012b iedz\u012bvot\u0101ju automa\u0161\u012bnas. Ta\u010du pa\u0161ai m\u0101jai atsl\u0113gta gan elektr\u012bbas, gan siltuma padeve, t\u0101p\u0113c iedz\u012bvot\u0101ji savos dz\u012bvok\u013cos pagaid\u0101m atgriezties nevar\u0113s.<\/p>\n<p>Pagaidu m\u0101jokli gatava nodro\u0161in\u0101t gan <a href=\"https:\/\/nra.lv\/birka\/kekavas-pasvaldiba\/\" target=\"_blank\" rel=\"noopener nofollow\">pa\u0161vald\u012bba<\/a>, gan nama apsaimniekot\u0101js, kuram ir br\u012bvi dz\u012bvok\u013ci cit\u0101s m\u0101j\u0101s. &#8220;Iedz\u012bvot\u0101ji pa\u0161laik ir siltum\u0101 un dro\u0161\u012bb\u0101,&#8221; piebilda Di\u0161lere, skaidrojot, ka pa\u0161laik atbalsts, tostarp \u0113din\u0101\u0161ana, ar\u012b tiek nodro\u0161in\u0101ts sadarb\u012bb\u0101 ar apsaimniekot\u0101ju.<\/p>\n<p>Probl\u0113msitu\u0101cijas risin\u0101\u0161an\u0101 iesaist\u012bts ar\u012b Soci\u0101lais dienests, k\u0101 ar\u012b B\u0113rnu aizsardz\u012bbas centrs, kas var sniegt emocion\u0101lu <a href=\"https:\/\/nra.lv\/birka\/atbalsts\/\" target=\"_blank\" rel=\"noopener nofollow\">atbalstu<\/a> iedz\u012bvot\u0101jiem. Nepiecie\u0161am\u012bbas gad\u012bjum\u0101 tiks piesaist\u012bts ar\u012b psihologs.<\/p>\n<p>Jau zi\u0146ots, ka piektdienas r\u012bt\u0101 dz\u012bvojam\u0101s m\u0101jas ugunsgr\u0113k\u0101 \u0136ekavas novada \u0136ekavas pagasta Krustkalnu ciem\u0101 <a href=\"https:\/\/nra.lv\/latvija\/regionos\/511612-ugunsgreka-kekavas-novada-gajusi-boja-divi-berni.htm\" data-item-link=\"true\" data-item-id=\"511612\" rel=\"nofollow noopener\" target=\"_blank\">g\u0101ju\u0161i boj\u0101 divi b\u0113rni <\/a>un 29 cilv\u0113ki izgl\u0101bti, no kuriem vair\u0101ki ir cietu\u0161i, bet 15 cilv\u0113ki evaku\u0113ju\u0161ies pa\u0161u sp\u0113kiem.<\/p>\n<p>Ugunsgr\u0113ks noticis \u0113k\u0101 Jaunlazdu iel\u0101 5.<\/p>\n<p>Plkst. 4.59 VUGD sa\u0146\u0113ma inform\u0101ciju, ka \u0136ekavas novad\u0101 \u010detrst\u0101vu dz\u012bvojam\u0101s m\u0101jas pirm\u0101 st\u0101va dz\u012bvokl\u012b ir izc\u0113lies ugunsgr\u0113ks. Ierodoties notikuma viet\u0101, ugunsdz\u0113s\u0113ji konstat\u0113ja, ka pa \u0113kas st\u0101viem strauji ar atkl\u0101tu liesmu izplat\u0101s deg\u0161ana.<\/p>\n<p>Ugunsdz\u0113s\u0113ji nekav\u0113joties s\u0101ka visu dz\u012bvok\u013cu p\u0101rmekl\u0113\u0161anu un cilv\u0113ku gl\u0101b\u0161anu. No dego\u0161\u0101s \u0113kas ugunsdz\u0113s\u0113ji izgl\u0101ba 29 cilv\u0113kus, no tiem 18 ar gl\u0101b\u0161anas mask\u0101m, se\u0161us ar autok\u0101pn\u0113m un piecus ar tr\u012bsposmu izb\u012bd\u0101maj\u0101m k\u0101pn\u0113m.<\/p>\n<p>Neatliekam\u0101s medic\u012bnisk\u0101s pal\u012bdz\u012bbas dienesta pal\u012bdz\u012bba bija nepiecie\u0161ama septi\u0146iem cilv\u0113kiem, no kuriem \u010detri bija cietu\u0161i, no tiem tr\u012bs tika hospitaliz\u0113ti, bet v\u0113l trijiem hospitaliz\u0101cija nebija nepiecie\u0161ama.<\/p>\n<p>Kop\u0113j\u0101 deg\u0161anas plat\u012bba bija 165 kvadr\u0101tmetri, no tiem \u0113kas pirmais st\u0101vs 80 kvadr\u0101tmetru plat\u012bb\u0101, otrais st\u0101vs desmit kvadr\u0101tmetru plat\u012bb\u0101, tre\u0161ais st\u0101vs piecu kvadr\u0101tmetru plat\u012bb\u0101, k\u0101 ar\u012b k\u0101p\u0146u telpa 20 kvadr\u0101tmetru plat\u012bb\u0101 un fas\u0101de 50 kvadr\u0101tmetru plat\u012bb\u0101.<\/p>\n<p>Valsts policijas preses p\u0101rst\u0101ve L\u012bga Dzi\u013cuma a\u0123ent\u016brai LETA teica, ka par notiku\u0161o s\u0101kts krimin\u0101lprocess p\u0113c Krimin\u0101llikuma noda\u013cas par noziedz\u012bgiem nodar\u012bjumiem pret \u012bpa\u0161umu. Negad\u012bjuma iemesls un apst\u0101k\u013ci tiek noskaidroti.<\/p>\n<p>\t\t\t\t\t\tinfo<\/p>\n<p>Uzzini pirmais<br \/>kas interesants noticis Latvij\u0101 un pasaul\u0113,<br \/>pievienojoties mums <a href=\"https:\/\/t.me\/neatkariga\" rel=\"nofollow\">Telegram<\/a> vai <a href=\"https:\/\/whatsapp.com\/channel\/0029VaMLFUH5K3zLU5s4wm3y\" rel=\"nofollow noopener\" target=\"_blank\">Whatsapp<\/a> kan\u0101l\u0101<\/p>\n","protected":false},"excerpt":{"rendered":"Pal\u012bdz\u012bbu m\u0101jok\u013ca nodro\u0161in\u0101\u0161an\u0101 piektdienas r\u012bt\u0101 ugunsgr\u0113k\u0101 \u0136ekavas pagast\u0101 cietu\u0161ajiem gatavs sniegt ar\u012b m\u0101jas apsaimniekot\u0101js, a\u0123ent\u016brai LETA atkl\u0101ja \u0136ekavas&hellip;\n","protected":false},"author":2,"featured_media":106469,"comment_status":"","ping_status":"","sticky":false,"template":"","format":"standard","meta":{"footnotes":""},"categories":[5],"tags":[23,28,29,32,33,22,30,31,35,39,38,36,37,34,40,20,26,27,24,25,21],"class_list":{"0":"post-106468","1":"post","2":"type-post","3":"status-publish","4":"format-standard","5":"has-post-thumbnail","7":"category-aktualitates","8":"tag-aktualitates","9":"tag-breaking-news","10":"tag-breakingnews","11":"tag-featured-news","12":"tag-featurednews","13":"tag-headlines","14":"tag-latest-news","15":"tag-latestnews","16":"tag-latvia","17":"tag-latvian","18":"tag-latviesu","19":"tag-latviesu-valoda","20":"tag-latviesuvaloda","21":"tag-latvija","22":"tag-lv","23":"tag-news","24":"tag-popularakas-zinas","25":"tag-popularakaszinas","26":"tag-top-stories","27":"tag-topstories","28":"tag-zinas"},"share_on_mastodon":{"url":"https:\/\/pubeurope.com\/@lv\/115904934448250918","error":""},"_links":{"self":[{"href":"https:\/\/www.europesays.com\/lv\/wp-json\/wp\/v2\/posts\/106468","targetHints":{"allow":["GET"]}}],"collection":[{"href":"https:\/\/www.europesays.com\/lv\/wp-json\/wp\/v2\/posts"}],"about":[{"href":"https:\/\/www.europesays.com\/lv\/wp-json\/wp\/v2\/types\/post"}],"author":[{"embeddable":true,"href":"https:\/\/www.europesays.com\/lv\/wp-json\/wp\/v2\/users\/2"}],"replies":[{"embeddable":true,"href":"https:\/\/www.europesays.com\/lv\/wp-json\/wp\/v2\/comments?post=106468"}],"version-history":[{"count":0,"href":"https:\/\/www.europesays.com\/lv\/wp-json\/wp\/v2\/posts\/106468\/revisions"}],"wp:featuredmedia":[{"embeddable":true,"href":"https:\/\/www.europesays.com\/lv\/wp-json\/wp\/v2\/media\/106469"}],"wp:attachment":[{"href":"https:\/\/www.europesays.com\/lv\/wp-json\/wp\/v2\/media?parent=106468"}],"wp:term":[{"taxonomy":"category","embeddable":true,"href":"https:\/\/www.europesays.com\/lv\/wp-json\/wp\/v2\/categories?post=106468"},{"taxonomy":"post_tag","embeddable":true,"href":"https:\/\/www.europesays.com\/lv\/wp-json\/wp\/v2\/tags?post=106468"}],"curies":[{"name":"wp","href":"https:\/\/api.w.org\/{rel}","templated":true}]}}