{"id":106470,"date":"2026-01-16T13:08:10","date_gmt":"2026-01-16T13:08:10","guid":{"rendered":"https:\/\/www.europesays.com\/lv\/106470\/"},"modified":"2026-01-16T13:08:10","modified_gmt":"2026-01-16T13:08:10","slug":"muzikas-balvas-gamma-ceremonija-uzstasies-sudden-lights-tautumeitas-un-kautkaili-raksts","status":"publish","type":"post","link":"https:\/\/www.europesays.com\/lv\/106470\/","title":{"rendered":"M\u016bzikas balvas GAMMA ceremonij\u0101 uzst\u0101sies \u00abSudden Lights\u00bb, \u00abTautumeitas\u00bb un \u00abKautkaili\u00bb \/ Raksts"},"content":{"rendered":"<p>5.\u00a0mart\u0101 &#8220;Xiaomi\u00a0ar\u0113n\u0101&#8221; R\u012bg\u0101 notiks jau otr\u0101 m\u016bzikas nozares apbalvo\u0161anas ceremonija\u00a0GAMMA (Gada augst\u0101kais m\u016bsdienu m\u016bzikas\u00a0apbalvojums), kur\u0101 tiks godin\u0101ti m\u016bzi\u0137i un m\u016bzikas nozares profesion\u0101\u013ci. Ceremonijas koncertu kl\u0101tien\u0113 aicin\u0101ti piedz\u012bvot visi Latvijas m\u016bzikas cien\u012bt\u0101ji, inform\u0113 balvas r\u012bkot\u0101ji.\u00a0\u00a0<\/p>\n<p style=\"margin-left:0cm; margin-right:0cm\">Papildinot jau iepriek\u0161 izzi\u0146oto m\u0101kslinieku sast\u0101vu, ceremonijas zvaig\u017e\u0146u koncert\u0101 uzst\u0101sies ar\u012b grupa &#8220;Sudden Lights&#8221;. K\u0101 nor\u0101da r\u012bkot\u0101ji, kop\u0101 ar jau iepriek\u0161 izzi\u0146otajiem m\u0101ksliniekiem \u2013 &#8220;Tautumeit\u0101m&#8221;, apvien\u012bbu &#8220;Med\u012bbu lauki&#8221;, grupu &#8220;Kautkaili&#8221; un\u00a0reperi Denisu\u00a0\u2013 skat\u012bt\u0101jus sagaida daudzveid\u012bgs\u00a0koncert\u0161ovs, kas atspogu\u013cos Latvijas m\u016bzikas pla\u0161o spektru un jaudu.<\/p>\n<p style=\"margin-left:0cm; margin-right:0cm\">R\u012bkot\u0101ji uzsver, ka ar \u0161o pazi\u0146ojumu m\u0101kslinieku sast\u0101vs v\u0113l nav piln\u012bb\u0101 nosl\u0113gts \u2013 GAMMA ceremonijas programm\u0101 paredz\u0113ti ar\u012b jauni v\u0101rdi un \u012bpa\u0161i muzik\u0101li p\u0101rsteigumi, par kuriem tiks pazi\u0146ots, tuvojoties ceremonijai.\u00a0<\/p>\n<p style=\"margin-left:0cm; margin-right:0cm\">GAMMA ceremonija ir atv\u0113rta ikvienam interesentam.<\/p>\n<p style=\"margin-left:0cm; margin-right:0cm\">GAMMA apbalvo\u0161anas ceremonij\u0101 tiks pasniegtas balvas vismaz 30 kategorij\u0101s, aptverot gan skatuves m\u0101ksliniekus, gan aizkuli\u0161u profesion\u0101\u013cus. Tiks atkl\u0101ta &#8220;Gada straum\u0113t\u0101k\u0101 dziesma&#8221; un &#8220;Gada radio hits&#8221;, k\u0101 ar\u012b &#8220;Gada hits&#8221;, kas tiks noteikts, gan balstoties datos \u2013 radio atska\u0146ojumos un\u00a0straum\u0113\u0161anas klaus\u012bjumos \u2013, gan \u017e\u016brijas v\u0113rt\u0113jum\u0101\u00a0p\u0113c kvalitat\u012bvajiem krit\u0113rijiem.\u00a0<\/p>\n<p style=\"margin-left:0cm; margin-right:0cm\">GAMMA \u017e\u016brija v\u0113rt\u0113\u0161anu uzs\u0101ks jau tuv\u0101ko ned\u0113\u013cu laik\u0101, analiz\u0113jot m\u016bzi\u0137u un nozares profesion\u0101\u013cu veikumu period\u0101 no 2024.\u00a0gada 1. decembra l\u012bdz 2025.\u00a0gada 31.\u00a0decembrim.\u00a0<\/p>\n<p>Par GAMMA balvu <\/p>\n<p><a href=\"https:\/\/www.lsm.lv\/raksts\/kultura\/muzika\/10.03.2025-kas-latvijas-muzikas-balvam-kopigs-ar-diviem-amerikanu-reperiem-un-citi-noverojumi-pirmaja-gamma-ceremonija.a590895\/?utm_source=lsm&amp;utm_medium=theme&amp;utm_campaign=theme\" target=\"_blank\" class=\"lsm-link\" data-type=\"article\" data-id=\"590895\" rel=\"nofollow noopener\">2025.\u00a0gada mart\u0101<\/a> m\u016bzikas nozares balva GAMMA tika <a href=\"https:\/\/www.lsm.lv\/raksts\/kultura\/muzika\/05.03.2025-sadalitas-pirmas-muzikas-balvas-gamma-gada-makslinieki-dons-aija-andrejeva-instrumenti.a590427\/?utm_source=lsm&amp;utm_medium=theme&amp;utm_campaign=theme\" target=\"_blank\" class=\"lsm-link\" data-type=\"article\" data-id=\"590427\" rel=\"nofollow noopener\">pasniegta pirmo reizi<\/a>.<\/p>\n<p>K\u0101 nor\u0101da r\u012bkot\u0101ji,\u00a0GAMMA ir jauns koncepts Latvijas m\u016bzikas balvu vid\u0113, kas l\u012bdz\u0101s pla\u0161\u0101k zin\u0101miem m\u0101ksliniekiem izce\u013c ar\u012b aizkuli\u0161u profesion\u0101\u013cus un balst\u0101s uz datiem k\u0101 b\u016btisku kvalit\u0101tes un ietekmes r\u0101d\u012bt\u0101ju.<\/p>\n<p>GAMMA ir Latvijas m\u016bzikas industrijas balva, kas aptver visus nozares aspektus un pied\u0101v\u0101 jaunu pieeju nozares izcil\u012bbu atz\u012b\u0161anai, reprezent\u0113jot nozari visa gada garum\u0101. T\u0101s izveides iniciat\u012bva pieder pa\u0161iem m\u0101ksliniekiem un nozares dal\u012bbniekiem \u2013 LaIPA (Latvijas Izpild\u012bt\u0101ju un Producentu apvien\u012bba) biedriem, kuri par \u0161\u0101das balvas izveidi l\u0113ma 2024.\u00a0gada pavasar\u012b.<\/p>\n<p>Visus m\u0101ksliniekus v\u0113rt\u0113 GAMMA \u017e\u016brija, kas sast\u0101v no gandr\u012bz 200 Latvijas nozares dal\u012bbniekiem, kur viena tre\u0161da\u013ca ir m\u016bzi\u0137i un autori, viena \u2013\u00a0nozares profesion\u0101\u013ci, bet v\u0113l viena tre\u0161da\u013ca \u2013 m\u016bzikas entuziasti.\u00a0 \u017d\u016brijas sast\u0101v\u0101 ir ar\u012b vair\u0101ki nozares kol\u0113\u0123i no Lietuvas un Igaunijas.\u00a0<\/p>\n<p>GAMMA balvu r\u012bko Latvijas Izpild\u012bt\u0101ju un producentu apvien\u012bba &#8220;LaIPA&#8221;.<\/p>\n<p>                    Valodas k\u013c\u016bda rakst\u0101?<\/p>\n<p class=\"d-none d-md-block\">Iez\u012bm\u0113jiet tekstu un spiediet Ctrl+Enter, lai nos\u016bt\u012btu labojamo teksta fragmentu redaktoram! Par faktu k\u013c\u016bd\u0101m l\u016bdzam zi\u0146ot e-past\u0101 <a href=\"https:\/\/www.lsm.lv\/cdn-cgi\/l\/email-protection\" class=\"__cf_email__\" data-cfemail=\"8bf9eeefeae0e8e2e1eacbe7f8e6a5e7fd\" rel=\"nofollow noopener\" target=\"_blank\">[email\u00a0protected]<\/a>.<\/p>\n<p class=\"d-md-none\">Iez\u012bm\u0113jiet tekstu un spiediet uz Zi\u0146ot par k\u013c\u016bdu pogas, lai nos\u016bt\u012btu labojamo teksta fragmentu redaktoram!<\/p>\n<p>\n                    Zi\u0146ot par k\u013c\u016bdu\n                <\/p>\n","protected":false},"excerpt":{"rendered":"5.\u00a0mart\u0101 &#8220;Xiaomi\u00a0ar\u0113n\u0101&#8221; R\u012bg\u0101 notiks jau otr\u0101 m\u016bzikas nozares apbalvo\u0161anas ceremonija\u00a0GAMMA (Gada augst\u0101kais m\u016bsdienu m\u016bzikas\u00a0apbalvojums), kur\u0101 tiks godin\u0101ti m\u016bzi\u0137i&hellip;\n","protected":false},"author":2,"featured_media":106471,"comment_status":"","ping_status":"","sticky":false,"template":"","format":"standard","meta":{"footnotes":""},"categories":[19],"tags":[89,90,35,39,38,36,37,34,40],"class_list":{"0":"post-106470","1":"post","2":"type-post","3":"status-publish","4":"format-standard","5":"has-post-thumbnail","7":"category-izklaide","8":"tag-entertainment","9":"tag-izklaide","10":"tag-latvia","11":"tag-latvian","12":"tag-latviesu","13":"tag-latviesu-valoda","14":"tag-latviesuvaloda","15":"tag-latvija","16":"tag-lv"},"share_on_mastodon":{"url":"https:\/\/pubeurope.com\/@lv\/115904938154435221","error":""},"_links":{"self":[{"href":"https:\/\/www.europesays.com\/lv\/wp-json\/wp\/v2\/posts\/106470","targetHints":{"allow":["GET"]}}],"collection":[{"href":"https:\/\/www.europesays.com\/lv\/wp-json\/wp\/v2\/posts"}],"about":[{"href":"https:\/\/www.europesays.com\/lv\/wp-json\/wp\/v2\/types\/post"}],"author":[{"embeddable":true,"href":"https:\/\/www.europesays.com\/lv\/wp-json\/wp\/v2\/users\/2"}],"replies":[{"embeddable":true,"href":"https:\/\/www.europesays.com\/lv\/wp-json\/wp\/v2\/comments?post=106470"}],"version-history":[{"count":0,"href":"https:\/\/www.europesays.com\/lv\/wp-json\/wp\/v2\/posts\/106470\/revisions"}],"wp:featuredmedia":[{"embeddable":true,"href":"https:\/\/www.europesays.com\/lv\/wp-json\/wp\/v2\/media\/106471"}],"wp:attachment":[{"href":"https:\/\/www.europesays.com\/lv\/wp-json\/wp\/v2\/media?parent=106470"}],"wp:term":[{"taxonomy":"category","embeddable":true,"href":"https:\/\/www.europesays.com\/lv\/wp-json\/wp\/v2\/categories?post=106470"},{"taxonomy":"post_tag","embeddable":true,"href":"https:\/\/www.europesays.com\/lv\/wp-json\/wp\/v2\/tags?post=106470"}],"curies":[{"name":"wp","href":"https:\/\/api.w.org\/{rel}","templated":true}]}}