{"id":106472,"date":"2026-01-16T13:12:05","date_gmt":"2026-01-16T13:12:05","guid":{"rendered":"https:\/\/www.europesays.com\/lv\/106472\/"},"modified":"2026-01-16T13:12:05","modified_gmt":"2026-01-16T13:12:05","slug":"kas-notiks-ar-kartelu-atklasanu-pec-augstakas-tiesas-sprieduma-par-sarunu-ierakstiem-raidieraksts-lsm","status":"publish","type":"post","link":"https:\/\/www.europesays.com\/lv\/106472\/","title":{"rendered":"Kas notiks ar karte\u013cu atkl\u0101\u0161anu p\u0113c Augst\u0101k\u0101s tiesas sprieduma par sarunu ierakstiem? Raidieraksts &#8211; LSM"},"content":{"rendered":"<ol>\n<li><a href=\"https:\/\/news.google.com\/rss\/articles\/CBMi_AFBVV95cUxNVnhHRzZ0MDlyb1EzTHNidk1DZDJxZXhBa1Y5amFPdGYxLUFGTHZHUnhSZ0Nsc2VDQW5OZDZCWUdiWmE2Y1l5NGwyNG9nODJnWlBtaXFHYjZpTE40NGFSNjU3clNBRlg2Q1pBVGtXZzB5MDR3cGlGMTNvX2lmVXYwZUdsR2xZdFpUZWxIZk9FWjJfQWNKdEMzNmdmbUlTZ0JXM3JNNmZ3WUptT3JNNGQwbmRnM0diZ1g4SzR6RnMtY19RZGNkMEVCM01jT19GNjRpYl9vWmJtZ2pMWGpjZzRTR2xldV84MzhxSHg4R3VjOTRFdzByUTA3SXVqN3E?oc=5\" target=\"_blank\" rel=\"nofollow noopener\">Kas notiks ar karte\u013cu atkl\u0101\u0161anu p\u0113c Augst\u0101k\u0101s tiesas sprieduma par sarunu ierakstiem? Raidieraksts<\/a>&nbsp;&nbsp;LSM<\/li>\n<li><a href=\"https:\/\/news.google.com\/rss\/articles\/CBMixgFBVV95cUxQR2d1RVBhVXdVSlpMcVptaFdFMGxISXJRMmFaQ2tseTJZbThoTzduN3NmOVg1alFPa3ViNDI4XzBNZFhXTE9vMUVicDhpQ3cxa1JQZk8tdkk5czlfN21TQ3Z2Z3djNkN6XzNTaF9HeUdkcGtCTUltSjBrbUZwMEY4QWdPWlZ5M3AwVDk0Y1NhbXZhMGlDOVlaWV9TcENkdDI1d2h3YzliUFkzT1IyWl9UVF9ZMnhQNnB2dkRyanAyM29uWW9IMnc?oc=5\" target=\"_blank\" rel=\"nofollow noopener\">&#8220;Spried ar Delfi&#8221;, vai par dal\u012bbu kartel\u012b j\u0101nosaka krimin\u0101latbild\u012bba. Pilns ieraksts<\/a>&nbsp;&nbsp;Delfi<\/li>\n<li><a href=\"https:\/\/news.google.com\/rss\/articles\/CBMi6AFBVV95cUxNUThxT1VKV3BNektHVHFjWXoxSzJUUjZLMXMxajFvbFJneF9SaXlzRFJMQldTV2pzdXBQWWY2QWxpY2VNdzJtOF9MbUI4dzlpakUtWWIybHU5VGV1TmEtT25VSHRraHA4UFRzVjNUc215WUkzY3dLajZFUmVSMk9FZERWTEJGUy1MT1Awem5KaXJKWkxERUZubTBsYkFmZkUwOUhWcU42dVVqMmFibjVIWnQtUTlfWkQzbUY5emgxSXROLVEwZHFRYk8xcmZ2NlUxeGpMRGN5WjBYT1B4UjNUTTFQcDVwQW1Q?oc=5\" target=\"_blank\" rel=\"nofollow noopener\">Z\u012bmju valod\u0101. Kas notiks ar karte\u013cu atkl\u0101\u0161anu p\u0113c Augst\u0101k\u0101s tiesas sprieduma par sarunu noklaus\u012b\u0161anos?<\/a>&nbsp;&nbsp;REplay.lv<\/li>\n<li><a href=\"https:\/\/news.google.com\/rss\/articles\/CBMivgFBVV95cUxOWGwwaUlnUDhzeGYwZWR2Z2dyRkhMNlBpOEo1dk5xcEhNV2JDNEdEc2tlbzB2LWdNTWRfMWxnZzFrdUdZV212ZXVkMTN4UmJjQUpCQWIyZU9oU09vWW42a29yVno3MmFOUE83cHF6OVEwbGstSlhlRDQ3QWRNdGR6WGpXc2VfWk9UN3BUX29pWU9DOEkzSnctSmFVUk8yVDNDOERmYWRCZU9GNFVsemk5aVlZMWV1RnNZc3NCQVFB?oc=5\" target=\"_blank\" rel=\"nofollow noopener\">Aug\u0161\u0101mce\u013cas reiz Saeim\u0101 norakt\u0101 karte\u013cu kriminaliz\u0101cija<\/a>&nbsp;&nbsp;NRA<\/li>\n<li><a href=\"https:\/\/news.google.com\/rss\/articles\/CBMisgFBVV95cUxNRTVCUG5KVVBoSUgycmxVYWhxOXJ0Q0E5ekZ5QWk4V0dqeGFDaUxSeThwT0MwRW52WUNyRS1nNDFsYzRYeDFQZFJSb0UzNlVyeUF5OU85akc4YkVUTUVaQXdBUXNySmJOQkdqUkN0UFZGMlllUnNseWhzZFZoRlBtV2pZYmluZUFoX0JkdFB4UjYyZHo3YVBBOXdaMXNiekZtSENULXFJM1ZlUzhzTXZlN0dB?oc=5\" target=\"_blank\" rel=\"nofollow noopener\">L\u016aSIS KOMENT\u0112 \u27e9 Karte\u013ci \u2013 dro\u0161s un nekait\u012bgs biznesa veids ar Augst\u0101k\u0101s tiesas atbalstu<\/a>&nbsp;&nbsp;TVNET<\/li>\n<\/ol>\n","protected":false},"excerpt":{"rendered":"Kas notiks ar karte\u013cu atkl\u0101\u0161anu p\u0113c Augst\u0101k\u0101s tiesas sprieduma par sarunu ierakstiem? Raidieraksts&nbsp;&nbsp;LSM &#8220;Spried ar Delfi&#8221;, vai par&hellip;\n","protected":false},"author":2,"featured_media":97074,"comment_status":"","ping_status":"","sticky":false,"template":"","format":"standard","meta":{"footnotes":""},"categories":[12],"tags":[23,28,29,32,33,22,30,31,35,39,38,36,37,34,40,20,26,27,24,25,21],"class_list":{"0":"post-106472","1":"post","2":"type-post","3":"status-publish","4":"format-standard","5":"has-post-thumbnail","7":"category-latvija","8":"tag-aktualitates","9":"tag-breaking-news","10":"tag-breakingnews","11":"tag-featured-news","12":"tag-featurednews","13":"tag-headlines","14":"tag-latest-news","15":"tag-latestnews","16":"tag-latvia","17":"tag-latvian","18":"tag-latviesu","19":"tag-latviesu-valoda","20":"tag-latviesuvaloda","21":"tag-latvija","22":"tag-lv","23":"tag-news","24":"tag-popularakas-zinas","25":"tag-popularakaszinas","26":"tag-top-stories","27":"tag-topstories","28":"tag-zinas"},"share_on_mastodon":{"url":"https:\/\/pubeurope.com\/@lv\/115904954070165938","error":""},"_links":{"self":[{"href":"https:\/\/www.europesays.com\/lv\/wp-json\/wp\/v2\/posts\/106472","targetHints":{"allow":["GET"]}}],"collection":[{"href":"https:\/\/www.europesays.com\/lv\/wp-json\/wp\/v2\/posts"}],"about":[{"href":"https:\/\/www.europesays.com\/lv\/wp-json\/wp\/v2\/types\/post"}],"author":[{"embeddable":true,"href":"https:\/\/www.europesays.com\/lv\/wp-json\/wp\/v2\/users\/2"}],"replies":[{"embeddable":true,"href":"https:\/\/www.europesays.com\/lv\/wp-json\/wp\/v2\/comments?post=106472"}],"version-history":[{"count":0,"href":"https:\/\/www.europesays.com\/lv\/wp-json\/wp\/v2\/posts\/106472\/revisions"}],"wp:featuredmedia":[{"embeddable":true,"href":"https:\/\/www.europesays.com\/lv\/wp-json\/wp\/v2\/media\/97074"}],"wp:attachment":[{"href":"https:\/\/www.europesays.com\/lv\/wp-json\/wp\/v2\/media?parent=106472"}],"wp:term":[{"taxonomy":"category","embeddable":true,"href":"https:\/\/www.europesays.com\/lv\/wp-json\/wp\/v2\/categories?post=106472"},{"taxonomy":"post_tag","embeddable":true,"href":"https:\/\/www.europesays.com\/lv\/wp-json\/wp\/v2\/tags?post=106472"}],"curies":[{"name":"wp","href":"https:\/\/api.w.org\/{rel}","templated":true}]}}