{"id":106473,"date":"2026-01-16T13:13:12","date_gmt":"2026-01-16T13:13:12","guid":{"rendered":"https:\/\/www.europesays.com\/lv\/106473\/"},"modified":"2026-01-16T13:13:12","modified_gmt":"2026-01-16T13:13:12","slug":"krustkalnu-ciema-ugunsgreka-cietusajiem-sniedz-atbalstu-un-nodrosina-izmitinasanu","status":"publish","type":"post","link":"https:\/\/www.europesays.com\/lv\/106473\/","title":{"rendered":"Krustkalnu ciema ugunsgr\u0113k\u0101 cietu\u0161ajiem sniedz atbalstu un nodro\u0161ina izmitin\u0101\u0161anu"},"content":{"rendered":"<p class=\"lead\">\n                                \u0136ekavas pagast\u0101 notiku\u0161aj\u0101 ugunsgr\u0113k\u0101 cietu\u0161ajiem pal\u012bdz\u012bbu m\u0101jok\u013ca nodro\u0161in\u0101\u0161an\u0101 ir gatavs sniegt ar\u012b nama apsaimniekot\u0101js, past\u0101st\u012bja \u0136ekavas novada pa\u0161vald\u012bbas Sabiedr\u012bbas inform\u0113\u0161anas un m\u0101rketinga noda\u013cas vad\u012bt\u0101ja Eva Di\u0161lere.\n                            <\/p>\n<p>Vi\u0146a nor\u0101d\u012bja, ka ugunsnelaime sk\u0101rusi 28 \u0123imenes. Kam\u0113r notikuma viet\u0101 turpin\u0101s Valsts ugunsdz\u0113s\u012bbas un gl\u0101b\u0161anas dienesta (VUGD) darbs, iedz\u012bvot\u0101ji savos dz\u012bvok\u013cos iek\u013c\u016bt nevar. Piektdienas p\u0113cpusdien\u0101 var\u0113tu k\u013c\u016bt zin\u0101ms, kad iedz\u012bvot\u0101jiem \u013caus doties m\u0101jok\u013cos, lai pa\u0146emtu person\u012bg\u0101s mantas.<\/p>\n<p>Di\u0161lere skaidroja, ka pagrabst\u0101v\u0101 joproj\u0101m atrodas ar\u012b iedz\u012bvot\u0101ju automa\u0161\u012bnas. Vienlaikus m\u0101jai ir atsl\u0113gta gan elektroapg\u0101de, gan siltumapg\u0101de, t\u0101d\u0113\u013c atgrie\u0161an\u0101s dz\u012bvok\u013cos pagaid\u0101m nav iesp\u0113jama.<\/p>\n<p>Pagaidu dz\u012bvesvietu cietu\u0161ajiem ir gatava nodro\u0161in\u0101t gan pa\u0161vald\u012bba, gan nama apsaimniekot\u0101js, kura r\u012bc\u012bb\u0101 ir br\u012bvi dz\u012bvok\u013ci citos namos. &#8220;Iedz\u012bvot\u0101ji pa\u0161laik ir siltum\u0101 un dro\u0161\u012bb\u0101,&#8221; uzsv\u0113ra Di\u0161lere, piebilstot, ka sadarb\u012bb\u0101 ar apsaimniekot\u0101ju tiek nodro\u0161in\u0101ts ar\u012b cits nepiecie\u0161amais atbalsts, tostarp \u0113din\u0101\u0161ana.<\/p>\n<p>Situ\u0101cijas risin\u0101\u0161an\u0101 iesaist\u012bts ar\u012b Soci\u0101lais dienests un B\u0113rnu aizsardz\u012bbas centrs, kas var sniegt emocion\u0101lu atbalstu iedz\u012bvot\u0101jiem. Nepiecie\u0161am\u012bbas gad\u012bjum\u0101 pl\u0101nots piesaist\u012bt ar\u012b psihologu.<\/p>\n<p><img decoding=\"async\" class=\"img-fluid mb-3\" loading=\"lazy\" src=\"https:\/\/www.europesays.com\/lv\/wp-content\/uploads\/2026\/01\/202601161047296969fb2141f7e.jpg\" alt=\"VUGD str\u0101d\u0101 sadegu\u0161aj\u0101 m\u0101j\u0101 Jaunlazdu iel\u0101 5.\"\/><\/p>\n<p> Ugunsgr\u0113ka seku likvid\u0113\u0161ana \u0136ekavas pagasta Krustkalnu ciem\u0101 <\/p>\n<p> Ugunsdz\u0113s\u0113ji gl\u0101b\u0113ji str\u0101d\u0101 notikuma viet\u0101 \u2014 tiek veikta boj\u0101to konstrukciju demont\u0101\u017ea un teritorijas sak\u0101rto\u0161ana. <\/p>\n<p> VUGD str\u0101d\u0101 sadegu\u0161aj\u0101 m\u0101j\u0101 Jaunlazdu iel\u0101 5. <\/p>\n<p>Jau <a href=\"https:\/\/lasi.lv\/latvija-pasaule\/sabiedriba\/sorit-boja-gajusi-divi-berni-ugunsgreka-kekavas-pagasta.36911\" rel=\"nofollow noopener\" target=\"_blank\">zi\u0146ots<\/a>, ka piektdienas r\u012bt\u0101 ugunsgr\u0113k\u0101 \u010detrst\u0101vu dz\u012bvojam\u0101 m\u0101j\u0101 \u0136ekavas novada \u0136ekavas pagasta Krustkalnu ciem\u0101 g\u0101ju\u0161i boj\u0101 divi nepilngad\u012bgie, bet 29 cilv\u0113ki izgl\u0101bti.<\/p>\n<p>V\u0113l 15 personas no \u0113kas evaku\u0113j\u0101s pa\u0161u sp\u0113kiem, bet septi\u0146iem cilv\u0113kiem bija nepiecie\u0161ama Neatliekam\u0101s medic\u012bnisk\u0101s pal\u012bdz\u012bbas dienesta pal\u012bdz\u012bba, tr\u012bs no vi\u0146iem hospitaliz\u0113ti.<\/p>\n<p>Izsaukums par ugunsgr\u0113ku Jaunlazdu iel\u0101 5 sa\u0146emts plkst. 4.59 \u2014 deg\u0161ana s\u0101kusies pirm\u0101 st\u0101va dz\u012bvokl\u012b un strauji izplat\u012bjusies pa \u0113ku. Ugunsgr\u0113ka izplat\u012bba ierobe\u017eota plkst. 7.48, kop\u0113j\u0101 deg\u0161anas plat\u012bba sasniedza 165 kvadr\u0101tmetrus. Gl\u0101b\u0113ji darbu notikuma viet\u0101 turpina, veicot boj\u0101to konstrukciju demont\u0101\u017eu.<\/p>\n<p>Valsts policija s\u0101kusi krimin\u0101lprocesu par notiku\u0161o p\u0113c Krimin\u0101llikuma noda\u013cas par noziedz\u012bgiem nodar\u012bjumiem pret \u012bpa\u0161umu; iesp\u0113jam\u0101s ugunsgr\u0113ka versijas patlaban netiek publiskotas.<\/p>\n<p class=\"paragraph-muted\">Izv\u0113lies savu soct\u012bklu platformu, lai sekotu LASI.LV: <a href=\"https:\/\/www.facebook.com\/portals.lasi.lv\" target=\"_blank\" rel=\"noopener noreferrer nofollow\">Facebook<\/a>, <a href=\"https:\/\/twitter.com\/lasilvportals\" target=\"_blank\" rel=\"noopener noreferrer nofollow\">X<\/a>, <a href=\"https:\/\/bsky.app\/profile\/lasilv.bsky.social\" target=\"_blank\" rel=\"noopener noreferrer nofollow\">Bluesky<\/a>, <a href=\"https:\/\/www.draugiem.lv\/lasilv\/?pg=4\" target=\"_blank\" rel=\"noopener noreferrer nofollow\">Draugiem<\/a>, <a href=\"https:\/\/www.threads.com\/@lasilv_zinas\" rel=\"nofollow noopener\" target=\"_blank\">Threads<\/a> vai ar\u012b <a href=\"https:\/\/www.instagram.com\/lasilv_zinas\/\" target=\"_blank\" rel=\"noopener noreferrer nofollow\">Instagram<\/a>. Pievienojies m\u016bsu las\u012bt\u0101ju pulkam, lai sa\u0146emtu \u012bpa\u0161i tev atlas\u012btu noder\u012bgu, praktisku un aktu\u0101lu saturu.\u00a0<\/p>\n<p style=\"margin-left:auto;\">Pieraksties LASI.LV redaktora v\u0113stkopai <a href=\"https:\/\/lasi.lv\/vestkopa\/lasi-lv-galvena-redaktora-vestkopa\" rel=\"nofollow noopener\" target=\"_blank\">\u0161eit<\/a>.<\/p>\n<p>Pieraksties v\u0113stkopai un divas reizes ned\u0113\u013c\u0101 sa\u0146em padzi\u013cin\u0101tu LASI.LV galven\u0101 redaktora aktu\u0101lo zi\u0146u, kompetentu viedok\u013cu un interesant\u0101ko interviju apkopojumu.<\/p>\n<p>Ko tu sa\u0146emsi:<\/p>\n<ul>\n<li>Daudzveid\u012bgus koment\u0101rus un kompetentus Latvijas Mediju \u017eurn\u0101listu un autoru viedok\u013cus par aktu\u0101lo<\/li>\n<li>Ekspertu koment\u0101rus par da\u017e\u0101diem praktiskiem, noder\u012bgiem tematiem<\/li>\n<li>Aizraujo\u0161us materi\u0101lus par v\u0113sturi, psiholo\u0123iju, kult\u016bru<\/li>\n<li>Gata \u0160\u013c\u016bkas karikat\u016bru<\/li>\n<li>Tav\u0101 e-pasta kast\u012bt\u0113 katru ceturtdienu<\/li>\n<\/ul>\n<p style=\"margin-left:auto;\">\u00a0<\/p>\n<p><script async src=\"https:\/\/platform.twitter.com\/widgets.js\" charset=\"utf-8\"><\/script><script async src=\"\/\/www.instagram.com\/embed.js\"><\/script><\/p>\n","protected":false},"excerpt":{"rendered":"\u0136ekavas pagast\u0101 notiku\u0161aj\u0101 ugunsgr\u0113k\u0101 cietu\u0161ajiem pal\u012bdz\u012bbu m\u0101jok\u013ca nodro\u0161in\u0101\u0161an\u0101 ir gatavs sniegt ar\u012b nama apsaimniekot\u0101js, past\u0101st\u012bja \u0136ekavas novada pa\u0161vald\u012bbas&hellip;\n","protected":false},"author":2,"featured_media":106474,"comment_status":"","ping_status":"","sticky":false,"template":"","format":"standard","meta":{"footnotes":""},"categories":[5],"tags":[23,28,29,32,33,22,30,31,35,39,38,36,37,34,40,20,26,27,24,25,21],"class_list":{"0":"post-106473","1":"post","2":"type-post","3":"status-publish","4":"format-standard","5":"has-post-thumbnail","7":"category-aktualitates","8":"tag-aktualitates","9":"tag-breaking-news","10":"tag-breakingnews","11":"tag-featured-news","12":"tag-featurednews","13":"tag-headlines","14":"tag-latest-news","15":"tag-latestnews","16":"tag-latvia","17":"tag-latvian","18":"tag-latviesu","19":"tag-latviesu-valoda","20":"tag-latviesuvaloda","21":"tag-latvija","22":"tag-lv","23":"tag-news","24":"tag-popularakas-zinas","25":"tag-popularakaszinas","26":"tag-top-stories","27":"tag-topstories","28":"tag-zinas"},"share_on_mastodon":{"url":"https:\/\/pubeurope.com\/@lv\/115904957898614711","error":""},"_links":{"self":[{"href":"https:\/\/www.europesays.com\/lv\/wp-json\/wp\/v2\/posts\/106473","targetHints":{"allow":["GET"]}}],"collection":[{"href":"https:\/\/www.europesays.com\/lv\/wp-json\/wp\/v2\/posts"}],"about":[{"href":"https:\/\/www.europesays.com\/lv\/wp-json\/wp\/v2\/types\/post"}],"author":[{"embeddable":true,"href":"https:\/\/www.europesays.com\/lv\/wp-json\/wp\/v2\/users\/2"}],"replies":[{"embeddable":true,"href":"https:\/\/www.europesays.com\/lv\/wp-json\/wp\/v2\/comments?post=106473"}],"version-history":[{"count":0,"href":"https:\/\/www.europesays.com\/lv\/wp-json\/wp\/v2\/posts\/106473\/revisions"}],"wp:featuredmedia":[{"embeddable":true,"href":"https:\/\/www.europesays.com\/lv\/wp-json\/wp\/v2\/media\/106474"}],"wp:attachment":[{"href":"https:\/\/www.europesays.com\/lv\/wp-json\/wp\/v2\/media?parent=106473"}],"wp:term":[{"taxonomy":"category","embeddable":true,"href":"https:\/\/www.europesays.com\/lv\/wp-json\/wp\/v2\/categories?post=106473"},{"taxonomy":"post_tag","embeddable":true,"href":"https:\/\/www.europesays.com\/lv\/wp-json\/wp\/v2\/tags?post=106473"}],"curies":[{"name":"wp","href":"https:\/\/api.w.org\/{rel}","templated":true}]}}