{"id":106488,"date":"2026-01-16T13:31:15","date_gmt":"2026-01-16T13:31:15","guid":{"rendered":"https:\/\/www.europesays.com\/lv\/106488\/"},"modified":"2026-01-16T13:31:15","modified_gmt":"2026-01-16T13:31:15","slug":"video-%e2%9f%a9-izplatas-mulsinosas-zinas-par-ekspluatacijas-nodokla-samaksu-komentaru-sniedz-csdd","status":"publish","type":"post","link":"https:\/\/www.europesays.com\/lv\/106488\/","title":{"rendered":"VIDEO \u27e9 Izplat\u0101s mulsino\u0161as zi\u0146as par ekspluat\u0101cijas nodok\u013ca samaksu. Koment\u0101ru sniedz CSDD"},"content":{"rendered":"<p>Ce\u013cu satiksmes dro\u0161\u012bbas direkcijas (<a href=\"https:\/\/www.tvnet.lv\/term\/555567\/csdd\" class=\"topicLink\" target=\"_blank\" rel=\"nofollow noopener\">CSDD<\/a>) valdes priek\u0161s\u0113d\u0113t\u0101js Aivars Aksenoks skaidroja, ka transportl\u012bdzek\u013ca ekspluat\u0101cijas nodok\u013ca samaksas k\u0101rt\u012bba p\u0113c b\u016bt\u012bbas nav main\u012bjusies.<\/p>\n<p>Saska\u0146\u0101 ar likumu transportl\u012bdzek\u013ca ekspluat\u0101cijas nodoklis j\u0101maks\u0101 valsts bud\u017eet\u0101 par k\u0101rt\u0113jo kalend\u0101ra gadu l\u012bdz tam sekojo\u0161\u0101 kalend\u0101ra gada 31. janv\u0101rim. Tam j\u0101b\u016bt samaks\u0101tam ar\u012b br\u012bd\u012b, kad transportl\u012bdzeklis tiek vests uz tehnisko apskati vai veiktas citas ar re\u0123istr\u0101ciju saist\u012btas darb\u012bbas.<\/p>\n<p>Aksenoks uzsv\u0113ra \u2013 fakts, ka jaun\u0101kiem automobi\u013ciem tehnisk\u0101 apskate j\u0101veic tikai reizi divos vai trijos gados, neatce\u013c pien\u0101kumu nodokli maks\u0101t katru gadu. Lai gan par nesamaks\u0101tu nodokli gada laik\u0101 netiek piem\u0113rotas sankcijas, autovad\u012bt\u0101jiem ieteicams maks\u0101t to regul\u0101ri, jo pret\u0113j\u0101 gad\u012bjum\u0101 uz apskates br\u012bdi var uzkr\u0101ties iev\u0113rojama summa. \u012apa\u0161i svar\u012bgi tas ir tiem transportl\u012bdzek\u013cu \u012bpa\u0161niekiem, kuriem pien\u0101kas nodok\u013ca atvieglojumi, jo, samaks\u0101jot nodokli ar nokav\u0113\u0161anos, \u0161\u012bs atlaides var tikt zaud\u0113tas.<\/p>\n<p>Pla\u0161\u0101k &#8220;Zebras&#8221; si\u017eet\u0101!<\/p>\n","protected":false},"excerpt":{"rendered":"Ce\u013cu satiksmes dro\u0161\u012bbas direkcijas (CSDD) valdes priek\u0161s\u0113d\u0113t\u0101js Aivars Aksenoks skaidroja, ka transportl\u012bdzek\u013ca ekspluat\u0101cijas nodok\u013ca samaksas k\u0101rt\u012bba p\u0113c b\u016bt\u012bbas&hellip;\n","protected":false},"author":2,"featured_media":106489,"comment_status":"","ping_status":"","sticky":false,"template":"","format":"standard","meta":{"footnotes":""},"categories":[5],"tags":[23,1494,28,29,1145,32,33,22,30,31,35,39,38,36,37,34,40,20,756,6477,26,27,24,25,21],"class_list":{"0":"post-106488","1":"post","2":"type-post","3":"status-publish","4":"format-standard","5":"has-post-thumbnail","7":"category-aktualitates","8":"tag-aktualitates","9":"tag-automasinas","10":"tag-breaking-news","11":"tag-breakingnews","12":"tag-csdd","13":"tag-featured-news","14":"tag-featurednews","15":"tag-headlines","16":"tag-latest-news","17":"tag-latestnews","18":"tag-latvia","19":"tag-latvian","20":"tag-latviesu","21":"tag-latviesu-valoda","22":"tag-latviesuvaloda","23":"tag-latvija","24":"tag-lv","25":"tag-news","26":"tag-nodokli","27":"tag-nodokli-un-likumi","28":"tag-popularakas-zinas","29":"tag-popularakaszinas","30":"tag-top-stories","31":"tag-topstories","32":"tag-zinas"},"share_on_mastodon":{"url":"https:\/\/pubeurope.com\/@lv\/115905028614877619","error":""},"_links":{"self":[{"href":"https:\/\/www.europesays.com\/lv\/wp-json\/wp\/v2\/posts\/106488","targetHints":{"allow":["GET"]}}],"collection":[{"href":"https:\/\/www.europesays.com\/lv\/wp-json\/wp\/v2\/posts"}],"about":[{"href":"https:\/\/www.europesays.com\/lv\/wp-json\/wp\/v2\/types\/post"}],"author":[{"embeddable":true,"href":"https:\/\/www.europesays.com\/lv\/wp-json\/wp\/v2\/users\/2"}],"replies":[{"embeddable":true,"href":"https:\/\/www.europesays.com\/lv\/wp-json\/wp\/v2\/comments?post=106488"}],"version-history":[{"count":0,"href":"https:\/\/www.europesays.com\/lv\/wp-json\/wp\/v2\/posts\/106488\/revisions"}],"wp:featuredmedia":[{"embeddable":true,"href":"https:\/\/www.europesays.com\/lv\/wp-json\/wp\/v2\/media\/106489"}],"wp:attachment":[{"href":"https:\/\/www.europesays.com\/lv\/wp-json\/wp\/v2\/media?parent=106488"}],"wp:term":[{"taxonomy":"category","embeddable":true,"href":"https:\/\/www.europesays.com\/lv\/wp-json\/wp\/v2\/categories?post=106488"},{"taxonomy":"post_tag","embeddable":true,"href":"https:\/\/www.europesays.com\/lv\/wp-json\/wp\/v2\/tags?post=106488"}],"curies":[{"name":"wp","href":"https:\/\/api.w.org\/{rel}","templated":true}]}}