{"id":106495,"date":"2026-01-16T13:41:07","date_gmt":"2026-01-16T13:41:07","guid":{"rendered":"https:\/\/www.europesays.com\/lv\/106495\/"},"modified":"2026-01-16T13:41:07","modified_gmt":"2026-01-16T13:41:07","slug":"senators-greiems-nosauc-galveno-asv-nosacijumu-kara-izbeigsanai-ukraina","status":"publish","type":"post","link":"https:\/\/www.europesays.com\/lv\/106495\/","title":{"rendered":"Senators Greiems nosauc galveno ASV nosac\u012bjumu kara izbeig\u0161anai Ukrain\u0101"},"content":{"rendered":"<p>P\u0113c vi\u0146a teikt\u0101, ASV prezidents Donalds Tramps v\u0113las izbeigt &#8220;asi\u0146aino slakti\u0146u Ukrain\u0101&#8221; &#8220;ar cie\u0146u un taisn\u012bgumu&#8221;, ko iepriek\u0161\u0113jiem prezidentiem Barakam Obamam un D\u017eo Baidenam neizdev\u0101s pan\u0101kt.<\/p>\n<p>&#8220;Tikai atg\u0101din\u0101jums, ka jebkur\u0161 dro\u0161\u012bbas nol\u012bgums, kas paredz\u0113ts asinsizlie\u0161anas izbeig\u0161anai Ukrain\u0101, ir j\u0101p\u0101rskata Kongresam. Esmu r\u016bp\u012bgi sekojis l\u012bdzi deta\u013c\u0101m. M\u0113r\u0137is ir pan\u0101kt, lai \u0161oreiz m\u0113s pan\u0101ktu vieno\u0161anos, kas aptur\u0113s turpm\u0101kus iebrukumus, ko Obama un Baidens neizdar\u012bja,&#8221; rakst\u012bja Greiems.<\/p>\n<p>Senators uzskata, ka Krievijas karav\u012bri tuv\u0101kaj\u0101 laik\u0101 netiks izraid\u012bti no Ukrainas, ta\u010du kar\u0161 ir j\u0101p\u0101rtrauc t\u0101, lai neatalgotu agresoru.<\/p>\n<p>&#8220;Run\u0101jot par iesp\u0113jam\u0101m teritori\u0101l\u0101m apmai\u0146\u0101m: esmu re\u0101lists un saprotu, ka Krievijas karav\u012bri no Ukrainas netiks izraid\u012bti tuv\u0101kaj\u0101 laik\u0101. Taj\u0101 pa\u0161\u0101 laik\u0101 mums nevajadz\u0113tu izbeigt \u0161o konfliktu t\u0101, lai atalgotu agresiju,&#8221; vi\u0146\u0161 piebilda.<\/p>\n<p>K\u0101 jau iepriek\u0161 zi\u0146oja UNIAN, Tramps nesen pazi\u0146oja, ka ieilgu\u0161aj\u0101 kar\u0101 Ukrain\u0101 vainojams Ukrainas prezidents Volodimirs Zelenskis, nevis Krievijas diktators <a href=\"https:\/\/www.apollo.lv\/term\/555635\/vladimirs-putins\" class=\"topicLink\" target=\"_blank\" rel=\"nofollow noopener\">Vladimirs Putins<\/a>.<\/p>\n<blockquote class=\"quote ck-widget\" contenteditable=\"false\">\n<p>&#8220;Es dom\u0101ju, ka vi\u0146\u0161 ir gatavs pan\u0101kt vieno\u0161anos,&#8221; Tramps sac\u012bja par Putinu.<\/p>\n<\/blockquote>\n<p>Uz jaut\u0101jumu, k\u0101p\u0113c ASV vad\u012btaj\u0101m sarun\u0101m l\u012bdz \u0161im nav izdevies izbeigt liel\u0101ko sauszemes konfliktu Eirop\u0101 kop\u0161 Otr\u0101 pasaules kara, Balt\u0101 nama vad\u012bt\u0101js atbild\u0113ja: &#8220;Zelenskis.&#8221; &#8220;Mums j\u0101p\u0101rliecina prezidents Zelenskis to atbalst\u012bt,&#8221; vi\u0146\u0161 piebilda.<\/p>\n<p>Polijas premjerministrs Donalds Tusks atbild\u0113ja, sakot, ka miera pl\u0101nu noraida Krievija, nevis Ukraina. Vi\u0146\u0161 nor\u0101d\u012bja, ka Krievijas vien\u012bg\u0101 atbilde ir turpm\u0101ki ra\u0137e\u0161u uzbrukumi Ukrainas pils\u0113t\u0101m. &#8220;\u0160\u012b iemesla d\u0113\u013c vien\u012bgais risin\u0101jums ir palielin\u0101t spiedienu uz Krieviju. Un j\u016bs visi to zin\u0101t,&#8221; piebilda Tusks.<\/p>\n","protected":false},"excerpt":{"rendered":"P\u0113c vi\u0146a teikt\u0101, ASV prezidents Donalds Tramps v\u0113las izbeigt &#8220;asi\u0146aino slakti\u0146u Ukrain\u0101&#8221; &#8220;ar cie\u0146u un taisn\u012bgumu&#8221;, ko iepriek\u0161\u0113jiem&hellip;\n","protected":false},"author":2,"featured_media":106496,"comment_status":"","ping_status":"","sticky":false,"template":"","format":"standard","meta":{"footnotes":""},"categories":[14],"tags":[23,57,28,29,32,33,22,74,30,31,35,39,38,36,37,34,40,20,26,27,25436,24,25,235,54,55,56,21,58],"class_list":{"0":"post-106495","1":"post","2":"type-post","3":"status-publish","4":"format-standard","5":"has-post-thumbnail","7":"category-zinas-no-arvalstim","8":"tag-aktualitates","9":"tag-arvalstim","10":"tag-breaking-news","11":"tag-breakingnews","12":"tag-featured-news","13":"tag-featurednews","14":"tag-headlines","15":"tag-krievijas-iebrukums-ukraina","16":"tag-latest-news","17":"tag-latestnews","18":"tag-latvia","19":"tag-latvian","20":"tag-latviesu","21":"tag-latviesu-valoda","22":"tag-latviesuvaloda","23":"tag-latvija","24":"tag-lv","25":"tag-news","26":"tag-popularakas-zinas","27":"tag-popularakaszinas","28":"tag-senators-greiems","29":"tag-top-stories","30":"tag-topstories","31":"tag-vladimirs-putins","32":"tag-world","33":"tag-world-news","34":"tag-worldnews","35":"tag-zinas","36":"tag-zinas-no-arvalstim"},"share_on_mastodon":{"url":"https:\/\/pubeurope.com\/@lv\/115905067949021360","error":""},"_links":{"self":[{"href":"https:\/\/www.europesays.com\/lv\/wp-json\/wp\/v2\/posts\/106495","targetHints":{"allow":["GET"]}}],"collection":[{"href":"https:\/\/www.europesays.com\/lv\/wp-json\/wp\/v2\/posts"}],"about":[{"href":"https:\/\/www.europesays.com\/lv\/wp-json\/wp\/v2\/types\/post"}],"author":[{"embeddable":true,"href":"https:\/\/www.europesays.com\/lv\/wp-json\/wp\/v2\/users\/2"}],"replies":[{"embeddable":true,"href":"https:\/\/www.europesays.com\/lv\/wp-json\/wp\/v2\/comments?post=106495"}],"version-history":[{"count":0,"href":"https:\/\/www.europesays.com\/lv\/wp-json\/wp\/v2\/posts\/106495\/revisions"}],"wp:featuredmedia":[{"embeddable":true,"href":"https:\/\/www.europesays.com\/lv\/wp-json\/wp\/v2\/media\/106496"}],"wp:attachment":[{"href":"https:\/\/www.europesays.com\/lv\/wp-json\/wp\/v2\/media?parent=106495"}],"wp:term":[{"taxonomy":"category","embeddable":true,"href":"https:\/\/www.europesays.com\/lv\/wp-json\/wp\/v2\/categories?post=106495"},{"taxonomy":"post_tag","embeddable":true,"href":"https:\/\/www.europesays.com\/lv\/wp-json\/wp\/v2\/tags?post=106495"}],"curies":[{"name":"wp","href":"https:\/\/api.w.org\/{rel}","templated":true}]}}