{"id":106497,"date":"2026-01-16T13:47:10","date_gmt":"2026-01-16T13:47:10","guid":{"rendered":"https:\/\/www.europesays.com\/lv\/106497\/"},"modified":"2026-01-16T13:47:10","modified_gmt":"2026-01-16T13:47:10","slug":"robezsargi-aizturejusi-krievijas-pilsoni-ar-viltotiem-dokumentiem","status":"publish","type":"post","link":"https:\/\/www.europesays.com\/lv\/106497\/","title":{"rendered":"Robe\u017esargi aiztur\u0113ju\u0161i Krievijas pilsoni ar viltotiem dokumentiem"},"content":{"rendered":"<p>Savuk\u0101rt Terehovas robe\u017ekontroles punkt\u0101 dro\u0161\u012bbas apsv\u0113rumu d\u0113\u013c iece\u013co\u0161ana Latvij\u0101 liegta vienam Krievijas un vienam V\u0101cijas pilsonim. Personas atgrieztas uz izce\u013co\u0161anas valst\u012bm.<\/p>\n<p>T\u0101pat Terehovas robe\u017ekontroles punkt\u0101 konstat\u0113ti divi Azerbaid\u017e\u0101nas pilso\u0146i, kuri bija p\u0101rk\u0101pu\u0161i uztur\u0113\u0161an\u0101s nosac\u012bjumus \u0160engenas zonas valst\u012bs. Personas sauktas pie administrat\u012bv\u0101s atbild\u012bbas.<\/p>\n<p>Tikm\u0113r, veicot imigr\u0101cijas kontroles pas\u0101kumus valsts iek\u0161ien\u0113, iece\u013co\u0161anas vai uztur\u0113\u0161an\u0101s noteikumu p\u0101rk\u0101pumi konstat\u0113ti tr\u012bs Uzbekist\u0101nas, vienam Alb\u0101nijas, vienam Indijas un vienam Ukrainas pilsonim.<\/p>\n<p>Par p\u0101rk\u0101pumiem transportl\u012bdzek\u013cu un ku\u0123o\u0161anas l\u012bdzek\u013cu ekspluat\u0101cijas jom\u0101 robe\u017esargi sauku\u0161i pie administrat\u012bv\u0101s atbild\u012bbas vai liegu\u0161i \u0161\u0137\u0113rsot robe\u017eu 19 person\u0101m \u2013 septi\u0146iem Baltkrievijas, tr\u012bs Krievijas, tr\u012bs Moldovas, diviem Kazahst\u0101nas, vienam Latvijas, vienam Igaunijas, vienam Grie\u0137ijas un vienam Serbijas pilsonim.<\/p>\n<p>Pirmaj\u0101s 15 janv\u0101ra dien\u0101s nav konstat\u0113ti m\u0113\u0123in\u0101jumi nelikum\u012bgi \u0161\u0137\u0113rsot Baltkrievijas-Latvijas robe\u017eu<\/p>\n<p class=\"tv3-fw-500\">Zi\u0146o par k\u013c\u016bdu rakst\u0101<\/p>\n<p class=\"d-md-block d-none\">Iez\u012bm\u0113 k\u013c\u016bdaino tekstu un spied Ctrl+Enter.<\/p>\n<p class=\"d-md-none d-block\">Iez\u012bm\u0113 k\u013c\u016bdaino tekstu un zi\u0146o par to!<\/p>\n","protected":false},"excerpt":{"rendered":"Savuk\u0101rt Terehovas robe\u017ekontroles punkt\u0101 dro\u0161\u012bbas apsv\u0113rumu d\u0113\u013c iece\u013co\u0161ana Latvij\u0101 liegta vienam Krievijas un vienam V\u0101cijas pilsonim. Personas atgrieztas&hellip;\n","protected":false},"author":2,"featured_media":106498,"comment_status":"","ping_status":"","sticky":false,"template":"","format":"standard","meta":{"footnotes":""},"categories":[14],"tags":[23,57,28,29,32,33,22,30,31,35,39,38,36,37,34,25437,40,20,26,27,24,25,54,55,56,21,58],"class_list":{"0":"post-106497","1":"post","2":"type-post","3":"status-publish","4":"format-standard","5":"has-post-thumbnail","7":"category-zinas-no-arvalstim","8":"tag-aktualitates","9":"tag-arvalstim","10":"tag-breaking-news","11":"tag-breakingnews","12":"tag-featured-news","13":"tag-featurednews","14":"tag-headlines","15":"tag-latest-news","16":"tag-latestnews","17":"tag-latvia","18":"tag-latvian","19":"tag-latviesu","20":"tag-latviesu-valoda","21":"tag-latviesuvaloda","22":"tag-latvija","23":"tag-latvijas-robezsardzeviltoti-dokumenti","24":"tag-lv","25":"tag-news","26":"tag-popularakas-zinas","27":"tag-popularakaszinas","28":"tag-top-stories","29":"tag-topstories","30":"tag-world","31":"tag-world-news","32":"tag-worldnews","33":"tag-zinas","34":"tag-zinas-no-arvalstim"},"share_on_mastodon":{"url":"https:\/\/pubeurope.com\/@lv\/115905091545306913","error":""},"_links":{"self":[{"href":"https:\/\/www.europesays.com\/lv\/wp-json\/wp\/v2\/posts\/106497","targetHints":{"allow":["GET"]}}],"collection":[{"href":"https:\/\/www.europesays.com\/lv\/wp-json\/wp\/v2\/posts"}],"about":[{"href":"https:\/\/www.europesays.com\/lv\/wp-json\/wp\/v2\/types\/post"}],"author":[{"embeddable":true,"href":"https:\/\/www.europesays.com\/lv\/wp-json\/wp\/v2\/users\/2"}],"replies":[{"embeddable":true,"href":"https:\/\/www.europesays.com\/lv\/wp-json\/wp\/v2\/comments?post=106497"}],"version-history":[{"count":0,"href":"https:\/\/www.europesays.com\/lv\/wp-json\/wp\/v2\/posts\/106497\/revisions"}],"wp:featuredmedia":[{"embeddable":true,"href":"https:\/\/www.europesays.com\/lv\/wp-json\/wp\/v2\/media\/106498"}],"wp:attachment":[{"href":"https:\/\/www.europesays.com\/lv\/wp-json\/wp\/v2\/media?parent=106497"}],"wp:term":[{"taxonomy":"category","embeddable":true,"href":"https:\/\/www.europesays.com\/lv\/wp-json\/wp\/v2\/categories?post=106497"},{"taxonomy":"post_tag","embeddable":true,"href":"https:\/\/www.europesays.com\/lv\/wp-json\/wp\/v2\/tags?post=106497"}],"curies":[{"name":"wp","href":"https:\/\/api.w.org\/{rel}","templated":true}]}}