{"id":106499,"date":"2026-01-16T13:48:08","date_gmt":"2026-01-16T13:48:08","guid":{"rendered":"https:\/\/www.europesays.com\/lv\/106499\/"},"modified":"2026-01-16T13:48:08","modified_gmt":"2026-01-16T13:48:08","slug":"veselibas-ministrs-un-valsts-prezidents-parruna-slimnicu-tikla-attistibas-planu-un-veselibas-nozares-lomu-valsts-drosiba","status":"publish","type":"post","link":"https:\/\/www.europesays.com\/lv\/106499\/","title":{"rendered":"Vesel\u012bbas ministrs un Valsts prezidents p\u0101rrun\u0101 slimn\u012bcu t\u012bkla att\u012bst\u012bbas pl\u0101nu un vesel\u012bbas nozares lomu valsts dro\u0161\u012bb\u0101"},"content":{"rendered":"<p>\u0160odien, 16. janv\u0101r\u012b, R\u012bgas pil\u012b norisin\u0101j\u0101s Valsts prezidenta Edgara Rink\u0113vi\u010da tik\u0161an\u0101s ar vesel\u012bbas ministru Hosamu Abu Meri, kuras laik\u0101 tika p\u0101rrun\u0101tas vesel\u012bbas nozares priorit\u0101tes 2026. gad\u0101 un strat\u0113\u0123iskie m\u0113r\u0137i vesel\u012bbas apr\u016bpes notur\u012bbai un ilgtsp\u0113j\u012bgai att\u012bst\u012bbai. Vesel\u012bbas ministrs sarun\u0101 uzsv\u0113ra, ka iedz\u012bvot\u0101ju vajadz\u012bbas noz\u012bm\u012bgi p\u0101rsniedz valsts bud\u017eeta iesp\u0113jas un ilgsto\u0161ais nepietiekamais finans\u0113jums, person\u0101la izaicin\u0101jumi un pand\u0113mijas sekas ir galvenie c\u0113lo\u0146i vesel\u012bbas pakalpojumu pieejam\u012bbas nodro\u0161in\u0101\u0161anai. <\/p>\n<p>Ministrs ar\u012b uzsv\u0113ra, ka, neraugoties uz \u0161iem izaicin\u0101jumiem, Vesel\u012bbas ministrija cie\u0161\u0101 sadarb\u012bb\u0101 ar nozares organiz\u0101cij\u0101m un ekspertiem str\u0101d\u0101 pie kvalitat\u012bviem uzlabojumiem pa\u0161\u0101 vesel\u012bbas apr\u016bpes sist\u0113m\u0101. <\/p>\n<p>Hosams Abu Meri Valsts prezidentu inform\u0113ja par Ministru kabinet\u0101 \u0161oned\u0113\u013c apstiprin\u0101to informat\u012bvo zi\u0146ojumu par slimn\u012bcu t\u012bkla att\u012bst\u012bbu, kas paredz p\u0101reju uz 3 l\u012bme\u0146u modeli un pak\u0101penisku vesel\u012bbas apr\u016bpes pakalpojumu kvalit\u0101tes, pieejam\u012bbas un efektivit\u0101tes cel\u0161anu vis\u0101 valst\u012b. Ministrs akcent\u0113ja, ka\u00a0 visas valsts slimn\u012bcas turpin\u0101s darbu un p\u0101rmai\u0146u ievie\u0161an\u0101 katru slimn\u012bcu v\u0113rt\u0113s individu\u0101li, \u0146emot v\u0113r\u0101 viet\u0113jo iedz\u012bvot\u0101ju vajadz\u012bbas, re\u0123ion\u0101l\u0101s \u012bpatn\u012bbas un pierobe\u017eas dro\u0161\u012bbas apsv\u0113rumus. Pak\u0101peniski tiks p\u0101rskat\u012bti apr\u016bpes pamatprofili, kvalit\u0101tes r\u0101d\u012bt\u0101ji un pacientu nov\u0113ro\u0161anas krit\u0113riji, lai nodro\u0161in\u0101tu dro\u0161u un efekt\u012bvu apr\u016bpi. Ministrs uzsv\u0113ra, ka p\u0101reja uz trim l\u012bme\u0146iem pal\u012bdz\u0113s ikvienam pacientam skaidri saprast, kur pieejami konkr\u0113ti pakalpojumi un kur nepiecie\u0161ama specializ\u0113ta pal\u012bdz\u012bba.<\/p>\n<p>Pakalpojumu pieejam\u012bbas uzlabo\u0161anai Hosams Abu Meri uzsv\u0113ra nozares digit\u0101lo att\u012bst\u012bbu &#8211; l\u012bdz maija s\u0101kumam notiek p\u0101reja uz piln\u012bb\u0101 digitaliz\u0113tiem e-nos\u016bt\u012bjumiem, bet no \u0161\u0101 gada rudens ar\u012b principa ievie\u0161ana \u201cviens nos\u016bt\u012bjums \u2013 viens pieraksts\u201d. Tas noz\u012bm\u0113, ka vis\u0101m \u0101rstniec\u012bbas iest\u0101d\u0113m, kas pacientu datus apstr\u0101d\u0101 lok\u0101laj\u0101s inform\u0101cijas sist\u0113m\u0101s, ir j\u0101nodro\u0161ina to integr\u0101cija E-vesel\u012bbas sist\u0113mas port\u0101l\u0101. Latvij\u0101 neatteikto viz\u012b\u0161u skaits m\u0113r\u0101ms ap 20% no vis\u0101m viz\u012bt\u0113m, un ar \u0161o risin\u0101jumu pl\u0101nots efekt\u012bv\u0101k organiz\u0113t rindas.<\/p>\n<p>Vesel\u012bbas ministrs inform\u0113ja ar\u012b par 2025. gad\u0101 ieviest\u0101s recep\u0161u z\u0101\u013cu cenu reformas norisi. Vi\u0146\u0161 uzsv\u0113ra, ka izmai\u0146as recep\u0161u z\u0101\u013cu cenu veido\u0161anas model\u012b ir devu\u0161as re\u0101lus ieguvumus pacientiem. Recep\u0161u z\u0101\u013cu izmaksas iedz\u012bvot\u0101jiem p\u0113c reformas kopum\u0101 ir samazin\u0101ju\u0161\u0101s, un Vesel\u012bbas ministrijas dati liecina, ka recep\u0161u medikamentu lietot\u0101jiem izmaksas m\u0113nes\u012b vid\u0113ji saruku\u0161as par aptuveni 13 eiro. T\u0101pat ministrs apliecin\u0101ja, ka l\u012bdz \u0161im nav konstat\u0113tas sist\u0113miskas pieg\u0101\u017eu probl\u0113mas un medikamenti aptiek\u0101s ir pieejami. Savuk\u0101rt no \u0161\u0101 gada vidus paredz\u0113ts, ka valsts segs izmaksas par farmaceita pakalpojumu recep\u0161u z\u0101l\u0113m cen\u0101 l\u012bdz 10 eiro, k\u0101 ar\u012b iedz\u012bvot\u0101jiem ar I grupas invalidit\u0101ti. <\/p>\n<p>T\u0101pat tika p\u0101rrun\u0101ta valsts gatav\u012bba nopietn\u0101m kr\u012bzes situ\u0101cij\u0101m un medikamentu pieg\u0101des dro\u0161\u012bbas jaut\u0101jumi. Ministrs inform\u0113ja Valsts prezidentu par vald\u012bbas atbalst\u012bto kritiski svar\u012bgo medikamentu rezervju izveidi un aktualit\u0101t\u0113m \u0161aj\u0101 jom\u0101. K\u0101 zin\u0101ms, Latvij\u0101 ieviesta vair\u0101ku l\u012bme\u0146u rezervju sist\u0113ma \u2013 m\u0101jsaimniec\u012bbu, iest\u0101\u017eu un valsts l\u012bmen\u012b. Papildus valsts materi\u0101laj\u0101m rezerv\u0113m tiks nodro\u0161in\u0101ts kritiski svar\u012bgo z\u0101\u013cu kr\u0101jums b\u016btisku slim\u012bbu grup\u0101m, tostarp onkolo\u0123ijai, kardiolo\u0123ijai, diab\u0113tam un cit\u0101m dz\u012bv\u012bbai svar\u012bg\u0101m diagnoz\u0113m. Darbs pie normat\u012bv\u0101s b\u0101zes pilnveides turpin\u0101s, lai garant\u0113tu p\u0101rr\u0101vumu risku mazin\u0101\u0161anu un stabilu z\u0101\u013cu pieg\u0101di ar\u012b valsts apdraud\u0113juma gad\u012bjumos. <\/p>\n<p>Vesel\u012bbas ministrs un Valsts prezidents vienoj\u0101s turpin\u0101t cie\u0161u sadarb\u012bbu vesel\u012bbas apr\u016bpes sist\u0113mas ilgtsp\u0113jas un notur\u012bbas stiprin\u0101\u0161an\u0101, akcent\u0113jot, ka gan infrastrukt\u016bras att\u012bst\u012bba, gan medikamentu pieejam\u012bbas uzlabo\u0161ana, k\u0101 ar\u012b efekt\u012bva gatav\u012bba kr\u012bz\u0113m ir b\u016btiski priek\u0161noteikumi sabiedr\u012bbas dro\u0161\u012bbai un labkl\u0101j\u012bbai.<\/p>\n","protected":false},"excerpt":{"rendered":"\u0160odien, 16. janv\u0101r\u012b, R\u012bgas pil\u012b norisin\u0101j\u0101s Valsts prezidenta Edgara Rink\u0113vi\u010da tik\u0161an\u0101s ar vesel\u012bbas ministru Hosamu Abu Meri, kuras&hellip;\n","protected":false},"author":2,"featured_media":106500,"comment_status":"","ping_status":"","sticky":false,"template":"","format":"standard","meta":{"footnotes":""},"categories":[12],"tags":[23,28,29,32,33,22,30,31,35,39,38,36,37,34,40,20,26,27,24,25,21],"class_list":{"0":"post-106499","1":"post","2":"type-post","3":"status-publish","4":"format-standard","5":"has-post-thumbnail","7":"category-latvija","8":"tag-aktualitates","9":"tag-breaking-news","10":"tag-breakingnews","11":"tag-featured-news","12":"tag-featurednews","13":"tag-headlines","14":"tag-latest-news","15":"tag-latestnews","16":"tag-latvia","17":"tag-latvian","18":"tag-latviesu","19":"tag-latviesu-valoda","20":"tag-latviesuvaloda","21":"tag-latvija","22":"tag-lv","23":"tag-news","24":"tag-popularakas-zinas","25":"tag-popularakaszinas","26":"tag-top-stories","27":"tag-topstories","28":"tag-zinas"},"share_on_mastodon":{"url":"https:\/\/pubeurope.com\/@lv\/115905095433786337","error":""},"_links":{"self":[{"href":"https:\/\/www.europesays.com\/lv\/wp-json\/wp\/v2\/posts\/106499","targetHints":{"allow":["GET"]}}],"collection":[{"href":"https:\/\/www.europesays.com\/lv\/wp-json\/wp\/v2\/posts"}],"about":[{"href":"https:\/\/www.europesays.com\/lv\/wp-json\/wp\/v2\/types\/post"}],"author":[{"embeddable":true,"href":"https:\/\/www.europesays.com\/lv\/wp-json\/wp\/v2\/users\/2"}],"replies":[{"embeddable":true,"href":"https:\/\/www.europesays.com\/lv\/wp-json\/wp\/v2\/comments?post=106499"}],"version-history":[{"count":0,"href":"https:\/\/www.europesays.com\/lv\/wp-json\/wp\/v2\/posts\/106499\/revisions"}],"wp:featuredmedia":[{"embeddable":true,"href":"https:\/\/www.europesays.com\/lv\/wp-json\/wp\/v2\/media\/106500"}],"wp:attachment":[{"href":"https:\/\/www.europesays.com\/lv\/wp-json\/wp\/v2\/media?parent=106499"}],"wp:term":[{"taxonomy":"category","embeddable":true,"href":"https:\/\/www.europesays.com\/lv\/wp-json\/wp\/v2\/categories?post=106499"},{"taxonomy":"post_tag","embeddable":true,"href":"https:\/\/www.europesays.com\/lv\/wp-json\/wp\/v2\/tags?post=106499"}],"curies":[{"name":"wp","href":"https:\/\/api.w.org\/{rel}","templated":true}]}}