{"id":106502,"date":"2026-01-16T13:55:07","date_gmt":"2026-01-16T13:55:07","guid":{"rendered":"https:\/\/www.europesays.com\/lv\/106502\/"},"modified":"2026-01-16T13:55:07","modified_gmt":"2026-01-16T13:55:07","slug":"volfa-aizver-visus-merkus-un-triumfe-ibu-junioru-kausa-sprinta","status":"publish","type":"post","link":"https:\/\/www.europesays.com\/lv\/106502\/","title":{"rendered":"Volfa aizver visus m\u0113r\u0137us un triumf\u0113 IBU junioru kausa sprint\u0101"},"content":{"rendered":"<p>Tikm\u0113r junioriem desmit kilometru sprint\u0101 Rihards Lozbers bija 12. viet\u0101, Daniels Koda\u013cevs nosl\u0113dza pirmo divdesmitnieku, Adrians M\u0101ris \u0160\u0146ori\u0146\u0161 un Kristi\u0101ns Karlsbergs bija 27. un 28. poz\u012bcij\u0101, Ernests Solovjovs fini\u0161\u0113ja 33., R\u016bdolfs Raudzi\u0146\u0161 \u2013 46., bet Mat\u012bss Meir\u0101ns bija 50. viet\u0101 79 sportistu konkurenc\u0113.<\/p>\n<p>Volfa, kura tre\u0161dien sprint\u0101 bija otr\u0101, piektdien \u0161\u0101va nek\u013c\u016bd\u012bgi, fini\u0161\u0113jot 22 min\u016bt\u0113s un 31,5 sekund\u0113s. Otro vietu izc\u012bn\u012bja ukrainiete Tetjana Tarasjuka, kura ar\u012b aizv\u0113ra visus m\u0113r\u0137us, un Volfai zaud\u0113ja vienu min\u016bti un 15,2 sekundes. V\u0113l 45 sekundes l\u0113n\u0101ka bija tre\u0161o poz\u012bciju guvus\u012b ukrainiete Kesnija Prihodko, kura m\u0113roja vienu soda apli.<\/p>\n<p>Volfai bija ar\u012b \u0101tr\u0101kais sl\u0113pojums distanc\u0113, 38 sekundes lab\u0101ks par otru \u0101tr\u0101ko sportisti. Tre\u0161\u0101 \u0101tr\u0101k\u0101 bija Bleidele, ta\u010du se\u0161i soda ap\u013ci vi\u0146ai liedza c\u012b\u0146u par pjedest\u0101lu.<\/p>\n<p>T\u0101pat k\u0101 Volfa, \u0161au\u0161an\u0101 prec\u012bza bija ar\u012b Kolna, Djatkovi\u010dai bija viena k\u013c\u016bda, Alzi\u0146ai \u2013 divas, bet Boro\u0146enko un Kalni\u0146ai \u2013 pa tr\u012bs.<\/p>\n<p>Junioriem uzvar\u0113ja horv\u0101ts Matija Legovi\u010ds, \u0161autuv\u0113 k\u013c\u016bdoties vienu reizi un fini\u0161\u0113jot 25 min\u016bt\u0113s un 10,5 sekund\u0113s. Lozberam bija otrs \u0101tr\u0101kais sl\u0113pojums tras\u0113, ta\u010du tr\u012bs soda ap\u013cu d\u0113\u013c vi\u0146\u0161 no uzvar\u0113t\u0101ja atpalika vienu min\u016bti un 35,2 sekundes.<\/p>\n<p class=\"ad-desc ad-desc-main\">Saturs turpin\u0101s p\u0113c rekl\u0101mas<\/p>\n<p class=\"ad-desc ad-desc-sec\">Rekl\u0101ma<\/p>\n<p>No p\u0101r\u0113jiem latvie\u0161iem ugunsl\u012bnij\u0101 Solovjovs k\u013c\u016bd\u012bj\u0101s vienu reizi, \u0160\u0146ori\u0146\u0161 \u2013 divas, Koda\u013cevs un Karlsbergs \u2013 pa tr\u012bs, Raudzi\u0146\u0161 \u2013 \u010detras reizes, bet Meir\u0101ns \u2013 se\u0161as.<\/p>\n<p>Sestdien paredz\u0113tas sacens\u012bbas ar kop\u0113ju startu.<\/p>\n<p>Latviju IBU Junioru kausa posm\u0101 p\u0101rst\u0101v 14 sportisti, tostarp olimpiskaj\u0101 sast\u0101v\u0101 iek\u013cautie Estere Volfa un Rihards Lozbers.<\/p>\n<p>Madonas posm\u0101 start\u0113s sportisti no Ukrainas, \u010cehijas, Austrijas, Slov\u0113nijas, Slov\u0101kijas, Lietuvas, Lielbrit\u0101nijas, Bulg\u0101rijas, Polijas, Igaunijas, Bosnijas un Hercegovinas, Horv\u0101tijas, Zieme\u013cma\u0137edonijas, Latvijas, Braz\u012blijas, ASV, Taiv\u0101nas un Moldovas.<\/p>\n<p>Latvijas izlases sast\u0101vs IBU junioru kaus\u0101 Madon\u0101:<\/p>\n<p>Estere Volfa, Elza Bleidele, Laura Alzi\u0146a, Mart\u012bne Djatkovi\u010da, Enia Kalni\u0146a, Je\u013cizaveta Boro\u0146enko, Keita Kolna, Rihards Lozbers, Daniels Koda\u013cevs, Mat\u012bss Meir\u0101ns, Adrians M\u0101ris \u0160\u0146ori\u0146\u0161, Ernests Solovjovs, Kristi\u0101ns Karlsbergs, R\u016bdolfs Raudzi\u0146\u0161.<\/p>\n<p class=\"tv3-fw-500\">Zi\u0146o par k\u013c\u016bdu rakst\u0101<\/p>\n<p class=\"d-md-block d-none\">Iez\u012bm\u0113 k\u013c\u016bdaino tekstu un spied Ctrl+Enter.<\/p>\n<p class=\"d-md-none d-block\">Iez\u012bm\u0113 k\u013c\u016bdaino tekstu un zi\u0146o par to!<\/p>\n","protected":false},"excerpt":{"rendered":"Tikm\u0113r junioriem desmit kilometru sprint\u0101 Rihards Lozbers bija 12. viet\u0101, Daniels Koda\u013cevs nosl\u0113dza pirmo divdesmitnieku, Adrians M\u0101ris \u0160\u0146ori\u0146\u0161&hellip;\n","protected":false},"author":2,"featured_media":106503,"comment_status":"","ping_status":"","sticky":false,"template":"","format":"standard","meta":{"footnotes":""},"categories":[5],"tags":[23,25438,28,29,32,33,22,30,31,35,39,38,36,37,34,40,20,26,27,24,25,21],"class_list":{"0":"post-106502","1":"post","2":"type-post","3":"status-publish","4":"format-standard","5":"has-post-thumbnail","7":"category-aktualitates","8":"tag-aktualitates","9":"tag-biatlonisteestere-volfastarptautiska-biatlona-savieniba-ibu","10":"tag-breaking-news","11":"tag-breakingnews","12":"tag-featured-news","13":"tag-featurednews","14":"tag-headlines","15":"tag-latest-news","16":"tag-latestnews","17":"tag-latvia","18":"tag-latvian","19":"tag-latviesu","20":"tag-latviesu-valoda","21":"tag-latviesuvaloda","22":"tag-latvija","23":"tag-lv","24":"tag-news","25":"tag-popularakas-zinas","26":"tag-popularakaszinas","27":"tag-top-stories","28":"tag-topstories","29":"tag-zinas"},"share_on_mastodon":{"url":"https:\/\/pubeurope.com\/@lv\/115905122947833987","error":""},"_links":{"self":[{"href":"https:\/\/www.europesays.com\/lv\/wp-json\/wp\/v2\/posts\/106502","targetHints":{"allow":["GET"]}}],"collection":[{"href":"https:\/\/www.europesays.com\/lv\/wp-json\/wp\/v2\/posts"}],"about":[{"href":"https:\/\/www.europesays.com\/lv\/wp-json\/wp\/v2\/types\/post"}],"author":[{"embeddable":true,"href":"https:\/\/www.europesays.com\/lv\/wp-json\/wp\/v2\/users\/2"}],"replies":[{"embeddable":true,"href":"https:\/\/www.europesays.com\/lv\/wp-json\/wp\/v2\/comments?post=106502"}],"version-history":[{"count":0,"href":"https:\/\/www.europesays.com\/lv\/wp-json\/wp\/v2\/posts\/106502\/revisions"}],"wp:featuredmedia":[{"embeddable":true,"href":"https:\/\/www.europesays.com\/lv\/wp-json\/wp\/v2\/media\/106503"}],"wp:attachment":[{"href":"https:\/\/www.europesays.com\/lv\/wp-json\/wp\/v2\/media?parent=106502"}],"wp:term":[{"taxonomy":"category","embeddable":true,"href":"https:\/\/www.europesays.com\/lv\/wp-json\/wp\/v2\/categories?post=106502"},{"taxonomy":"post_tag","embeddable":true,"href":"https:\/\/www.europesays.com\/lv\/wp-json\/wp\/v2\/tags?post=106502"}],"curies":[{"name":"wp","href":"https:\/\/api.w.org\/{rel}","templated":true}]}}