{"id":106506,"date":"2026-01-16T14:01:08","date_gmt":"2026-01-16T14:01:08","guid":{"rendered":"https:\/\/www.europesays.com\/lv\/106506\/"},"modified":"2026-01-16T14:01:08","modified_gmt":"2026-01-16T14:01:08","slug":"estere-volfa-parliecinosi-uzvar-ibu-junioru-kausa-sprinta-madona-jauns-lv","status":"publish","type":"post","link":"https:\/\/www.europesays.com\/lv\/106506\/","title":{"rendered":"Estere Volfa p\u0101rliecino\u0161i uzvar IBU junioru kausa sprint\u0101 Madon\u0101 &#8211; Jauns.lv"},"content":{"rendered":"<ol>\n<li><a href=\"https:\/\/news.google.com\/rss\/articles\/CBMipAFBVV95cUxPekotenp5V3BjSzFOcDRkZEJ0T2ZhblVKT1NzRUZIaFZZQzRuYmthb2h3djhBaFNySUN0S0swaVVZNk0yREJqOVNaeUNxZGxxMFRFS1JZdVNrUHB3T0oyb1k1STkwR0F3Z0hYeUdNMEJGQzNSN055UUdsQy1pY2hGcUlNOVRVcEZBdnhvUEFXbUppU2VpSlhGaUdXajB5U04wTHhhMA?oc=5\" target=\"_blank\" rel=\"nofollow noopener\">Estere Volfa p\u0101rliecino\u0161i uzvar IBU junioru kausa sprint\u0101 Madon\u0101<\/a>&nbsp;&nbsp;Jauns.lv<\/li>\n<li><a href=\"https:\/\/news.google.com\/rss\/articles\/CBMi1AFBVV95cUxNendoY0tVaTRKMDFUaFJyNVlsa2s3VXFFMDFsNEk5QlJqMW5KVnBkZTFmV2dhUHpubmlsSlNqd2tISzMwcUYwSUJ6eTFHYjlTSDRoQ043aE5zS0VSR1R0eXNuRjFWOG1sZk1VTzMzbHNaU29FRXVUeW9TcnZCSThEM0paVE15Tng1TXc3YlU4Vy1zX1g5WlBnQTc4YXk4aDM2ellLd0dod0RCb3QyOGZTbXUtWm51dVZnT2NBXzlEZjhESVBqSUtEM21TNEhTbjh5VnFUaA?oc=5\" target=\"_blank\" rel=\"nofollow noopener\">Biatloniste Volfa dro\u0161i uzvar starptautisk\u0101s junioru kausa sacens\u012bb\u0101s Madon\u0101 \/ Raksts<\/a>&nbsp;&nbsp;LSM<\/li>\n<li><a href=\"https:\/\/news.google.com\/rss\/articles\/CBMilAFBVV95cUxPWVByS2V3aERkM1FGMlcySENMLWxGeGtvbFNITTM2RG9nY3BBdTlXUU5tdXdsdWJacHdvTG56SHRWY1VkSEdHYzEzVUhIZW9jdGZzQzBYbFNuQmc4U1pOS0Jyd1o4el9BZm1jcl93ZW9RUU1kRV9ndXpDb3JmVGlwaGV3Y0c1dzNqZGlhZFF5V0pJd0ZZ?oc=5\" target=\"_blank\" rel=\"nofollow noopener\">Estere Volfa izc\u012bna sudrabu IBU Junioru kaus\u0101 Madon\u0101<\/a>&nbsp;&nbsp;Jauns.lv<\/li>\n<li><a href=\"https:\/\/news.google.com\/rss\/articles\/CBMinwFBVV95cUxOd3lidHpScnBmNGtmNWpPTTl1OEFCWjVKeHhDOHRqelEtUVNtUGxBSTE5ZFZybk9aM2V6LW9rU0ZwSnd5SHFuMEc4Z3NuN1cxOGZyalRFVTJ2WGQtSTkxaWgyeFJGT1lpcW5jVEpCM19KTi1WUjdkQktocENjZGd3MFlzUVJ3bzhWZ0Q5QXVmUlBYR1dfUU5acW9zQ01WWTA?oc=5\" target=\"_blank\" rel=\"nofollow noopener\">Volfa: &#8220;Man pa\u0161ai PK rezult\u0101ti \u0161\u0137iet svar\u012bg\u0101ki, ta\u010du meda\u013ca ir kaut kas taust\u0101ms&#8221; \u2013 Ziemas sports<\/a>&nbsp;&nbsp;Sportacentrs.com<\/li>\n<li><a href=\"https:\/\/news.google.com\/rss\/articles\/CBMitwFBVV95cUxPNE5obktUM21uSlhNWEdVaDAwYXJDTXU2Y1puR29nTk9MYk9KZXlfd1NuRE9ucHJ2SzdqTlhwb0tweHktUEFwMGVSbTRxR253VVR1MUJWWmVvWUJnaVc5dFBSQkpQdWZCd05KZE90SnI2aEVfeUZhQzRvanJTT2lwVnZUeFBXVXZaYmdSQUN4dDhNbHFObFJkeGtRN0s3dFhkNmlhdy15dHAzU21MTWxfeldqc2hYR0U?oc=5\" target=\"_blank\" rel=\"nofollow noopener\">Madon\u0101 s\u0101cies IBU Junioru kausa posms biatlon\u0101; start\u0113 ar\u012b jaunie olimpie\u0161i<\/a>&nbsp;&nbsp;Lente.lv<\/li>\n<\/ol>\n","protected":false},"excerpt":{"rendered":"Estere Volfa p\u0101rliecino\u0161i uzvar IBU junioru kausa sprint\u0101 Madon\u0101&nbsp;&nbsp;Jauns.lv Biatloniste Volfa dro\u0161i uzvar starptautisk\u0101s junioru kausa sacens\u012bb\u0101s Madon\u0101&hellip;\n","protected":false},"author":2,"featured_media":106507,"comment_status":"","ping_status":"","sticky":false,"template":"","format":"standard","meta":{"footnotes":""},"categories":[5],"tags":[23,28,29,32,33,22,30,31,35,39,38,36,37,34,40,20,26,27,24,25,21],"class_list":{"0":"post-106506","1":"post","2":"type-post","3":"status-publish","4":"format-standard","5":"has-post-thumbnail","7":"category-aktualitates","8":"tag-aktualitates","9":"tag-breaking-news","10":"tag-breakingnews","11":"tag-featured-news","12":"tag-featurednews","13":"tag-headlines","14":"tag-latest-news","15":"tag-latestnews","16":"tag-latvia","17":"tag-latvian","18":"tag-latviesu","19":"tag-latviesu-valoda","20":"tag-latviesuvaloda","21":"tag-latvija","22":"tag-lv","23":"tag-news","24":"tag-popularakas-zinas","25":"tag-popularakaszinas","26":"tag-top-stories","27":"tag-topstories","28":"tag-zinas"},"share_on_mastodon":{"url":"https:\/\/pubeurope.com\/@lv\/115905146631030722","error":""},"_links":{"self":[{"href":"https:\/\/www.europesays.com\/lv\/wp-json\/wp\/v2\/posts\/106506","targetHints":{"allow":["GET"]}}],"collection":[{"href":"https:\/\/www.europesays.com\/lv\/wp-json\/wp\/v2\/posts"}],"about":[{"href":"https:\/\/www.europesays.com\/lv\/wp-json\/wp\/v2\/types\/post"}],"author":[{"embeddable":true,"href":"https:\/\/www.europesays.com\/lv\/wp-json\/wp\/v2\/users\/2"}],"replies":[{"embeddable":true,"href":"https:\/\/www.europesays.com\/lv\/wp-json\/wp\/v2\/comments?post=106506"}],"version-history":[{"count":0,"href":"https:\/\/www.europesays.com\/lv\/wp-json\/wp\/v2\/posts\/106506\/revisions"}],"wp:featuredmedia":[{"embeddable":true,"href":"https:\/\/www.europesays.com\/lv\/wp-json\/wp\/v2\/media\/106507"}],"wp:attachment":[{"href":"https:\/\/www.europesays.com\/lv\/wp-json\/wp\/v2\/media?parent=106506"}],"wp:term":[{"taxonomy":"category","embeddable":true,"href":"https:\/\/www.europesays.com\/lv\/wp-json\/wp\/v2\/categories?post=106506"},{"taxonomy":"post_tag","embeddable":true,"href":"https:\/\/www.europesays.com\/lv\/wp-json\/wp\/v2\/tags?post=106506"}],"curies":[{"name":"wp","href":"https:\/\/api.w.org\/{rel}","templated":true}]}}