{"id":106516,"date":"2026-01-16T14:13:20","date_gmt":"2026-01-16T14:13:20","guid":{"rendered":"https:\/\/www.europesays.com\/lv\/106516\/"},"modified":"2026-01-16T14:13:20","modified_gmt":"2026-01-16T14:13:20","slug":"aukstums-pastiprinasies-brivdienas-gaidams-stiprs-sals","status":"publish","type":"post","link":"https:\/\/www.europesays.com\/lv\/106516\/","title":{"rendered":"Aukstums pastiprin\u0101sies \u2013 br\u012bvdien\u0101s gaid\u0101ms stiprs sals &#8211;"},"content":{"rendered":"<p style=\"text-align: justify;\">Piektdiena b\u016bs liel\u0101koties m\u0101ko\u0146aina, tom\u0113r debesis palaikam skaidrosies, un nokri\u0161\u0146i nav gaid\u0101mi, v\u0113sta Latvijas Vides, \u0123eolo\u0123ijas un meteorolo\u0123ijas centr\u0101.<\/p>\n<p style=\"text-align: justify;\">P\u016bt\u012bs l\u0113ns l\u012bdz m\u0113rens dienvidu, dienvidaustrumu v\u0113j\u0161, kas vakar\u0101 l\u012b\u010da rietumu piekrast\u0113 k\u013c\u016bs br\u0101zmains. Gaisa temperat\u016bra nakt\u012b gaid\u0101ma -5\u2026-10 gr\u0101di, austrumu rajonos -10\u2026-15 gr\u0101di, Latgal\u0113 pat -15\u2026-20 gr\u0101di. Diena b\u016bs silt\u0101ka ar gaisa temperat\u016bru -3\u2026-8 gr\u0101di, savuk\u0101rt austrumu rajonos gaisa temperat\u016bra neb\u016bs augst\u0101ka par -9\u2026-14 gr\u0101diem.<\/p>\n<p style=\"text-align: justify;\">Br\u012bvdien\u0101s\u00a0debesis b\u016bs da\u013c\u0113ji m\u0101ko\u0146ainas. Saglab\u0101sies l\u0113ns l\u012bdz m\u0113rens dienvidu, dienvidaustrumu v\u0113j\u0161. Dien\u0101s gaiss neiesils vair\u0101k par -6 gr\u0101diem, nakt\u012bs austrumu rajonos atdziestot pat l\u012bdz -19 gr\u0101diem.<\/p>\n<p style=\"text-align: justify;\">N\u0101kam\u0101s ned\u0113\u013cas pirmaj\u0101 pus\u0113, iepl\u016bstot aukst\u0101kai gaisa masai, gaisa temperat\u016bra da\u017eviet b\u016bs v\u0113l par da\u017eiem gr\u0101diem zem\u0101ka nek\u0101 dien\u0101s iepriek\u0161. Pirmdienas un otrdienas nakt\u012bs pla\u0161\u0101k\u0101 teritorijas da\u013c\u0101 gaid\u0101ms stiprs sals \u2013 minim\u0101l\u0101 gaisa temperat\u016bra sasniegs -20\u2026-24 gr\u0101dus. V\u0113j\u0161 gan p\u016bt\u012bs l\u0113ni l\u012bdz m\u0113reni un laiks joproj\u0101m b\u016bs sauss \u2013 dienas aizrit\u0113s bez iev\u0113rojamiem nokri\u0161\u0146iem.<\/p>\n<p style=\"text-align: justify;\"><a style=\"color: #800000;\" href=\"https:\/\/bnn.lv\/silinas-demisiju-pieprasa-jau-piekto-reizi-premjere-atkal-iztur-balsojumu-69117\" rel=\"nofollow noopener\" target=\"_blank\">Lasiet ar\u012b: Sili\u0146as demisiju pieprasa jau piekto reizi \u2013 premjere atkal iztur balsojumu<\/a><\/p>\n","protected":false},"excerpt":{"rendered":"Piektdiena b\u016bs liel\u0101koties m\u0101ko\u0146aina, tom\u0113r debesis palaikam skaidrosies, un nokri\u0161\u0146i nav gaid\u0101mi, v\u0113sta Latvijas Vides, \u0123eolo\u0123ijas un meteorolo\u0123ijas&hellip;\n","protected":false},"author":2,"featured_media":106517,"comment_status":"","ping_status":"","sticky":false,"template":"","format":"standard","meta":{"footnotes":""},"categories":[5],"tags":[23,28,29,32,33,22,30,31,35,39,38,36,37,34,40,20,26,27,24,25,21],"class_list":{"0":"post-106516","1":"post","2":"type-post","3":"status-publish","4":"format-standard","5":"has-post-thumbnail","7":"category-aktualitates","8":"tag-aktualitates","9":"tag-breaking-news","10":"tag-breakingnews","11":"tag-featured-news","12":"tag-featurednews","13":"tag-headlines","14":"tag-latest-news","15":"tag-latestnews","16":"tag-latvia","17":"tag-latvian","18":"tag-latviesu","19":"tag-latviesu-valoda","20":"tag-latviesuvaloda","21":"tag-latvija","22":"tag-lv","23":"tag-news","24":"tag-popularakas-zinas","25":"tag-popularakaszinas","26":"tag-top-stories","27":"tag-topstories","28":"tag-zinas"},"share_on_mastodon":{"url":"https:\/\/pubeurope.com\/@lv\/115905193738679568","error":""},"_links":{"self":[{"href":"https:\/\/www.europesays.com\/lv\/wp-json\/wp\/v2\/posts\/106516","targetHints":{"allow":["GET"]}}],"collection":[{"href":"https:\/\/www.europesays.com\/lv\/wp-json\/wp\/v2\/posts"}],"about":[{"href":"https:\/\/www.europesays.com\/lv\/wp-json\/wp\/v2\/types\/post"}],"author":[{"embeddable":true,"href":"https:\/\/www.europesays.com\/lv\/wp-json\/wp\/v2\/users\/2"}],"replies":[{"embeddable":true,"href":"https:\/\/www.europesays.com\/lv\/wp-json\/wp\/v2\/comments?post=106516"}],"version-history":[{"count":0,"href":"https:\/\/www.europesays.com\/lv\/wp-json\/wp\/v2\/posts\/106516\/revisions"}],"wp:featuredmedia":[{"embeddable":true,"href":"https:\/\/www.europesays.com\/lv\/wp-json\/wp\/v2\/media\/106517"}],"wp:attachment":[{"href":"https:\/\/www.europesays.com\/lv\/wp-json\/wp\/v2\/media?parent=106516"}],"wp:term":[{"taxonomy":"category","embeddable":true,"href":"https:\/\/www.europesays.com\/lv\/wp-json\/wp\/v2\/categories?post=106516"},{"taxonomy":"post_tag","embeddable":true,"href":"https:\/\/www.europesays.com\/lv\/wp-json\/wp\/v2\/tags?post=106516"}],"curies":[{"name":"wp","href":"https:\/\/api.w.org\/{rel}","templated":true}]}}