{"id":106520,"date":"2026-01-16T14:18:14","date_gmt":"2026-01-16T14:18:14","guid":{"rendered":"https:\/\/www.europesays.com\/lv\/106520\/"},"modified":"2026-01-16T14:18:14","modified_gmt":"2026-01-16T14:18:14","slug":"elina-didrihsone-stambula-veiks-plastisko-operaciju-2","status":"publish","type":"post","link":"https:\/\/www.europesays.com\/lv\/106520\/","title":{"rendered":"El\u012bna Didrihsone Stambul\u0101 veiks plastisko oper\u0101ciju"},"content":{"rendered":"<p>Vi\u0146a nor\u0101da, ka vien\u012bg\u0101s papildu izmaksas biju\u0161as aviobi\u013cetes, jo oper\u0101cijas cen\u0101 jau iek\u013cauts pilns pakalpojumu kl\u0101sts \u2014 pati oper\u0101cija, uztur\u0113\u0161an\u0101s vill\u0101, medikamenti, transf\u0113rs, p\u0101rs\u0113ji un konsult\u0101cijas. El\u012bna piebilst, ka Latvij\u0101 l\u012bdz\u012bga oper\u0101cija izmaks\u0101tu vismaz piecus t\u016bksto\u0161us eiro, turkl\u0101t par katru papildu pakalpojumu, piem\u0113ram, p\u0101rs\u0113jiem, uztur\u0113\u0161anos slimn\u012bc\u0101 vai \u0101rsta viz\u012bt\u0113m, b\u016btu j\u0101maks\u0101 atsevi\u0161\u0137i.<\/p>\n","protected":false},"excerpt":{"rendered":"Vi\u0146a nor\u0101da, ka vien\u012bg\u0101s papildu izmaksas biju\u0161as aviobi\u013cetes, jo oper\u0101cijas cen\u0101 jau iek\u013cauts pilns pakalpojumu kl\u0101sts \u2014 pati&hellip;\n","protected":false},"author":2,"featured_media":105737,"comment_status":"","ping_status":"","sticky":false,"template":"","format":"standard","meta":{"footnotes":""},"categories":[12],"tags":[23,28,29,32,33,22,30,31,35,39,38,36,37,34,40,20,26,27,24,25,21],"class_list":{"0":"post-106520","1":"post","2":"type-post","3":"status-publish","4":"format-standard","5":"has-post-thumbnail","7":"category-latvija","8":"tag-aktualitates","9":"tag-breaking-news","10":"tag-breakingnews","11":"tag-featured-news","12":"tag-featurednews","13":"tag-headlines","14":"tag-latest-news","15":"tag-latestnews","16":"tag-latvia","17":"tag-latvian","18":"tag-latviesu","19":"tag-latviesu-valoda","20":"tag-latviesuvaloda","21":"tag-latvija","22":"tag-lv","23":"tag-news","24":"tag-popularakas-zinas","25":"tag-popularakaszinas","26":"tag-top-stories","27":"tag-topstories","28":"tag-zinas"},"share_on_mastodon":{"url":"https:\/\/pubeurope.com\/@lv\/115905213609925218","error":""},"_links":{"self":[{"href":"https:\/\/www.europesays.com\/lv\/wp-json\/wp\/v2\/posts\/106520","targetHints":{"allow":["GET"]}}],"collection":[{"href":"https:\/\/www.europesays.com\/lv\/wp-json\/wp\/v2\/posts"}],"about":[{"href":"https:\/\/www.europesays.com\/lv\/wp-json\/wp\/v2\/types\/post"}],"author":[{"embeddable":true,"href":"https:\/\/www.europesays.com\/lv\/wp-json\/wp\/v2\/users\/2"}],"replies":[{"embeddable":true,"href":"https:\/\/www.europesays.com\/lv\/wp-json\/wp\/v2\/comments?post=106520"}],"version-history":[{"count":0,"href":"https:\/\/www.europesays.com\/lv\/wp-json\/wp\/v2\/posts\/106520\/revisions"}],"wp:featuredmedia":[{"embeddable":true,"href":"https:\/\/www.europesays.com\/lv\/wp-json\/wp\/v2\/media\/105737"}],"wp:attachment":[{"href":"https:\/\/www.europesays.com\/lv\/wp-json\/wp\/v2\/media?parent=106520"}],"wp:term":[{"taxonomy":"category","embeddable":true,"href":"https:\/\/www.europesays.com\/lv\/wp-json\/wp\/v2\/categories?post=106520"},{"taxonomy":"post_tag","embeddable":true,"href":"https:\/\/www.europesays.com\/lv\/wp-json\/wp\/v2\/tags?post=106520"}],"curies":[{"name":"wp","href":"https:\/\/api.w.org\/{rel}","templated":true}]}}