{"id":106521,"date":"2026-01-16T14:19:07","date_gmt":"2026-01-16T14:19:07","guid":{"rendered":"https:\/\/www.europesays.com\/lv\/106521\/"},"modified":"2026-01-16T14:19:07","modified_gmt":"2026-01-16T14:19:07","slug":"barikadem-35-veltita-konference","status":"publish","type":"post","link":"https:\/\/www.europesays.com\/lv\/106521\/","title":{"rendered":"Barik\u0101d\u0113m &#8211; 35 velt\u012bt\u0101 konference"},"content":{"rendered":"<p>\u0160ogad aprit 35 gadi kop\u0161 1991.gada janv\u0101ra barik\u0101d\u0113m, kad Latvijas neatkar\u012bbas atbalst\u012bt\u0101ji nevardarb\u012bg\u0101 ce\u013c\u0101\u00a0 milit\u0101ru draudu apst\u0101k\u013cos aizst\u0101v\u0113ja atjaunoto valsti. Godinot \u0161os Latvijas v\u0113stur\u0113 noz\u012bm\u012bgos notikumus 16.janv\u0101r\u012b, Saeim\u0101 norisin\u0101j\u0101s barik\u0101\u017eu 35.gadadienai velt\u012bta konference \u201c1991.gada janv\u0101ra barik\u0101des k\u0101 tautas pretest\u012bbas totalit\u0101rajam re\u017e\u012bmam izpausme un m\u0101c\u012bbas m\u016bsdien\u0101m\u201d. Taj\u0101 v\u0113sturnieki, ties\u012bbu un dro\u0161\u012bbas eksperti akcent\u0113ja barik\u0101\u017eu pieredzi k\u0101 unik\u0101lu nevardarb\u012bgas tautas pretest\u012bbas piem\u0113ru, kas kalpojis par pamatu m\u016bsdienu Latvijas valstiskuma un aizsardz\u012bbas sp\u0113ju stiprin\u0101\u0161anai.<\/p>\n<p>Konferenci atkl\u0101ja Saeimas priek\u0161s\u0113d\u0113t\u0101ja Daiga Mieri\u0146a, Valsts prezidents Edgars Rink\u0113vi\u010ds un Ministru prezidente Evika Sili\u0146a. Kl\u0101teso\u0161os uzrun\u0101ja ar\u012b Saeimas priek\u0161s\u0113d\u0113t\u0101jas biedre Zanda Kalni\u0146a-Luka\u0161evica un 4.maija deklar\u0101cijas kluba prezidente Velta \u010cebotarenoka. Konferences atkl\u0101\u0161anu moder\u0113ja 1991.gada barik\u0101\u017eu dal\u012bbnieku kluba prezidents Ren\u0101rs Za\u013cais.<\/p>\n<p>Konferences pirmaj\u0101 da\u013c\u0101 analiz\u0113ja barik\u0101\u017eu nacion\u0101lo un starptautisko noz\u012bmi, to organiz\u0101ciju, tautas gara pac\u0113lumu un ieguld\u012bjumu Latvijas dro\u0161\u012bbas pamatu veido\u0161an\u0101. Taj\u0101 zi\u0146oja Valsts prezidents (2019\u20132023) Egils Levits, Augst\u0101k\u0101s padomes Aizsardz\u012bbas un iek\u0161lietu komisijas priek\u0161s\u0113d\u0113t\u0101js barik\u0101\u017eu laik\u0101 T\u0101lavs Jundzis un Latvijas Tautas frontes priek\u0161s\u0113d\u0113t\u0101js (1990\u20131992) Romualds Ra\u017euks. Diskusij\u0101 piedal\u012bsies ar\u012b filozofe, Latvijas Universit\u0101tes Humanit\u0101ro zin\u0101t\u0146u fakult\u0101tes Filozofijas un sociolo\u0123ijas instit\u016bta vado\u0161\u0101 p\u0113tniece Maija K\u016ble un Augst\u0101k\u0101s padomes Aizsardz\u012bbas \u0161t\u0101ba dal\u012bbnieks 1991.gada janv\u0101r\u012b \u0122irts Valdis Kristovskis. Diskusiju vad\u012bja \u017eurn\u0101lists, 1991.gada barik\u0101\u017eu dal\u012bbnieks Eduards Lini\u0146\u0161.<\/p>\n<p>Savuk\u0101rt konferences otraj\u0101 da\u013c\u0101 uzman\u012bba tika piev\u0113rsta nevardarb\u012bg\u0101s preto\u0161an\u0101s tiesiskajiem, v\u0113sturiskajiem un milit\u0101rajiem aspektiem, sabiedr\u012bbas lomai un gatav\u012bbai nemilit\u0101rai pretest\u012bbai kara vai pagaidu okup\u0101cijas apst\u0101k\u013cos. Diskusij\u0101 piedal\u012bsies Eiropas Savien\u012bbas Tiesas tiesnese Ineta Ziemele, v\u0113sturnieks un Latvijas Universit\u0101tes Latvijas v\u0113stures instit\u016bta vado\u0161ais p\u0113tnieks Guntis Zem\u012btis, Latvijas Nacion\u0101l\u0101s aizsardz\u012bbas akad\u0113mijas vado\u0161\u0101 p\u0113tniece Ieva B\u0113rzi\u0146a un dro\u0161\u012bbas eksperts, R\u012bgas Stradi\u0146a universit\u0101tes p\u0113tnieks Vit\u0101lijs Raksti\u0146\u0161. Diskusiju vad\u012bja v\u0113sturnieks, Vidzemes Augstskolas vado\u0161ais p\u0113tnieks Gatis Kr\u016bmi\u0146\u0161.\u00a0<\/p>\n<p><a href=\"https:\/\/www.saeima.lv\/lv\/aktualitates\/saeimas-zinas\/35410-barikazu-35-gadadienas-konference-saeima-uzsver-sabiedribas-saliedetibu-drosmi-un-barikazu-mantojuma-nozimi-ari-musdienas\" rel=\"nofollow noopener\" target=\"_blank\">Barik\u0101\u017eu 35.gadadienas konferenc\u0113 Saeim\u0101 uzsver sabiedr\u012bbas salied\u0113t\u012bbu, drosmi un barik\u0101\u017eu mantojuma noz\u012bmi ar\u012b m\u016bsdien\u0101s<\/a><\/p>\n<p>Konferences materi\u0101li:<\/p>\n<p><a href=\"http:\/\/video.tiesraides.lv\/flv\/live\/20260116131101_saeima.lv.3_0_0.mp4\" rel=\"nofollow noopener\" target=\"_blank\">1.da\u013cas<\/a> videoieraksts<\/p>\n<p><a href=\"https:\/\/video.tiesraides.lv\/flv\/live\/20260116153801_saeima.lv.3_0.mp4\" rel=\"nofollow noopener\" target=\"_blank\">2.da\u013cas<\/a> videoieraksts<\/p>\n<p><a href=\"https:\/\/www.flickr.com\/photos\/saeima\/albums\/72177720331470470\" target=\"_blank\" rel=\"nofollow noopener\">Foto<\/a><\/p>\n","protected":false},"excerpt":{"rendered":"\u0160ogad aprit 35 gadi kop\u0161 1991.gada janv\u0101ra barik\u0101d\u0113m, kad Latvijas neatkar\u012bbas atbalst\u012bt\u0101ji nevardarb\u012bg\u0101 ce\u013c\u0101\u00a0 milit\u0101ru draudu apst\u0101k\u013cos aizst\u0101v\u0113ja&hellip;\n","protected":false},"author":2,"featured_media":23584,"comment_status":"","ping_status":"","sticky":false,"template":"","format":"standard","meta":{"footnotes":""},"categories":[5],"tags":[23,28,29,32,33,22,30,31,35,39,38,36,37,34,40,20,26,27,24,25,21],"class_list":{"0":"post-106521","1":"post","2":"type-post","3":"status-publish","4":"format-standard","5":"has-post-thumbnail","7":"category-aktualitates","8":"tag-aktualitates","9":"tag-breaking-news","10":"tag-breakingnews","11":"tag-featured-news","12":"tag-featurednews","13":"tag-headlines","14":"tag-latest-news","15":"tag-latestnews","16":"tag-latvia","17":"tag-latvian","18":"tag-latviesu","19":"tag-latviesu-valoda","20":"tag-latviesuvaloda","21":"tag-latvija","22":"tag-lv","23":"tag-news","24":"tag-popularakas-zinas","25":"tag-popularakaszinas","26":"tag-top-stories","27":"tag-topstories","28":"tag-zinas"},"share_on_mastodon":{"url":"https:\/\/pubeurope.com\/@lv\/115905217384860897","error":""},"_links":{"self":[{"href":"https:\/\/www.europesays.com\/lv\/wp-json\/wp\/v2\/posts\/106521","targetHints":{"allow":["GET"]}}],"collection":[{"href":"https:\/\/www.europesays.com\/lv\/wp-json\/wp\/v2\/posts"}],"about":[{"href":"https:\/\/www.europesays.com\/lv\/wp-json\/wp\/v2\/types\/post"}],"author":[{"embeddable":true,"href":"https:\/\/www.europesays.com\/lv\/wp-json\/wp\/v2\/users\/2"}],"replies":[{"embeddable":true,"href":"https:\/\/www.europesays.com\/lv\/wp-json\/wp\/v2\/comments?post=106521"}],"version-history":[{"count":0,"href":"https:\/\/www.europesays.com\/lv\/wp-json\/wp\/v2\/posts\/106521\/revisions"}],"wp:featuredmedia":[{"embeddable":true,"href":"https:\/\/www.europesays.com\/lv\/wp-json\/wp\/v2\/media\/23584"}],"wp:attachment":[{"href":"https:\/\/www.europesays.com\/lv\/wp-json\/wp\/v2\/media?parent=106521"}],"wp:term":[{"taxonomy":"category","embeddable":true,"href":"https:\/\/www.europesays.com\/lv\/wp-json\/wp\/v2\/categories?post=106521"},{"taxonomy":"post_tag","embeddable":true,"href":"https:\/\/www.europesays.com\/lv\/wp-json\/wp\/v2\/tags?post=106521"}],"curies":[{"name":"wp","href":"https:\/\/api.w.org\/{rel}","templated":true}]}}