{"id":106526,"date":"2026-01-16T14:31:07","date_gmt":"2026-01-16T14:31:07","guid":{"rendered":"https:\/\/www.europesays.com\/lv\/106526\/"},"modified":"2026-01-16T14:31:07","modified_gmt":"2026-01-16T14:31:07","slug":"tramps-pie-sasistas-siles-cirks-baltaja-nama-izradijies-bez-laimigam-beigam","status":"publish","type":"post","link":"https:\/\/www.europesays.com\/lv\/106526\/","title":{"rendered":"Tramps pie \u201csasistas siles\u201d: cirks Baltaj\u0101 nam\u0101 izr\u0101d\u012bjies bez laim\u012bg\u0101m beig\u0101m"},"content":{"rendered":"<p>    <img decoding=\"async\" src=\"https:\/\/lastatic.ams3.cdn.digitaloceanspaces.com\/2023\/04\/47RS230405A392.jpg\" alt=\"&#10;76 gadus vecais Tramps ierodas uz tiesu Manheten\u0101, kur padev\u0101s varasiest\u0101d\u0113m. &#10;\"\/><\/p>\n<p>76 gadus vecais Tramps ierodas uz tiesu Manheten\u0101, kur padev\u0101s varasiest\u0101d\u0113m. <\/p>\n<p>Scanpix\/Reuters\/Afp\/Ap\/Epa\n<\/p>\n<p>14:44, 16. janv\u0101ris 2026<\/p>\n<p>Venecu\u0113las opoz\u012bcijas l\u012bdere Marija Korina Ma\u010dado Balt\u0101 nama tik\u0161an\u0101s laik\u0101 Trampam \u201cpasniedza\u201d savu Nobela pr\u0113miju, raksta The Guardian. <\/p>\n<p>        Las\u012bt\u0101kie<br \/>\n        <a data-imagesrc=\"{&quot;300&quot;:&quot;https:\\\/\\\/lastatic.ams3.cdn.digitaloceanspaces.com\\\/2025\\\/12\\\/open-fridge-with-plastic-food-co-300x200.jpg&quot;,&quot;1024&quot;:&quot;https:\\\/\\\/lastatic.ams3.cdn.digitaloceanspaces.com\\\/2025\\\/12\\\/open-fridge-with-plastic-food-co-1024x683.jpg&quot;,&quot;1536&quot;:&quot;https:\\\/\\\/lastatic.ams3.cdn.digitaloceanspaces.com\\\/2025\\\/12\\\/open-fridge-with-plastic-food-co-1536x1024.jpg&quot;,&quot;500&quot;:&quot;https:\\\/\\\/lastatic.ams3.cdn.digitaloceanspaces.com\\\/2025\\\/12\\\/open-fridge-with-plastic-food-co-500x333.jpg&quot;,&quot;800&quot;:&quot;https:\\\/\\\/lastatic.ams3.cdn.digitaloceanspaces.com\\\/2025\\\/12\\\/open-fridge-with-plastic-food-co-800x533.jpg&quot;,&quot;2560&quot;:&quot;https:\\\/\\\/lastatic.ams3.cdn.digitaloceanspaces.com\\\/2025\\\/12\\\/open-fridge-with-plastic-food-co-scaled.jpg&quot;}\" data-focuspoint=\"&quot;&quot;\" data-p=\"2479736\" href=\"https:\/\/www.la.lv\/vai-zinaji-ka-ir-partikas-produkti-kurus-absoluti-nevajadzetu-uzglabat-ledusskapi-par-daziem-no-tiem-jus-busiet-parsteigti\" class=\"content-item lazy-load\" wp_automatic_readability=\"27.5\" rel=\"nofollow noopener\" target=\"_blank\"><\/p>\n<p>                                <img decoding=\"async\" src=\"\" alt=\"\" style=\"\" data-imageid=\"\"\/><\/p>\n<p>\n                                                Vai zin\u0101ji, ka ir p\u0101rtikas produkti, kurus absol\u016bti nevajadz\u0113tu uzglab\u0101t ledusskap\u012b? Par da\u017eiem no tiem j\u016bs b\u016bsiet p\u0101rsteigti\n                            <\/p>\n<p><\/a><a data-imagesrc=\"{&quot;300&quot;:&quot;https:\\\/\\\/lastatic.ams3.cdn.digitaloceanspaces.com\\\/2026\\\/01\\\/05a95900-462d-4d19-ade6-6827e6dfbbc0-300x187.png&quot;,&quot;1024&quot;:&quot;https:\\\/\\\/lastatic.ams3.cdn.digitaloceanspaces.com\\\/2026\\\/01\\\/05a95900-462d-4d19-ade6-6827e6dfbbc0-1024x638.png&quot;,&quot;1536&quot;:&quot;https:\\\/\\\/lastatic.ams3.cdn.digitaloceanspaces.com\\\/2026\\\/01\\\/05a95900-462d-4d19-ade6-6827e6dfbbc0-1536x958.png&quot;,&quot;500&quot;:&quot;https:\\\/\\\/lastatic.ams3.cdn.digitaloceanspaces.com\\\/2026\\\/01\\\/05a95900-462d-4d19-ade6-6827e6dfbbc0-500x312.png&quot;,&quot;800&quot;:&quot;https:\\\/\\\/lastatic.ams3.cdn.digitaloceanspaces.com\\\/2026\\\/01\\\/05a95900-462d-4d19-ade6-6827e6dfbbc0-800x499.png&quot;,&quot;1591&quot;:&quot;https:\\\/\\\/lastatic.ams3.cdn.digitaloceanspaces.com\\\/2026\\\/01\\\/05a95900-462d-4d19-ade6-6827e6dfbbc0.png&quot;}\" data-focuspoint=\"&quot;&quot;\" data-p=\"2495341\" href=\"https:\/\/www.la.lv\/pec-tam-jutos-loti-neomuligi-iedzivotajus-ropazu-novada-agresivi-agite-balsot-pret-planoto-ziemas-trasi\" class=\"content-item lazy-load\" wp_automatic_readability=\"26.5\" rel=\"nofollow noopener\" target=\"_blank\"><\/p>\n<p>                                <img decoding=\"async\" src=\"\" alt=\"\" style=\"\" data-imageid=\"\"\/><\/p>\n<p>\n                                                \u201cP\u0113c tam jutos \u013coti neomul\u012bgi\u2026\u201d iedz\u012bvot\u0101jus Ropa\u017eu novad\u0101 agres\u012bvi a\u0123it\u0113 balsot \u201cpret\u201d pl\u0101noto ziemas trasi<\/p>\n<p><\/a><a data-imagesrc=\"{&quot;300&quot;:&quot;https:\\\/\\\/lastatic.ams3.cdn.digitaloceanspaces.com\\\/2024\\\/02\\\/11154912-1-300x212.jpg&quot;,&quot;768&quot;:&quot;https:\\\/\\\/lastatic.ams3.cdn.digitaloceanspaces.com\\\/2024\\\/02\\\/11154912-1-768x542.jpg&quot;,&quot;200&quot;:&quot;https:\\\/\\\/lastatic.ams3.cdn.digitaloceanspaces.com\\\/2024\\\/02\\\/11154912-1-200x141.jpg&quot;,&quot;400&quot;:&quot;https:\\\/\\\/lastatic.ams3.cdn.digitaloceanspaces.com\\\/2024\\\/02\\\/11154912-1-400x282.jpg&quot;,&quot;500&quot;:&quot;https:\\\/\\\/lastatic.ams3.cdn.digitaloceanspaces.com\\\/2024\\\/02\\\/11154912-1-500x353.jpg&quot;,&quot;800&quot;:&quot;https:\\\/\\\/lastatic.ams3.cdn.digitaloceanspaces.com\\\/2024\\\/02\\\/11154912-1-800x565.jpg&quot;,&quot;1000&quot;:&quot;https:\\\/\\\/lastatic.ams3.cdn.digitaloceanspaces.com\\\/2024\\\/02\\\/11154912-1.jpg&quot;}\" data-focuspoint=\"{&quot;x&quot;:&quot;50.43754378608738&quot;,&quot;y&quot;:&quot;41.2731088085092&quot;}\" data-p=\"2495418\" href=\"https:\/\/www.la.lv\/ta-ir-katastrofa-krievija-kas-tads-nebija-noticis-kops-2020-gada\" class=\"content-item lazy-load\" wp_automatic_readability=\"26\" rel=\"nofollow noopener\" target=\"_blank\"><\/p>\n<p>                                <img decoding=\"async\" src=\"\" alt=\"\" style=\"object-position: 50.43754378608738% 41.2731088085092%\" data-imageid=\"\"\/><\/p>\n<p>\n                                                T\u0101 ir katastrofa! Krievij\u0101 kas t\u0101ds nebija noticis kop\u0161 2020. gada<\/p>\n<p><\/a><br \/>\n        <a class=\"read-more\" href=\"https:\/\/www.la.lv\/top\" rel=\"nofollow noopener\" target=\"_blank\">Las\u012bt citas zi\u0146as<\/a><\/p>\n<p>Ac\u012bmredzam\u0101 m\u0113\u0123in\u0101jum\u0101 atg\u016bt Donalda Trampa labv\u0113l\u012bbu Venecu\u0113las opoz\u012bcijas l\u012bdere Marija Korina Ma\u010dado \u017eurn\u0101listiem pav\u0113st\u012bja, ka ceturtdien priv\u0101tas tik\u0161an\u0101s laik\u0101 Baltaj\u0101 nam\u0101 vi\u0146a ASV prezidentam esot \u201cpasniegusi\u201d savu zelta Nobela Miera pr\u0113mijas meda\u013cu.<\/p>\n<p>Ma\u010dado, kura balvu sa\u0146\u0113ma p\u0113rn par c\u012b\u0146u pret Nikolasa Maduro \u201cbrut\u0101lo, autorit\u0101ro re\u017e\u012bmu\u201d, sac\u012bja, ka to dar\u012bjusi \u201catz\u012bstot vi\u0146a unik\u0101lo ap\u0146em\u0161anos m\u016bsu br\u012bv\u012bbas lab\u0101\u201d. Uzreiz nebija skaidrs, vai Tramps \u0161o d\u0101vanu ir pie\u0146\u0113mis.<\/p>\n<p>    CITI \u0160OBR\u012aD LASA<\/p>\n<p>V\u0113l\u0101k Tramps sav\u0101 platform\u0101 Truth Social rakst\u012bja: \u201cMarija man pasniedza savu Nobela Miera pr\u0113miju par darbu, ko esmu paveicis. Br\u012bni\u0161\u0137\u012bgs savstarp\u0113jas cie\u0146as \u017eests. Paldies, Marija!\u201d<\/p>\n<p>Nav skaidrs, vai Tramps patur\u0113ja meda\u013cu, un vi\u0146\u0161 ar\u012b nepublic\u0113ja t\u0101s att\u0113lu.<\/p>\n<p>Lai gan Tramps pauda pateic\u012bbu par vi\u0146am pasniegto meda\u013cu, p\u0113c kuras vi\u0146\u0161 jau sen bija tiecies, Nobela Miera centra p\u0101rst\u0101vji p\u0113d\u0113j\u0101s dien\u0101s vair\u0101kk\u0101rt atk\u0101rtoju\u0161i noteikumus par balvas pieder\u012bbu.<\/p>\n<p>\u201cKad Nobela pr\u0113mija ir pie\u0161\u0137irta, to nevar atsaukt, dal\u012bt vai nodot cit\u0101m person\u0101m,\u201d Nobela organizatori nor\u0101d\u012bja 9. janv\u0101ra pazi\u0146ojum\u0101 presei. \u201cL\u0113mums ir gal\u012bgs un paliek sp\u0113k\u0101 uz m\u016b\u017eiem.\u201d<\/p>\n<p>Ceturtdien agr\u0101k Nobela organizatori platform\u0101 X rakst\u012bja: \u201cMedalja var main\u012bt \u012bpa\u0161nieku, ta\u010du Nobela Miera pr\u0113mijas laure\u0101ta tituls \u2013 nekad.\u201d<\/p>\n<p>Ma\u010dado dramatisk\u0101 izb\u0113g\u0161ana no Venecu\u0113las, lai pie\u0146emtu balvu Norv\u0113\u0123ij\u0101, decembr\u012b izpeln\u012bj\u0101s pla\u0161u uzman\u012bbu. Anal\u012bti\u0137i vi\u0146as l\u0113mumu pasniegt balvu Trampam uzskata par m\u0113\u0123in\u0101jumu gl\u0101bt vi\u0146as kust\u012bbas dz\u012bvotsp\u0113ju laik\u0101, kad cer\u012bbas n\u0101kt pie varas bija saruku\u0161as, bet Maduro vairs nebija politiskaj\u0101 aprit\u0113 un atrad\u0101s apcietin\u0101jum\u0101 \u0145ujork\u0101.<\/p>\n<p>Sarun\u0101 ar \u017eurn\u0101listiem Ma\u010dado sal\u012bdzin\u0101ja meda\u013cas pasnieg\u0161anu Trampam ar 1825. gada notikumu, kad mar\u0137\u012bzs de Lafajets nos\u016bt\u012bja zelta meda\u013cu ar D\u017eord\u017ea Va\u0161ingtona att\u0113lu Dienvidamerikas neatkar\u012bbas c\u012bn\u012bt\u0101jam Simonam Bolivaram. Ma\u010dado Lafajeta d\u0101vanu raksturoja k\u0101 \u201cbr\u0101l\u012bbas z\u012bmi starp ASV tautu un Venecu\u0113las tautu vi\u0146u c\u012b\u0146\u0101 par br\u012bv\u012bbu pret tir\u0101niju\u201d.<\/p>\n<p>Tiek zi\u0146ots, ka Trampa l\u0113mums neatbalst\u012bt Ma\u010dado p\u0113c Maduro g\u0101\u0161anas bija saist\u012bts ar attiec\u012bbu pasliktin\u0101\u0161anos starp vi\u0146u un Trampa komandas locek\u013ciem, k\u0101 ar\u012b ba\u017e\u0101m, ka vi\u0146as kust\u012bba nesp\u0113s kontrol\u0113t dro\u0161\u012bbas situ\u0101ciju Venecu\u0113l\u0101.<\/p>\n<p>T\u0113mas<\/p>\n<p>    SAIST\u012aTIE RAKSTI<\/p>\n","protected":false},"excerpt":{"rendered":"76 gadus vecais Tramps ierodas uz tiesu Manheten\u0101, kur padev\u0101s varasiest\u0101d\u0113m. Scanpix\/Reuters\/Afp\/Ap\/Epa 14:44, 16. janv\u0101ris 2026 Venecu\u0113las opoz\u012bcijas&hellip;\n","protected":false},"author":2,"featured_media":106527,"comment_status":"","ping_status":"","sticky":false,"template":"","format":"standard","meta":{"footnotes":""},"categories":[5],"tags":[23,28,29,32,33,22,30,31,35,39,38,36,37,34,40,20,26,27,24,25,21],"class_list":{"0":"post-106526","1":"post","2":"type-post","3":"status-publish","4":"format-standard","5":"has-post-thumbnail","7":"category-aktualitates","8":"tag-aktualitates","9":"tag-breaking-news","10":"tag-breakingnews","11":"tag-featured-news","12":"tag-featurednews","13":"tag-headlines","14":"tag-latest-news","15":"tag-latestnews","16":"tag-latvia","17":"tag-latvian","18":"tag-latviesu","19":"tag-latviesu-valoda","20":"tag-latviesuvaloda","21":"tag-latvija","22":"tag-lv","23":"tag-news","24":"tag-popularakas-zinas","25":"tag-popularakaszinas","26":"tag-top-stories","27":"tag-topstories","28":"tag-zinas"},"share_on_mastodon":{"url":"https:\/\/pubeurope.com\/@lv\/115905264526089801","error":""},"_links":{"self":[{"href":"https:\/\/www.europesays.com\/lv\/wp-json\/wp\/v2\/posts\/106526","targetHints":{"allow":["GET"]}}],"collection":[{"href":"https:\/\/www.europesays.com\/lv\/wp-json\/wp\/v2\/posts"}],"about":[{"href":"https:\/\/www.europesays.com\/lv\/wp-json\/wp\/v2\/types\/post"}],"author":[{"embeddable":true,"href":"https:\/\/www.europesays.com\/lv\/wp-json\/wp\/v2\/users\/2"}],"replies":[{"embeddable":true,"href":"https:\/\/www.europesays.com\/lv\/wp-json\/wp\/v2\/comments?post=106526"}],"version-history":[{"count":0,"href":"https:\/\/www.europesays.com\/lv\/wp-json\/wp\/v2\/posts\/106526\/revisions"}],"wp:featuredmedia":[{"embeddable":true,"href":"https:\/\/www.europesays.com\/lv\/wp-json\/wp\/v2\/media\/106527"}],"wp:attachment":[{"href":"https:\/\/www.europesays.com\/lv\/wp-json\/wp\/v2\/media?parent=106526"}],"wp:term":[{"taxonomy":"category","embeddable":true,"href":"https:\/\/www.europesays.com\/lv\/wp-json\/wp\/v2\/categories?post=106526"},{"taxonomy":"post_tag","embeddable":true,"href":"https:\/\/www.europesays.com\/lv\/wp-json\/wp\/v2\/tags?post=106526"}],"curies":[{"name":"wp","href":"https:\/\/api.w.org\/{rel}","templated":true}]}}