{"id":106528,"date":"2026-01-16T14:35:07","date_gmt":"2026-01-16T14:35:07","guid":{"rendered":"https:\/\/www.europesays.com\/lv\/106528\/"},"modified":"2026-01-16T14:35:07","modified_gmt":"2026-01-16T14:35:07","slug":"ja-danija-aicinatu-latvijas-brunotie-speki-butu-gatavi-piedalities-macibas-grenlande","status":"publish","type":"post","link":"https:\/\/www.europesays.com\/lv\/106528\/","title":{"rendered":"Ja D\u0101nija aicin\u0101tu, Latvijas bru\u0146otie sp\u0113ki b\u016btu gatavi piedal\u012bties m\u0101c\u012bb\u0101s Grenland\u0113"},"content":{"rendered":"<p>\u201cTas nav tikai par karasp\u0113ka kl\u0101tb\u016btni daudznacion\u0101laj\u0101 brig\u0101d\u0113, tas ir par r\u016bpniecisko sadarb\u012bbu, tas ir par sadarb\u012bbu ieg\u0101d\u0113s, \u012bpa\u0161i svar\u012bg\u0101s un efekt\u012bv\u0101s sist\u0113m\u0101s, piem\u0113ram, \u201cArchers\u201d. Tas ir par sadarb\u012bbu bezpilota lidapar\u0101tu jom\u0101, par dronu sadarb\u012bbu. Tas ir par sadarb\u012bbu j\u016br\u0101 \u2013 mums kop\u0101 j\u0101aizsarg\u0101 kritisk\u0101 infrastrukt\u016bra,\u201d saka ministrs Spr\u016bds.<\/p>\n<blockquote class=\"twitter-tweet\" data-width=\"550\" data-dnt=\"true\">\n<p lang=\"lv\" dir=\"ltr\">\ud83c\uddf1\ud83c\uddfb \ud83e\udd1d\ud83c\uddf8\ud83c\uddea  Zviedrija pastiprina milit\u0101ro kl\u0101tb\u016btni Latvij\u0101 \u2013  aizsardz\u012bbas ministrs Andris Spr\u016bds un Zviedrijas aizsardz\u012bbas ministrs P\u0101ls Jonsons parakst\u012bja ce\u013ca karti  sadarb\u012bbas stiprin\u0101\u0161anai starp ab\u0101m valst\u012bm aizsardz\u012bbas jom\u0101. <\/p>\n<p>Ce\u013ca karte paredz:<br \/>\u2705Zviedrijas turpm\u0101ku\u2026 <a href=\"https:\/\/t.co\/ZmdqkJUqO5\" rel=\"nofollow\">pic.twitter.com\/ZmdqkJUqO5<\/a><\/p>\n<p>\u2014 Aizsardz\u012bbas ministrija (@AizsardzibasMin) <a href=\"https:\/\/twitter.com\/AizsardzibasMin\/status\/2012155102086213885?ref_src=twsrc%5Etfw\" rel=\"nofollow noopener\" target=\"_blank\">January 16, 2026<\/a><\/p>\n<\/blockquote>\n<p>Savuk\u0101rt Zviedrijas aizsardz\u012bbas ministrs P\u0101ls Jonsons nor\u0101d\u012bja: \u201cAttiec\u012bb\u0101 uz \u0161o ce\u013cvedi, tas ar\u012b ir \u013coti noz\u012bm\u012bgs, jo tas t\u0101l\u0101k att\u012bst\u012bs m\u016bsu partner\u012bbu vis\u0101s nozar\u0113s un starp m\u016bsu bru\u0146otajiem sp\u0113kiem, k\u0101 ar\u012b starp m\u016bsu valst\u012bm. M\u0113s \u013coti interes\u0113jamies par test\u0113\u0161anas iesp\u0113j\u0101m, kas ir pieejamas Latvij\u0101, un es zinu, ka j\u016bs papla\u0161in\u0101t un invest\u0113jat, lai nodro\u0161in\u0101tu labu test\u0113\u0161anas b\u0101zi bezpilota sist\u0113m\u0101m. Ce\u013cved\u012b ir ar\u012b \u013coti konkr\u0113tas idejas par to, k\u0101 papla\u0161in\u0101t m\u016bsu j\u016bras sp\u0113ku sadarb\u012bbu, gan piekrastes aizsardz\u012bb\u0101, gan \u0101trlaiv\u0101s. Protams, m\u0113s varam dar\u012bt to ar\u012b gaisa jom\u0101 ar \u201cGripen\u201d lidma\u0161\u012bn\u0101m.\u201d<\/p>\n<p>Spr\u016bds sac\u012bja, ka cer, ka jau \u0161ogad zviedru ra\u017eotie \u201cGripen\u201d izn\u012bcin\u0101t\u0101ji \u012bslaic\u012bgi var\u0113tu tikt izvietoti Latvij\u0101. Savuk\u0101rt jau tagad pan\u0101kta vieno\u0161an\u0101s, ka \u0161ogad pie mums izvietos divas Zviedrij\u0101 ra\u017eot\u0101s \u201cArcher\u201d artil\u0113rijas sist\u0113mas. Tas ar m\u0113r\u0137i gan stiprin\u0101t re\u0123iona dro\u0161\u012bbu, gan, lai apm\u0101c\u012btu m\u016bsu karav\u012brus, jo vald\u012bba \u0161oned\u0113\u013c atbalst\u012bja 18 \u0161o sp\u0113j\u012bgo artil\u0113rijas sist\u0113mu ieg\u0101di.<\/p>\n<blockquote class=\"skaties-quote\">\n<p>P\u0101ls Jonsons<\/p>\n<p>Zviedrijas aizsardz\u012bbas ministrs<\/p>\n<p>T\u0101 ir \u013coti veikla un efekt\u012bvs artil\u0113rijas sist\u0113ma, un es apgalvoju, ka t\u0101 ir pasaules l\u012bderis mobilit\u0101tes, precizit\u0101tes, digitaliz\u0101cijas un sp\u0113ka aizsardz\u012bbas jom\u0101.<\/p>\n<\/blockquote>\n<p class=\"ad-desc ad-desc-main\">Saturs turpin\u0101s p\u0113c rekl\u0101mas<\/p>\n<p class=\"ad-desc ad-desc-sec\">Rekl\u0101ma<\/p>\n<p>Ministri apsprieda ar\u012b sasp\u012bl\u0113jumu Arktik\u0101. Zviedrija ir viena no t\u0101m valst\u012bm, kura savus karav\u012brus p\u0113c D\u0101nijas l\u016bguma, ir nos\u016bt\u012bjusi uz Grenlandi.<\/p>\n<p>\u201cJa tiktu l\u016bgts, Latvija ir gatava piedal\u012bties aktivit\u0101t\u0113s Grenland\u0113. Ja tas b\u016btu ilgtermi\u0146a, vald\u012bbai un parlamentam b\u016btu j\u0101lemj. Kopum\u0101 m\u0113s esam gatavi veicin\u0101t kolekt\u012bvo aizsardz\u012bbu un dro\u0161\u012bbu strat\u0113\u0123isk\u0101 re\u0123ion\u0101, piem\u0113ram, Arktik\u0101, un ar\u012b risin\u0101t ba\u017eas, ko izsaka m\u016bsu sabiedrotie, \u0161aj\u0101 gad\u012bjum\u0101 ASV,\u201d teica Spr\u016bds.<\/p>\n<p>Savuk\u0101rt P\u0101ls nor\u0101d\u012bja: \u201cM\u0113s v\u0113lamies nodot skaidru v\u0113st\u012bjumu: Arktika ir strat\u0113\u0123iski svar\u012bga, Zieme\u013cu re\u0123ions ir svar\u012bgs, un m\u0113s, k\u0101 NATO sabiedrotie, esam gatavi nodro\u0161in\u0101t papildu dro\u0161\u012bbu Arktikai. Transatlantisk\u0101s attiec\u012bbas, mums ar\u012b ir \u013coti svar\u012bgas. Ja rodas jaut\u0101jumi, par kuriem alians\u0113 nav vienpr\u0101t\u012bbas, tos j\u0101atrisina mier\u012bg\u0101 ce\u013c\u0101, un par to m\u0113s ar\u012b run\u0101j\u0101m.\u201d<\/p>\n<p>Par savu karav\u012bru nos\u016bt\u012b\u0161anu uz Grenlandi, p\u0113c tam kad ASV prezidents Donalds Tramps neatk\u0101pjas no v\u0113lmes ieg\u016bt D\u0101nijai piedero\u0161o Grenlandi, pazi\u0146ojusi ne tikai Zviedrija, bet ar\u012b V\u0101cija, Francija, Norv\u0113\u0123ija, Somija un N\u012bderlande.<\/p>\n<p class=\"tv3-fw-500\">Zi\u0146o par k\u013c\u016bdu rakst\u0101<\/p>\n<p class=\"d-md-block d-none\">Iez\u012bm\u0113 k\u013c\u016bdaino tekstu un spied Ctrl+Enter.<\/p>\n<p class=\"d-md-none d-block\">Iez\u012bm\u0113 k\u013c\u016bdaino tekstu un zi\u0146o par to!<\/p>\n<p>                <script async src=\"https:\/\/platform.twitter.com\/widgets.js\" charset=\"utf-8\"><\/script><\/p>\n","protected":false},"excerpt":{"rendered":"\u201cTas nav tikai par karasp\u0113ka kl\u0101tb\u016btni daudznacion\u0101laj\u0101 brig\u0101d\u0113, tas ir par r\u016bpniecisko sadarb\u012bbu, tas ir par sadarb\u012bbu ieg\u0101d\u0113s,&hellip;\n","protected":false},"author":2,"featured_media":106529,"comment_status":"","ping_status":"","sticky":false,"template":"","format":"standard","meta":{"footnotes":""},"categories":[14],"tags":[25441,23,57,28,29,32,33,22,30,31,35,39,38,36,37,34,40,20,26,27,24,25,54,55,56,21,58],"class_list":{"0":"post-106528","1":"post","2":"type-post","3":"status-publish","4":"format-standard","5":"has-post-thumbnail","7":"category-zinas-no-arvalstim","8":"tag-aizsardzibas-ministrijaandris-sprudsdanija","9":"tag-aktualitates","10":"tag-arvalstim","11":"tag-breaking-news","12":"tag-breakingnews","13":"tag-featured-news","14":"tag-featurednews","15":"tag-headlines","16":"tag-latest-news","17":"tag-latestnews","18":"tag-latvia","19":"tag-latvian","20":"tag-latviesu","21":"tag-latviesu-valoda","22":"tag-latviesuvaloda","23":"tag-latvija","24":"tag-lv","25":"tag-news","26":"tag-popularakas-zinas","27":"tag-popularakaszinas","28":"tag-top-stories","29":"tag-topstories","30":"tag-world","31":"tag-world-news","32":"tag-worldnews","33":"tag-zinas","34":"tag-zinas-no-arvalstim"},"share_on_mastodon":{"url":"https:\/\/pubeurope.com\/@lv\/115905280276391097","error":""},"_links":{"self":[{"href":"https:\/\/www.europesays.com\/lv\/wp-json\/wp\/v2\/posts\/106528","targetHints":{"allow":["GET"]}}],"collection":[{"href":"https:\/\/www.europesays.com\/lv\/wp-json\/wp\/v2\/posts"}],"about":[{"href":"https:\/\/www.europesays.com\/lv\/wp-json\/wp\/v2\/types\/post"}],"author":[{"embeddable":true,"href":"https:\/\/www.europesays.com\/lv\/wp-json\/wp\/v2\/users\/2"}],"replies":[{"embeddable":true,"href":"https:\/\/www.europesays.com\/lv\/wp-json\/wp\/v2\/comments?post=106528"}],"version-history":[{"count":0,"href":"https:\/\/www.europesays.com\/lv\/wp-json\/wp\/v2\/posts\/106528\/revisions"}],"wp:featuredmedia":[{"embeddable":true,"href":"https:\/\/www.europesays.com\/lv\/wp-json\/wp\/v2\/media\/106529"}],"wp:attachment":[{"href":"https:\/\/www.europesays.com\/lv\/wp-json\/wp\/v2\/media?parent=106528"}],"wp:term":[{"taxonomy":"category","embeddable":true,"href":"https:\/\/www.europesays.com\/lv\/wp-json\/wp\/v2\/categories?post=106528"},{"taxonomy":"post_tag","embeddable":true,"href":"https:\/\/www.europesays.com\/lv\/wp-json\/wp\/v2\/tags?post=106528"}],"curies":[{"name":"wp","href":"https:\/\/api.w.org\/{rel}","templated":true}]}}