{"id":106538,"date":"2026-01-16T14:49:09","date_gmt":"2026-01-16T14:49:09","guid":{"rendered":"https:\/\/www.europesays.com\/lv\/106538\/"},"modified":"2026-01-16T14:49:09","modified_gmt":"2026-01-16T14:49:09","slug":"vel-paragri-spriest-ka-latviju-ietekmes-trampa-pazinotais-norada-musu-arlietu-ministrija","status":"publish","type":"post","link":"https:\/\/www.europesays.com\/lv\/106538\/","title":{"rendered":"\u201cV\u0113l p\u0101ragri spriest, k\u0101 Latviju ietekm\u0113s Trampa pazi\u0146otais!\u201d nor\u0101da m\u016bsu \u0100rlietu ministrija"},"content":{"rendered":"<p>    <img decoding=\"async\" src=\"https:\/\/www.europesays.com\/lv\/wp-content\/uploads\/2026\/01\/FotoJet-29-1024x659.jpg\" alt=\"&#10;\"\/><\/p>\n<p>14:33, 16. janv\u0101ris 2026<\/p>\n<p>Pagaid\u0101m ir p\u0101ragri spriest, vai Latvijas un Eiropas Savien\u012bbas (ES) uz\u0146\u0113mumus ietekm\u0113s ASV prezidenta Donalda Trampa pazi\u0146otie 25% tarifi Ir\u0101nas tirdzniec\u012bbas partneriem, a\u0123ent\u016brai LETA nor\u0101d\u012bja \u0100rlietu ministrijas (\u0100M) preses sekret\u0101re Di\u0101na Egl\u012bte.<\/p>\n<p>        Las\u012bt\u0101kie<br \/>\n        <a data-imagesrc=\"{&quot;300&quot;:&quot;https:\\\/\\\/lastatic.ams3.cdn.digitaloceanspaces.com\\\/2025\\\/12\\\/open-fridge-with-plastic-food-co-300x200.jpg&quot;,&quot;1024&quot;:&quot;https:\\\/\\\/lastatic.ams3.cdn.digitaloceanspaces.com\\\/2025\\\/12\\\/open-fridge-with-plastic-food-co-1024x683.jpg&quot;,&quot;1536&quot;:&quot;https:\\\/\\\/lastatic.ams3.cdn.digitaloceanspaces.com\\\/2025\\\/12\\\/open-fridge-with-plastic-food-co-1536x1024.jpg&quot;,&quot;500&quot;:&quot;https:\\\/\\\/lastatic.ams3.cdn.digitaloceanspaces.com\\\/2025\\\/12\\\/open-fridge-with-plastic-food-co-500x333.jpg&quot;,&quot;800&quot;:&quot;https:\\\/\\\/lastatic.ams3.cdn.digitaloceanspaces.com\\\/2025\\\/12\\\/open-fridge-with-plastic-food-co-800x533.jpg&quot;,&quot;2560&quot;:&quot;https:\\\/\\\/lastatic.ams3.cdn.digitaloceanspaces.com\\\/2025\\\/12\\\/open-fridge-with-plastic-food-co-scaled.jpg&quot;}\" data-focuspoint=\"&quot;&quot;\" data-p=\"2479736\" href=\"https:\/\/www.la.lv\/vai-zinaji-ka-ir-partikas-produkti-kurus-absoluti-nevajadzetu-uzglabat-ledusskapi-par-daziem-no-tiem-jus-busiet-parsteigti\" class=\"content-item lazy-load\" wp_automatic_readability=\"27.5\" rel=\"nofollow noopener\" target=\"_blank\"><\/p>\n<p>                                <img decoding=\"async\" src=\"\" alt=\"\" style=\"\" data-imageid=\"\"\/><\/p>\n<p>\n                                                Vai zin\u0101ji, ka ir p\u0101rtikas produkti, kurus absol\u016bti nevajadz\u0113tu uzglab\u0101t ledusskap\u012b? Par da\u017eiem no tiem j\u016bs b\u016bsiet p\u0101rsteigti\n                            <\/p>\n<p><\/a><a data-imagesrc=\"{&quot;300&quot;:&quot;https:\\\/\\\/lastatic.ams3.cdn.digitaloceanspaces.com\\\/2026\\\/01\\\/05a95900-462d-4d19-ade6-6827e6dfbbc0-300x187.png&quot;,&quot;1024&quot;:&quot;https:\\\/\\\/lastatic.ams3.cdn.digitaloceanspaces.com\\\/2026\\\/01\\\/05a95900-462d-4d19-ade6-6827e6dfbbc0-1024x638.png&quot;,&quot;1536&quot;:&quot;https:\\\/\\\/lastatic.ams3.cdn.digitaloceanspaces.com\\\/2026\\\/01\\\/05a95900-462d-4d19-ade6-6827e6dfbbc0-1536x958.png&quot;,&quot;500&quot;:&quot;https:\\\/\\\/lastatic.ams3.cdn.digitaloceanspaces.com\\\/2026\\\/01\\\/05a95900-462d-4d19-ade6-6827e6dfbbc0-500x312.png&quot;,&quot;800&quot;:&quot;https:\\\/\\\/lastatic.ams3.cdn.digitaloceanspaces.com\\\/2026\\\/01\\\/05a95900-462d-4d19-ade6-6827e6dfbbc0-800x499.png&quot;,&quot;1591&quot;:&quot;https:\\\/\\\/lastatic.ams3.cdn.digitaloceanspaces.com\\\/2026\\\/01\\\/05a95900-462d-4d19-ade6-6827e6dfbbc0.png&quot;}\" data-focuspoint=\"&quot;&quot;\" data-p=\"2495341\" href=\"https:\/\/www.la.lv\/pec-tam-jutos-loti-neomuligi-iedzivotajus-ropazu-novada-agresivi-agite-balsot-pret-planoto-ziemas-trasi\" class=\"content-item lazy-load\" wp_automatic_readability=\"26.5\" rel=\"nofollow noopener\" target=\"_blank\"><\/p>\n<p>                                <img decoding=\"async\" src=\"\" alt=\"\" style=\"\" data-imageid=\"\"\/><\/p>\n<p>\n                                                \u201cP\u0113c tam jutos \u013coti neomul\u012bgi\u2026\u201d iedz\u012bvot\u0101jus Ropa\u017eu novad\u0101 agres\u012bvi a\u0123it\u0113 balsot \u201cpret\u201d pl\u0101noto ziemas trasi<\/p>\n<p><\/a><a data-imagesrc=\"{&quot;300&quot;:&quot;https:\\\/\\\/lastatic.ams3.cdn.digitaloceanspaces.com\\\/2024\\\/02\\\/11154912-1-300x212.jpg&quot;,&quot;768&quot;:&quot;https:\\\/\\\/lastatic.ams3.cdn.digitaloceanspaces.com\\\/2024\\\/02\\\/11154912-1-768x542.jpg&quot;,&quot;200&quot;:&quot;https:\\\/\\\/lastatic.ams3.cdn.digitaloceanspaces.com\\\/2024\\\/02\\\/11154912-1-200x141.jpg&quot;,&quot;400&quot;:&quot;https:\\\/\\\/lastatic.ams3.cdn.digitaloceanspaces.com\\\/2024\\\/02\\\/11154912-1-400x282.jpg&quot;,&quot;500&quot;:&quot;https:\\\/\\\/lastatic.ams3.cdn.digitaloceanspaces.com\\\/2024\\\/02\\\/11154912-1-500x353.jpg&quot;,&quot;800&quot;:&quot;https:\\\/\\\/lastatic.ams3.cdn.digitaloceanspaces.com\\\/2024\\\/02\\\/11154912-1-800x565.jpg&quot;,&quot;1000&quot;:&quot;https:\\\/\\\/lastatic.ams3.cdn.digitaloceanspaces.com\\\/2024\\\/02\\\/11154912-1.jpg&quot;}\" data-focuspoint=\"{&quot;x&quot;:&quot;50.43754378608738&quot;,&quot;y&quot;:&quot;41.2731088085092&quot;}\" data-p=\"2495418\" href=\"https:\/\/www.la.lv\/ta-ir-katastrofa-krievija-kas-tads-nebija-noticis-kops-2020-gada\" class=\"content-item lazy-load\" wp_automatic_readability=\"26\" rel=\"nofollow noopener\" target=\"_blank\"><\/p>\n<p>                                <img decoding=\"async\" src=\"\" alt=\"\" style=\"object-position: 50.43754378608738% 41.2731088085092%\" data-imageid=\"\"\/><\/p>\n<p>\n                                                T\u0101 ir katastrofa! Krievij\u0101 kas t\u0101ds nebija noticis kop\u0161 2020. gada<\/p>\n<p><\/a><br \/>\n        <a class=\"read-more\" href=\"https:\/\/www.la.lv\/top\" rel=\"nofollow noopener\" target=\"_blank\">Las\u012bt citas zi\u0146as<\/a><\/p>\n<p>Vi\u0146a atz\u012bm\u0113ja, ka \u0101r\u0113j\u0101s tirdzniec\u012bbas politika ir ES ekskluz\u012bva kompetence, un \u0100M sagaida, ka tiks veidota vienota un koordin\u0113ta bloka nost\u0101ja.<\/p>\n<p>Egl\u012bte apliecin\u0101ja, ka ASV prezidenta pazi\u0146ojumu gan Latvija, gan Eiropas Komisija ir pie\u0146\u0113musi zin\u0101\u0161anai. T\u0101pat \u0100M r\u012bc\u012bb\u0101 nav inform\u0101cijas, ka ASV jau b\u016btu pie\u0146emti k\u0101di ties\u012bbu akti, kas formaliz\u0113tu \u0161o l\u0113mumu.<\/p>\n<p>    CITI \u0160OBR\u012aD LASA<\/p>\n<p>\u201cLatvijas interes\u0113s ir konstrukt\u012bva politisk\u0101s un ekonomisk\u0101s sadarb\u012bbas turpin\u0101\u0161ana ar ASV, tai skait\u0101 tirdzniec\u012bbas jaut\u0101jumos,\u201d pauda \u0100M p\u0101rst\u0101ve.<\/p>\n<p>K\u0101 liecina inform\u0101cija Centr\u0101l\u0101s statistikas p\u0101rvaldes t\u012bmek\u013cvietn\u0113, Latvija 2025. gada 11 m\u0113ne\u0161os no Ir\u0101nas ir import\u0113jusi preces aptuveni 694 000 eiro apm\u0113r\u0101.<\/p>\n<p>Jau rakst\u012bts, ka Tramps pirmdien pazi\u0146oja par 25% muitas tarifa noteik\u0161anu jebkurai valstij, kas tirgojas ar Ir\u0101nu.<\/p>\n<p>\u201cJebkura valsts, kas tirgojas ar Ir\u0101nas Isl\u0101ma Republiku, maks\u0101s 25% tarifu jebk\u0101d\u0101 tirdzniec\u012bb\u0101 ar Amerikas Savienotajam Valst\u012bm, un tas st\u0101jas sp\u0113k\u0101 nekav\u0113joties. \u0160is r\u012bkojums ir gal\u012bgs,\u201d Tramps pazi\u0146oja sav\u0101 soci\u0101lo mediju platform\u0101 \u201cTruth Social\u201d.<\/p>\n<p>Ir\u0101nas galvenie tirdzniec\u012bbas partneri ir \u0136\u012bna, Turcija, Apvienotie Ar\u0101bu Emir\u0101ti un Ir\u0101ka, liecina ekonomikas datub\u0101zes \u201cTrading Economics\u201d inform\u0101cija.<\/p>\n<p>K\u0101 v\u0113st\u012bts, protesti Ir\u0101n\u0101 s\u0101k\u0101s decembra beig\u0101s, un tos izrais\u012bja pla\u0161a ekonomisk\u0101 kr\u012bze un straujais val\u016btas kursa kritums. S\u0101kotn\u0113ji Teher\u0101nas iel\u0101s izg\u0101ja tirgot\u0101ji, bet p\u0113c tam protesti izplat\u012bj\u0101s vis\u0101 valst\u012b un jau bija v\u0113rsti pret visu Ir\u0101nas vad\u012bbu.<\/p>\n<p>Tramps vair\u0101kk\u0101rt ir draud\u0113jis ar ASV milit\u0101ru r\u012bc\u012bbu, rea\u0123\u0113jot uz represij\u0101m pret protest\u0113t\u0101jiem. Norv\u0113\u0123ij\u0101 b\u0101z\u0113t\u0101 akt\u012bvistu organiz\u0101cija \u201cIr\u0101nas cilv\u0113kties\u012bbas\u201d (IHR) tre\u0161dien pav\u0113st\u012bja, ka Ir\u0101nas dro\u0161\u012bbas sp\u0113ki nogalin\u0101ju\u0161i vismaz 3428 protest\u0113t\u0101jus, savuk\u0101rt aiztur\u0113ti vair\u0101k nek\u0101 10 000 cilv\u0113ku.<\/p>\n<p>T\u0113mas<\/p>\n<p>    SAIST\u012aTIE RAKSTI<\/p>\n","protected":false},"excerpt":{"rendered":"14:33, 16. janv\u0101ris 2026 Pagaid\u0101m ir p\u0101ragri spriest, vai Latvijas un Eiropas Savien\u012bbas (ES) uz\u0146\u0113mumus ietekm\u0113s ASV prezidenta&hellip;\n","protected":false},"author":2,"featured_media":106539,"comment_status":"","ping_status":"","sticky":false,"template":"","format":"standard","meta":{"footnotes":""},"categories":[5],"tags":[23,28,29,32,33,22,30,31,35,39,38,36,37,34,40,20,26,27,24,25,21],"class_list":{"0":"post-106538","1":"post","2":"type-post","3":"status-publish","4":"format-standard","5":"has-post-thumbnail","7":"category-aktualitates","8":"tag-aktualitates","9":"tag-breaking-news","10":"tag-breakingnews","11":"tag-featured-news","12":"tag-featurednews","13":"tag-headlines","14":"tag-latest-news","15":"tag-latestnews","16":"tag-latvia","17":"tag-latvian","18":"tag-latviesu","19":"tag-latviesu-valoda","20":"tag-latviesuvaloda","21":"tag-latvija","22":"tag-lv","23":"tag-news","24":"tag-popularakas-zinas","25":"tag-popularakaszinas","26":"tag-top-stories","27":"tag-topstories","28":"tag-zinas"},"share_on_mastodon":{"url":"https:\/\/pubeurope.com\/@lv\/115905335423408317","error":""},"_links":{"self":[{"href":"https:\/\/www.europesays.com\/lv\/wp-json\/wp\/v2\/posts\/106538","targetHints":{"allow":["GET"]}}],"collection":[{"href":"https:\/\/www.europesays.com\/lv\/wp-json\/wp\/v2\/posts"}],"about":[{"href":"https:\/\/www.europesays.com\/lv\/wp-json\/wp\/v2\/types\/post"}],"author":[{"embeddable":true,"href":"https:\/\/www.europesays.com\/lv\/wp-json\/wp\/v2\/users\/2"}],"replies":[{"embeddable":true,"href":"https:\/\/www.europesays.com\/lv\/wp-json\/wp\/v2\/comments?post=106538"}],"version-history":[{"count":0,"href":"https:\/\/www.europesays.com\/lv\/wp-json\/wp\/v2\/posts\/106538\/revisions"}],"wp:featuredmedia":[{"embeddable":true,"href":"https:\/\/www.europesays.com\/lv\/wp-json\/wp\/v2\/media\/106539"}],"wp:attachment":[{"href":"https:\/\/www.europesays.com\/lv\/wp-json\/wp\/v2\/media?parent=106538"}],"wp:term":[{"taxonomy":"category","embeddable":true,"href":"https:\/\/www.europesays.com\/lv\/wp-json\/wp\/v2\/categories?post=106538"},{"taxonomy":"post_tag","embeddable":true,"href":"https:\/\/www.europesays.com\/lv\/wp-json\/wp\/v2\/tags?post=106538"}],"curies":[{"name":"wp","href":"https:\/\/api.w.org\/{rel}","templated":true}]}}