{"id":106544,"date":"2026-01-16T14:54:09","date_gmt":"2026-01-16T14:54:09","guid":{"rendered":"https:\/\/www.europesays.com\/lv\/106544\/"},"modified":"2026-01-16T14:54:09","modified_gmt":"2026-01-16T14:54:09","slug":"aizdomas-par-smaga-nozieguma-izdarisanu-valsts-policija-mekle-attelos-redzamo-virieti","status":"publish","type":"post","link":"https:\/\/www.europesays.com\/lv\/106544\/","title":{"rendered":"Aizdom\u0101s par smaga nozieguma izdar\u012b\u0161anu Valsts policija mekl\u0113 att\u0113los redzamo v\u012brieti"},"content":{"rendered":"<p>Valsts policijas R\u012bgas re\u0123iona p\u0101rvaldes R\u012bgas Austrumu p\u0101rvalde aizdom\u0101s par smaga nozieguma izdar\u012b\u0161anu mekl\u0113 att\u0113los redzamo v\u012brieti.<\/p>\n<p>Likumsargi aicina apl\u016bkot v\u012brie\u0161a fotogr\u0101fijas un atsaukties ikvienu, kur\u0161 vi\u0146u atpaz\u012bst vai zina vi\u0146a iesp\u0113jamo atra\u0161an\u0101s vietu! Inform\u0113t policiju iesp\u0113jams, zvanot uz t\u0101lru\u0146a numuru 67086254 vai 112 vai ar\u012b rakstot uz e-pastu <a href=\"https:\/\/lvportals.lv\/dienaskartiba\/mailto:elana.arsoba@riga.vp.gov.lv\" target=\"_blank\" title=\"https:\/\/lvportals.lv\/dienaskartiba\/mailto:elana.arsoba@riga.vp.gov.lv\" data-linkindex=\"0\" rel=\"nofollow noopener\">elana.arsoba@riga.vp.gov.lv<\/a>.<\/p>\n<p>Valsts policija atg\u0101dina, ka neviena persona netiek uzskat\u012bta par vain\u012bgu, kam\u0113r t\u0101s vaina noziedz\u012bga nodar\u012bjuma izdar\u012b\u0161an\u0101 netiek pier\u0101d\u012bta likum\u0101 noteiktaj\u0101 k\u0101rt\u012bb\u0101.<\/p>\n<p><img decoding=\"async\" src=\"https:\/\/www.europesays.com\/lv\/wp-content\/uploads\/2026\/01\/76JDA20EQ.JPEG\" alt=\"\"\/><\/p>\n<p><img decoding=\"async\" src=\"https:\/\/www.europesays.com\/lv\/wp-content\/uploads\/2026\/01\/76JDA20EJ.JPEG\" alt=\"\"\/><\/p>\n<p><img decoding=\"async\" src=\"https:\/\/www.europesays.com\/lv\/wp-content\/uploads\/2026\/01\/76JDA20E1.JPEG\" alt=\"\"\/><\/p>\n<p><img decoding=\"async\" src=\"https:\/\/www.europesays.com\/lv\/wp-content\/uploads\/2026\/01\/76JDA20DT.JPEG\" alt=\"\"\/><\/p>\n<p>          <img decoding=\"async\" src=\"https:\/\/www.europesays.com\/lv\/wp-content\/uploads\/2026\/01\/1768556888_896_logo-lv.png\" alt=\"\"\/><\/p>\n<p>                  \u0160\u012b inform\u0101cija ir publisks pazi\u0146ojums un neatspogu\u013co LV port\u0101la viedokli. Par t\u0101s saturu atbild ies\u016bt\u012bt\u0101js. <a data-popup=\"rules\">Public\u0113\u0161anas noteikumi<\/a><\/p>\n","protected":false},"excerpt":{"rendered":"Valsts policijas R\u012bgas re\u0123iona p\u0101rvaldes R\u012bgas Austrumu p\u0101rvalde aizdom\u0101s par smaga nozieguma izdar\u012b\u0161anu mekl\u0113 att\u0113los redzamo v\u012brieti. Likumsargi&hellip;\n","protected":false},"author":2,"featured_media":106317,"comment_status":"","ping_status":"","sticky":false,"template":"","format":"standard","meta":{"footnotes":""},"categories":[12],"tags":[23,28,29,32,33,22,30,31,35,39,38,36,37,34,40,20,26,27,24,25,21],"class_list":{"0":"post-106544","1":"post","2":"type-post","3":"status-publish","4":"format-standard","5":"has-post-thumbnail","7":"category-latvija","8":"tag-aktualitates","9":"tag-breaking-news","10":"tag-breakingnews","11":"tag-featured-news","12":"tag-featurednews","13":"tag-headlines","14":"tag-latest-news","15":"tag-latestnews","16":"tag-latvia","17":"tag-latvian","18":"tag-latviesu","19":"tag-latviesu-valoda","20":"tag-latviesuvaloda","21":"tag-latvija","22":"tag-lv","23":"tag-news","24":"tag-popularakas-zinas","25":"tag-popularakaszinas","26":"tag-top-stories","27":"tag-topstories","28":"tag-zinas"},"share_on_mastodon":{"url":"https:\/\/pubeurope.com\/@lv\/115905355058830936","error":""},"_links":{"self":[{"href":"https:\/\/www.europesays.com\/lv\/wp-json\/wp\/v2\/posts\/106544","targetHints":{"allow":["GET"]}}],"collection":[{"href":"https:\/\/www.europesays.com\/lv\/wp-json\/wp\/v2\/posts"}],"about":[{"href":"https:\/\/www.europesays.com\/lv\/wp-json\/wp\/v2\/types\/post"}],"author":[{"embeddable":true,"href":"https:\/\/www.europesays.com\/lv\/wp-json\/wp\/v2\/users\/2"}],"replies":[{"embeddable":true,"href":"https:\/\/www.europesays.com\/lv\/wp-json\/wp\/v2\/comments?post=106544"}],"version-history":[{"count":0,"href":"https:\/\/www.europesays.com\/lv\/wp-json\/wp\/v2\/posts\/106544\/revisions"}],"wp:featuredmedia":[{"embeddable":true,"href":"https:\/\/www.europesays.com\/lv\/wp-json\/wp\/v2\/media\/106317"}],"wp:attachment":[{"href":"https:\/\/www.europesays.com\/lv\/wp-json\/wp\/v2\/media?parent=106544"}],"wp:term":[{"taxonomy":"category","embeddable":true,"href":"https:\/\/www.europesays.com\/lv\/wp-json\/wp\/v2\/categories?post=106544"},{"taxonomy":"post_tag","embeddable":true,"href":"https:\/\/www.europesays.com\/lv\/wp-json\/wp\/v2\/tags?post=106544"}],"curies":[{"name":"wp","href":"https:\/\/api.w.org\/{rel}","templated":true}]}}