{"id":106552,"date":"2026-01-16T15:02:15","date_gmt":"2026-01-16T15:02:15","guid":{"rendered":"https:\/\/www.europesays.com\/lv\/106552\/"},"modified":"2026-01-16T15:02:15","modified_gmt":"2026-01-16T15:02:15","slug":"jauns-menesis-jauns-bonds-nerimst-spekulacijas-par-jaunako-007-atveidotaju","status":"publish","type":"post","link":"https:\/\/www.europesays.com\/lv\/106552\/","title":{"rendered":"Jauns m\u0113nesis, jauns Bonds. Nerimst spekul\u0101cijas par jaun\u0101ko 007 atveidot\u0101ju"},"content":{"rendered":"<p>Kino zvaigznes, un pie viena vi\u0146u publicisti, zina, ka n\u0101kam\u0101 britu spiega D\u017eeimsa Bonda lomas ieg\u016b\u0161ana ir vienl\u012bdz laba ar publisk\u0101m run\u0101m, kas piesaista aktieri daudzu k\u0101rotajai lomai. No l\u012bdz \u0100rona Teilora-D\u017eonsona l\u012bdz Idrisam Elbam \u2013 izskan\u0113ju\u0161i da\u017e\u0101di v\u0101rdi potenci\u0101l\u0101 spiega jaunajai sejai. Ta\u010du fanu pr\u0101tus joproj\u0101m nomoka jaut\u0101jums par to, kura censo\u0146a v\u0101rds \u0161om\u0113nes ne tikai rot\u0101s zi\u0146u virsrakstus, bet galu gal\u0101 ar\u012b nok\u013c\u016bs jaun\u0101kaj\u0101 fran\u0161\u012bzes da\u013c\u0101.  <\/p>\n<p>Jaunas zi\u0146as par potenci\u0101liem D\u017eeimsa Bonda lomas atveidot\u0101jiem virsrakstos par\u0101d\u0101s teju katru m\u0113nesi. K\u0101 zi\u0146o \u0101rvalstu mediji, iepriek\u0161\u0113jais lomas atveidot\u0101js Daniels Kreigs bija tik tikko pasp\u0113jis pakarin\u0101t savu smokingu, kad jau par\u0101d\u012bj\u0101s zi\u0146as par Idrisu Elbu k\u0101 vi\u0146a n\u0101kamo aizst\u0101j\u0113ju. Ta\u010du, k\u0101 pats aktieris jau teicis, paties\u012bba ir t\u0101da, ka nu jau 53 gadu vecum\u0101 vi\u0146\u0161, iesp\u0113jams, ir tam p\u0101r\u0101k vecs. Tad sekoja Henrijs Kavils, Toms H\u0101rdijs, Regejs \u017dans Peid\u017es, Ri\u010dards Medens un, protams, \u0100rons Teilors-D\u017eonsons, kur\u0161 joproj\u0101m ir daudzu favor\u012bts.<\/p>\n<p>Par Teilora-D\u017eonsona kandidat\u016bru 007 amatam jau sen izskan\u0113jusi ofici\u0101li neapstiprin\u0101ta inform\u0101cija. 2024. gad\u0101 britu laikraksts &#8220;The Independent&#8221; zi\u0146oja, ka aktieris jau uzaicin\u0101ts k\u013c\u016bt par jauno D\u017eeimsu Bondu. Savuk\u0101rt p\u0113rn &#8220;The Independent&#8221; rakst\u012bja, ka sarunas starp Bonda filmu fran\u0161\u012bzes veidot\u0101jiem un \u0100ronu Teiloru-D\u017eonsonu esot nosl\u0113guma f\u0101z\u0113. <\/p>\n<p>Kam\u0113r saraksts ar potenci\u0101lo 007 v\u0101rdiem k\u013cuva gar\u0101ks un gar\u0101ks, Teiloram-D\u017eonsonam atlika vien uzslidin\u0101t uz rokas \u0160veices luksusa pulkste\u0146u ra\u017eot\u0101ju &#8220;Omega&#8221; darin\u0101jumu un, p\u0113c interneta dom\u0101m, loma atkal bija vi\u0146a kabat\u0101. Tom\u0113r joproj\u0101m nav apstiprin\u0101tas inform\u0101cijas, kas liecin\u0101tu dom\u0101t, ka tas atbilst paties\u012bbai. Lai ar\u012b &#8220;Omega&#8221; z\u012bmols ir cie\u0161i saist\u012bts ar Bonda z\u012bmolu, ofici\u0101li aktieri saista tikai sadarb\u012bba pulkste\u0146u ra\u017eot\u0101ju, ne le\u0123end\u0101ro britu spiegu fran\u0161\u012bzi.  <\/p>\n<p>Neofici\u0101l\u0101s inform\u0101cijas pl\u016bdi nerim\u0101s ar\u012b p\u0113c zi\u0146\u0101m par n\u0101kam\u0101s filmas re\u017eisora Den\u012b Viln\u0113va (Denis Villeneuve) v\u0113lmi Bonda lom\u0101 redz\u0113t l\u012bdz \u0161im nezin\u0101mu aktieri vecum\u0101 ap 30 gadiem. Vi\u0146\u0161 apstiprin\u0101ja, ka n\u0101kamais Bonda atveidot\u0101js b\u016bs v\u012brietis un brits. Lai ar\u012b Teilors-D\u017eonsons dr\u012bz\u0101k pietuvojas 40 gadu robe\u017eai un &#8220;nezin\u0101m\u0101&#8221; aktiera faktors uz vi\u0146u neattiecas, aktiera v\u0101rds nav pazudis no neofici\u0101lo kandid\u0101tu saraksta.<\/p>\n<p>Lasiet ar\u012b<\/p>\n<p><a href=\"https:\/\/www.delfi.lv\/kultura\/52862727\/screen\/120089034\/rezisors-vilnevs-velas-bonda-lomu-uzticet-nezinamam-britu-aktierim\" class=\"headline__image-link\" itemprop=\"url\" rel=\"nofollow noopener\" target=\"_blank\"><img decoding=\"async\" loading=\"lazy\" itemprop=\"image\" src=\"https:\/\/www.europesays.com\/lv\/wp-content\/uploads\/2026\/01\/13975637-a535-4945-91e4-b415825a64f9.jpg\" alt=\"Re\u017eisors Viln\u0113vs v\u0113las Bonda lomu uztic\u0113t &quot;nezin\u0101mam britu aktierim&quot; \" title=\"Re\u017eisors Viln\u0113vs v\u0113las Bonda lomu uztic\u0113t &quot;nezin\u0101mam britu aktierim&quot; \" class=\"headline__image img-fluid w-100\"\/><\/a><\/p>\n<p>Re\u017eisora izvirz\u012btie noteikumi n\u0101kamajam 007 izsl\u0113dz ar\u012b bukmeikeru izv\u0113l\u0113to D\u017eeimsu Nortonu, kura gada skaitlis r\u0101da 40. Viln\u0113va iecer\u0113to vecuma slieksni p\u0101rsniedz ar\u012b 42 gadus vecais Henrijs Kavils un Toms H\u0101rdijs, kuram ir 47. Vienlaikus aiz str\u012bpas paliek ar\u012b aktieri, kas nav britu izcelsmes, \u2013 D\u017eeikobs Elordi, Ostins Batlers, Glens Pauels, k\u0101 ar\u012b Timotejs \u0160alam\u0113.<\/p>\n<p>Internet\u0101 izskan\u0113jis ar\u012b aktiera Pola Meskala v\u0101rds, kuram \u0161obr\u012bd ir 29 gadi \u2013 Viln\u0113va ide\u0101lais vecums jaunam Bondam. Ta\u010du Meskalu par nezin\u0101mu nevar nosaukt.<\/p>\n<p>V\u0113l k\u0101ds v\u0101rds, kas p\u0113rn izskan\u0113ja saist\u012bb\u0101 ar D\u017eeimsa Bonda lomu, bija Skots Rouzs-Mar\u0161s. Tolaik tika zi\u0146ots, ka nezin\u0101mais aktieris jau test\u0113jis savus sp\u0113kus un atbilst\u012bbu lomai. Galu gal\u0101 tas izr\u0101d\u012bj\u0101s vien joks. <\/p>\n<p>Jaun\u0101k\u0101 neofici\u0101l\u0101 inform\u0101cija liecina, ka sp\u0113c\u012bgs pretendents uz lomu ir britu aktieris Kalums T\u0113rners. \u0100rzemju mediji zi\u0146o, ka no aktiera puses lomas ieguve ir teju akmen\u012b cirsta. Vai T\u0113rners b\u016bs vai neb\u016bs n\u0101kamais Bonds, skaidrs ir viens \u2013 vi\u0146\u0161 neb\u016bt neb\u016bs p\u0113d\u0113jais kandid\u0101ts, par kuru spekul\u0113s medijos. <\/p>\n<p>Lasiet ar\u012b<\/p>\n<p><a href=\"https:\/\/www.delfi.lv\/kultura\/52862727\/screen\/120067305\/vinas-majestates-slepenais-agents-producentu-kaujas-kas-notiek-ar-dzeimsa-bonda-fransizi\" class=\"headline__image-link\" itemprop=\"url\" rel=\"nofollow noopener\" target=\"_blank\"><img decoding=\"async\" loading=\"lazy\" itemprop=\"image\" src=\"https:\/\/www.europesays.com\/lv\/wp-content\/uploads\/2026\/01\/385ee670-7ce2-11ed-9b26-956c8ecb607d.jpg\" alt=\"Vi\u0146as majest\u0101tes slepenais a\u0123ents producentu kauj\u0101s \u2013 kas notiek ar D\u017eeimsa Bonda fran\u0161\u012bzi\" title=\"Vi\u0146as majest\u0101tes slepenais a\u0123ents producentu kauj\u0101s \u2013 kas notiek ar D\u017eeimsa Bonda fran\u0161\u012bzi\" class=\"headline__image img-fluid w-100\"\/><\/a><\/p>\n<p>Neofici\u0101la inform\u0101cija liecina, ka film\u0113\u0161ana var\u0113tu tikt uzs\u0101kta 2027. gad\u0101, kas noz\u012bm\u0113 tikai to, ka visi \u0161ie kandid\u0101ti k\u013c\u016bs tikai att\u0101lin\u0101sies no Viln\u0113va izlolot\u0101 Bonda vecuma. Re\u017eisors Den\u012b Viln\u0113vs jau zi\u0146ojis, ka v\u0113las Bonda mekl\u0113jumiem piev\u0113rsties p\u0113c &#8220;K\u0101pas&#8221; (&#8220;Dune&#8221;) tre\u0161\u0101s da\u013cas pabeig\u0161anas, kas noz\u012bm\u0113, ka 007 kinolentes non\u0101k\u0161ana pie skat\u012bt\u0101jiem att\u0101lin\u0101s v\u0113l par krietnu laika spr\u012bdi.<\/p>\n<p>Jau zi\u0146ots, ka &#8220;Metro-Goldwyn-Mayer&#8221; (MGM) non\u0101ca &#8220;Amazon&#8221; rok\u0101s, kad 2021. gad\u0101 ASV multimiljardierim D\u017eefam Bezosam piedero\u0161ais tehnolo\u0123iju uz\u0146\u0113mums &#8220;Amazon&#8221; to ieg\u0101d\u0101j\u0101s par 8,45 miljardiem ASV dol\u0101ru. Kop\u0161 2022. gada studija p\u0101rtapusi par &#8220;Amazon MGM&#8221;. Bonda n\u0101kotne bija migl\u0101 t\u012bta, kad \u0161\u012b gada ieska\u0146\u0101 &#8220;Eon Productions&#8221;, kas produc\u0113jis visas 25 Bonda filmas kop\u0161 1962. gada, \u012bpa\u0161nieki un ilggad\u0113jie 007 producenti Barbara Brokoli un Maikls G. Vilsons atk\u0101p\u0101s no sav\u0101m l\u012bdz\u0161in\u0113j\u0101m lom\u0101m.<\/p>\n<p class=\"sc-9a00e533-0 hxuGS\">Britu spiega D\u017eeimsa Bonda jeb britu slepen\u0101 dienesta MI6 a\u0123enta 007 t\u0113lu rad\u012bja Jans Flemings 1953. gad\u0101, kad izn\u0101ca rom\u0101ns &#8220;Kazino &#8220;Royale&#8221;. Kop\u0161 pirm\u0101s, 1962. gada ekraniz\u0101cijas, kur\u0101 galven\u0101 loma tika atv\u0113l\u0113ta \u0160onam Konerijam, D\u017eeimsa Bonda filmas k\u013cuva par glob\u0101lu fran\u0161\u012bzi un popkult\u016bras fenomenu.<\/p>\n<p class=\"m-0\">Seko &#8220;Delfi&#8221; ar\u012b  <a target=\"_blank\" href=\"https:\/\/www.instagram.com\/delfi.lv\/\" rel=\"nofollow noopener\">Instagram<\/a>  un <a target=\"_blank\" href=\"https:\/\/www.youtube.com\/channel\/UCw5foWtcJvAbUm64rv7jwUQ\" rel=\"nofollow noopener\">YouTube<\/a>  profil\u0101 \u2013 pievienojies, lai uzzin\u0101tu svar\u012bg\u0101ko un interesant\u0101ko pirmais!<\/p>\n<p>Publik\u0101cijas saturs vai t\u0101s jebk\u0101da apjoma da\u013ca ir aizsarg\u0101ts autorties\u012bbu objekts Autorties\u012bbu likuma izpratn\u0113, un t\u0101 izmanto\u0161ana bez izdev\u0113ja at\u013caujas ir aizliegta. Vair\u0101k lasi  <a target=\"_blank\" href=\"https:\/\/www.delfi.lv\/noteikumi#autortiesibas\" rel=\"nofollow noopener\">\u0161eit<\/a><script async src=\"\/\/www.instagram.com\/embed.js\"><\/script><\/p>\n","protected":false},"excerpt":{"rendered":"Kino zvaigznes, un pie viena vi\u0146u publicisti, zina, ka n\u0101kam\u0101 britu spiega D\u017eeimsa Bonda lomas ieg\u016b\u0161ana ir vienl\u012bdz&hellip;\n","protected":false},"author":2,"featured_media":106553,"comment_status":"","ping_status":"","sticky":false,"template":"","format":"standard","meta":{"footnotes":""},"categories":[19],"tags":[4999,18407,25450,3193,89,1188,90,35,39,38,36,37,34,40],"class_list":{"0":"post-106552","1":"post","2":"type-post","3":"status-publish","4":"format-standard","5":"has-post-thumbnail","7":"category-izklaide","8":"tag-amazon","9":"tag-daniels-kreigs","10":"tag-dune","11":"tag-dzeimss-bonds","12":"tag-entertainment","13":"tag-henrijs-kavils","14":"tag-izklaide","15":"tag-latvia","16":"tag-latvian","17":"tag-latviesu","18":"tag-latviesu-valoda","19":"tag-latviesuvaloda","20":"tag-latvija","21":"tag-lv"},"share_on_mastodon":{"url":"https:\/\/pubeurope.com\/@lv\/115905386471782053","error":""},"_links":{"self":[{"href":"https:\/\/www.europesays.com\/lv\/wp-json\/wp\/v2\/posts\/106552","targetHints":{"allow":["GET"]}}],"collection":[{"href":"https:\/\/www.europesays.com\/lv\/wp-json\/wp\/v2\/posts"}],"about":[{"href":"https:\/\/www.europesays.com\/lv\/wp-json\/wp\/v2\/types\/post"}],"author":[{"embeddable":true,"href":"https:\/\/www.europesays.com\/lv\/wp-json\/wp\/v2\/users\/2"}],"replies":[{"embeddable":true,"href":"https:\/\/www.europesays.com\/lv\/wp-json\/wp\/v2\/comments?post=106552"}],"version-history":[{"count":0,"href":"https:\/\/www.europesays.com\/lv\/wp-json\/wp\/v2\/posts\/106552\/revisions"}],"wp:featuredmedia":[{"embeddable":true,"href":"https:\/\/www.europesays.com\/lv\/wp-json\/wp\/v2\/media\/106553"}],"wp:attachment":[{"href":"https:\/\/www.europesays.com\/lv\/wp-json\/wp\/v2\/media?parent=106552"}],"wp:term":[{"taxonomy":"category","embeddable":true,"href":"https:\/\/www.europesays.com\/lv\/wp-json\/wp\/v2\/categories?post=106552"},{"taxonomy":"post_tag","embeddable":true,"href":"https:\/\/www.europesays.com\/lv\/wp-json\/wp\/v2\/tags?post=106552"}],"curies":[{"name":"wp","href":"https:\/\/api.w.org\/{rel}","templated":true}]}}